{"id":121,"date":"2022-11-01T09:07:45","date_gmt":"2022-11-01T08:07:45","guid":{"rendered":"https:\/\/www.markusreisen.de\/wien\/?p=121"},"modified":"2022-11-01T09:07:47","modified_gmt":"2022-11-01T08:07:47","slug":"31-10-2022-staatsoper-und-schoenbrunn","status":"publish","type":"post","link":"https:\/\/www.markusreisen.de\/wien\/2022\/11\/01\/31-10-2022-staatsoper-und-schoenbrunn\/","title":{"rendered":"31.10.2022 &#8211; Staatsoper und Sch\u00f6nbrunn"},"content":{"rendered":"\n<h2 class=\"wp-block-heading\">Wiener Staatsoper<\/h2>\n\n\n\n<p>Wie jene, die mich kennen, wissen bin ich sicher kein Opernfan. Aber die Staatsoper in Wien ist halt auch historisch und architektonisch interessant, drum habe ich eine F\u00fchrung gemacht.<\/p>\n\n\n\n<figure class=\"wp-block-image size-large\"><a href=\"https:\/\/www.markusreisen.de\/wien\/wp-content\/uploads\/sites\/17\/2022\/10\/PXL_20221031_074826573_ShiftN-scaled.jpg\"><img loading=\"lazy\" decoding=\"async\" width=\"1024\" height=\"554\" src=\"http:\/\/www.markusreisen.de\/wien\/wp-content\/uploads\/sites\/17\/2022\/10\/PXL_20221031_074826573_ShiftN-1024x554.jpg\" alt=\"\" class=\"wp-image-90\" srcset=\"https:\/\/www.markusreisen.de\/wien\/wp-content\/uploads\/sites\/17\/2022\/10\/PXL_20221031_074826573_ShiftN-1024x554.jpg 1024w, https:\/\/www.markusreisen.de\/wien\/wp-content\/uploads\/sites\/17\/2022\/10\/PXL_20221031_074826573_ShiftN-300x162.jpg 300w, https:\/\/www.markusreisen.de\/wien\/wp-content\/uploads\/sites\/17\/2022\/10\/PXL_20221031_074826573_ShiftN-768x416.jpg 768w, https:\/\/www.markusreisen.de\/wien\/wp-content\/uploads\/sites\/17\/2022\/10\/PXL_20221031_074826573_ShiftN-1536x832.jpg 1536w, https:\/\/www.markusreisen.de\/wien\/wp-content\/uploads\/sites\/17\/2022\/10\/PXL_20221031_074826573_ShiftN-2048x1109.jpg 2048w, https:\/\/www.markusreisen.de\/wien\/wp-content\/uploads\/sites\/17\/2022\/10\/PXL_20221031_074826573_ShiftN-1568x849.jpg 1568w\" sizes=\"auto, (max-width: 1024px) 100vw, 1024px\" \/><\/a><figcaption>Der Haupteingang. Das Geb\u00e4ude wurde im 19. Jahrhundert gebaut und teilweise im 2. Weltkrieg zerst\u00f6rt, der Wiederaufbau dauerte bis 1955.<\/figcaption><\/figure>\n\n\n\n<figure class=\"wp-block-image size-large\"><a href=\"https:\/\/www.markusreisen.de\/wien\/wp-content\/uploads\/sites\/17\/2022\/10\/PXL_20221031_080034999_ShiftN-scaled.jpg\"><img loading=\"lazy\" decoding=\"async\" width=\"544\" height=\"1024\" src=\"http:\/\/www.markusreisen.de\/wien\/wp-content\/uploads\/sites\/17\/2022\/10\/PXL_20221031_080034999_ShiftN-544x1024.jpg\" alt=\"\" class=\"wp-image-91\" srcset=\"https:\/\/www.markusreisen.de\/wien\/wp-content\/uploads\/sites\/17\/2022\/10\/PXL_20221031_080034999_ShiftN-544x1024.jpg 544w, https:\/\/www.markusreisen.de\/wien\/wp-content\/uploads\/sites\/17\/2022\/10\/PXL_20221031_080034999_ShiftN-159x300.jpg 159w, https:\/\/www.markusreisen.de\/wien\/wp-content\/uploads\/sites\/17\/2022\/10\/PXL_20221031_080034999_ShiftN-768x1446.jpg 768w, https:\/\/www.markusreisen.de\/wien\/wp-content\/uploads\/sites\/17\/2022\/10\/PXL_20221031_080034999_ShiftN-816x1536.jpg 816w, https:\/\/www.markusreisen.de\/wien\/wp-content\/uploads\/sites\/17\/2022\/10\/PXL_20221031_080034999_ShiftN-1088x2048.jpg 1088w, https:\/\/www.markusreisen.de\/wien\/wp-content\/uploads\/sites\/17\/2022\/10\/PXL_20221031_080034999_ShiftN-1568x2952.jpg 1568w, https:\/\/www.markusreisen.de\/wien\/wp-content\/uploads\/sites\/17\/2022\/10\/PXL_20221031_080034999_ShiftN-scaled.jpg 1360w\" sizes=\"auto, (max-width: 544px) 100vw, 544px\" \/><\/a><figcaption>Beleuchtung im Foyer<\/figcaption><\/figure>\n\n\n\n<figure class=\"wp-block-image size-large\"><a href=\"https:\/\/www.markusreisen.de\/wien\/wp-content\/uploads\/sites\/17\/2022\/10\/PXL_20221031_081722120_ShiftN-scaled.jpg\"><img loading=\"lazy\" decoding=\"async\" width=\"654\" height=\"1024\" src=\"http:\/\/www.markusreisen.de\/wien\/wp-content\/uploads\/sites\/17\/2022\/10\/PXL_20221031_081722120_ShiftN-654x1024.jpg\" alt=\"\" class=\"wp-image-94\" srcset=\"https:\/\/www.markusreisen.de\/wien\/wp-content\/uploads\/sites\/17\/2022\/10\/PXL_20221031_081722120_ShiftN-654x1024.jpg 654w, https:\/\/www.markusreisen.de\/wien\/wp-content\/uploads\/sites\/17\/2022\/10\/PXL_20221031_081722120_ShiftN-192x300.jpg 192w, https:\/\/www.markusreisen.de\/wien\/wp-content\/uploads\/sites\/17\/2022\/10\/PXL_20221031_081722120_ShiftN-768x1203.jpg 768w, https:\/\/www.markusreisen.de\/wien\/wp-content\/uploads\/sites\/17\/2022\/10\/PXL_20221031_081722120_ShiftN-981x1536.jpg 981w, https:\/\/www.markusreisen.de\/wien\/wp-content\/uploads\/sites\/17\/2022\/10\/PXL_20221031_081722120_ShiftN-1308x2048.jpg 1308w, https:\/\/www.markusreisen.de\/wien\/wp-content\/uploads\/sites\/17\/2022\/10\/PXL_20221031_081722120_ShiftN-1568x2455.jpg 1568w, https:\/\/www.markusreisen.de\/wien\/wp-content\/uploads\/sites\/17\/2022\/10\/PXL_20221031_081722120_ShiftN-scaled.jpg 1635w\" sizes=\"auto, (max-width: 654px) 100vw, 654px\" \/><\/a><figcaption>Aufgangstreppe<\/figcaption><\/figure>\n\n\n\n<figure class=\"wp-block-image size-large\"><a href=\"https:\/\/www.markusreisen.de\/wien\/wp-content\/uploads\/sites\/17\/2022\/10\/PXL_20221031_081827763-scaled.jpg\"><img loading=\"lazy\" decoding=\"async\" width=\"770\" height=\"1024\" src=\"http:\/\/www.markusreisen.de\/wien\/wp-content\/uploads\/sites\/17\/2022\/10\/PXL_20221031_081827763-770x1024.jpg\" alt=\"\" class=\"wp-image-96\" srcset=\"https:\/\/www.markusreisen.de\/wien\/wp-content\/uploads\/sites\/17\/2022\/10\/PXL_20221031_081827763-770x1024.jpg 770w, https:\/\/www.markusreisen.de\/wien\/wp-content\/uploads\/sites\/17\/2022\/10\/PXL_20221031_081827763-226x300.jpg 226w, https:\/\/www.markusreisen.de\/wien\/wp-content\/uploads\/sites\/17\/2022\/10\/PXL_20221031_081827763-768x1021.jpg 768w, https:\/\/www.markusreisen.de\/wien\/wp-content\/uploads\/sites\/17\/2022\/10\/PXL_20221031_081827763-1155x1536.jpg 1155w, https:\/\/www.markusreisen.de\/wien\/wp-content\/uploads\/sites\/17\/2022\/10\/PXL_20221031_081827763-1540x2048.jpg 1540w, https:\/\/www.markusreisen.de\/wien\/wp-content\/uploads\/sites\/17\/2022\/10\/PXL_20221031_081827763-1568x2085.jpg 1568w, https:\/\/www.markusreisen.de\/wien\/wp-content\/uploads\/sites\/17\/2022\/10\/PXL_20221031_081827763-scaled.jpg 1925w\" sizes=\"auto, (max-width: 770px) 100vw, 770px\" \/><\/a><figcaption>Dann einmal um die Ecke<\/figcaption><\/figure>\n\n\n\n<figure class=\"wp-block-image size-large\"><a href=\"https:\/\/www.markusreisen.de\/wien\/wp-content\/uploads\/sites\/17\/2022\/10\/PXL_20221031_081808418_ShiftN.jpg\"><img loading=\"lazy\" decoding=\"async\" width=\"1024\" height=\"1019\" src=\"http:\/\/www.markusreisen.de\/wien\/wp-content\/uploads\/sites\/17\/2022\/10\/PXL_20221031_081808418_ShiftN-1024x1019.jpg\" alt=\"\" class=\"wp-image-95\" srcset=\"https:\/\/www.markusreisen.de\/wien\/wp-content\/uploads\/sites\/17\/2022\/10\/PXL_20221031_081808418_ShiftN-1024x1019.jpg 1024w, https:\/\/www.markusreisen.de\/wien\/wp-content\/uploads\/sites\/17\/2022\/10\/PXL_20221031_081808418_ShiftN-300x300.jpg 300w, https:\/\/www.markusreisen.de\/wien\/wp-content\/uploads\/sites\/17\/2022\/10\/PXL_20221031_081808418_ShiftN-150x150.jpg 150w, https:\/\/www.markusreisen.de\/wien\/wp-content\/uploads\/sites\/17\/2022\/10\/PXL_20221031_081808418_ShiftN-768x764.jpg 768w, https:\/\/www.markusreisen.de\/wien\/wp-content\/uploads\/sites\/17\/2022\/10\/PXL_20221031_081808418_ShiftN-1536x1529.jpg 1536w, https:\/\/www.markusreisen.de\/wien\/wp-content\/uploads\/sites\/17\/2022\/10\/PXL_20221031_081808418_ShiftN-2048x2038.jpg 2048w, https:\/\/www.markusreisen.de\/wien\/wp-content\/uploads\/sites\/17\/2022\/10\/PXL_20221031_081808418_ShiftN-1568x1561.jpg 1568w\" sizes=\"auto, (max-width: 1024px) 100vw, 1024px\" \/><\/a><figcaption>Deko im Treppenhaus<\/figcaption><\/figure>\n\n\n\n<figure class=\"wp-block-image size-large\"><a href=\"https:\/\/www.markusreisen.de\/wien\/wp-content\/uploads\/sites\/17\/2022\/10\/PXL_20221031_082058157_ShiftN-scaled.jpg\"><img loading=\"lazy\" decoding=\"async\" width=\"1024\" height=\"793\" src=\"http:\/\/www.markusreisen.de\/wien\/wp-content\/uploads\/sites\/17\/2022\/10\/PXL_20221031_082058157_ShiftN-1024x793.jpg\" alt=\"\" class=\"wp-image-97\" srcset=\"https:\/\/www.markusreisen.de\/wien\/wp-content\/uploads\/sites\/17\/2022\/10\/PXL_20221031_082058157_ShiftN-1024x793.jpg 1024w, https:\/\/www.markusreisen.de\/wien\/wp-content\/uploads\/sites\/17\/2022\/10\/PXL_20221031_082058157_ShiftN-300x232.jpg 300w, https:\/\/www.markusreisen.de\/wien\/wp-content\/uploads\/sites\/17\/2022\/10\/PXL_20221031_082058157_ShiftN-768x595.jpg 768w, https:\/\/www.markusreisen.de\/wien\/wp-content\/uploads\/sites\/17\/2022\/10\/PXL_20221031_082058157_ShiftN-1536x1190.jpg 1536w, https:\/\/www.markusreisen.de\/wien\/wp-content\/uploads\/sites\/17\/2022\/10\/PXL_20221031_082058157_ShiftN-2048x1586.jpg 2048w, https:\/\/www.markusreisen.de\/wien\/wp-content\/uploads\/sites\/17\/2022\/10\/PXL_20221031_082058157_ShiftN-1568x1214.jpg 1568w\" sizes=\"auto, (max-width: 1024px) 100vw, 1024px\" \/><\/a><figcaption>Der &#8222;Teesalon&#8220; &#8211; eigentlich der Pausenraum von Franz-Joseph I. Da verbrachte er die meiste Zeit w\u00e4hrend der Vorstellungen, er machte sich aus Opern n\u00e4mlich nichts.<\/figcaption><\/figure>\n\n\n\n<figure class=\"wp-block-image size-large\"><a href=\"https:\/\/www.markusreisen.de\/wien\/wp-content\/uploads\/sites\/17\/2022\/10\/PXL_20221031_080615408-scaled.jpg\"><img loading=\"lazy\" decoding=\"async\" width=\"1024\" height=\"770\" src=\"http:\/\/www.markusreisen.de\/wien\/wp-content\/uploads\/sites\/17\/2022\/10\/PXL_20221031_080615408-1024x770.jpg\" alt=\"\" class=\"wp-image-92\" srcset=\"https:\/\/www.markusreisen.de\/wien\/wp-content\/uploads\/sites\/17\/2022\/10\/PXL_20221031_080615408-1024x770.jpg 1024w, https:\/\/www.markusreisen.de\/wien\/wp-content\/uploads\/sites\/17\/2022\/10\/PXL_20221031_080615408-300x226.jpg 300w, https:\/\/www.markusreisen.de\/wien\/wp-content\/uploads\/sites\/17\/2022\/10\/PXL_20221031_080615408-768x578.jpg 768w, https:\/\/www.markusreisen.de\/wien\/wp-content\/uploads\/sites\/17\/2022\/10\/PXL_20221031_080615408-1536x1155.jpg 1536w, https:\/\/www.markusreisen.de\/wien\/wp-content\/uploads\/sites\/17\/2022\/10\/PXL_20221031_080615408-2048x1541.jpg 2048w, https:\/\/www.markusreisen.de\/wien\/wp-content\/uploads\/sites\/17\/2022\/10\/PXL_20221031_080615408-1568x1180.jpg 1568w\" sizes=\"auto, (max-width: 1024px) 100vw, 1024px\" \/><\/a><figcaption>Der Zuschauerraum von der B\u00fchne aus gesehen. Die Mittelloge war urspr\u00fcnglich mal die Kaiserloge.<\/figcaption><\/figure>\n\n\n\n<figure class=\"wp-block-image size-large\"><a href=\"https:\/\/www.markusreisen.de\/wien\/wp-content\/uploads\/sites\/17\/2022\/10\/PXL_20221031_080706508-scaled.jpg\"><img loading=\"lazy\" decoding=\"async\" width=\"1024\" height=\"770\" src=\"http:\/\/www.markusreisen.de\/wien\/wp-content\/uploads\/sites\/17\/2022\/10\/PXL_20221031_080706508-1024x770.jpg\" alt=\"\" class=\"wp-image-93\" srcset=\"https:\/\/www.markusreisen.de\/wien\/wp-content\/uploads\/sites\/17\/2022\/10\/PXL_20221031_080706508-1024x770.jpg 1024w, https:\/\/www.markusreisen.de\/wien\/wp-content\/uploads\/sites\/17\/2022\/10\/PXL_20221031_080706508-300x226.jpg 300w, https:\/\/www.markusreisen.de\/wien\/wp-content\/uploads\/sites\/17\/2022\/10\/PXL_20221031_080706508-768x578.jpg 768w, https:\/\/www.markusreisen.de\/wien\/wp-content\/uploads\/sites\/17\/2022\/10\/PXL_20221031_080706508-1536x1155.jpg 1536w, https:\/\/www.markusreisen.de\/wien\/wp-content\/uploads\/sites\/17\/2022\/10\/PXL_20221031_080706508-2048x1541.jpg 2048w, https:\/\/www.markusreisen.de\/wien\/wp-content\/uploads\/sites\/17\/2022\/10\/PXL_20221031_080706508-1568x1180.jpg 1568w\" sizes=\"auto, (max-width: 1024px) 100vw, 1024px\" \/><\/a><figcaption>Blick zu Decke<\/figcaption><\/figure>\n\n\n\n<figure class=\"wp-block-image size-large\"><a href=\"https:\/\/www.markusreisen.de\/wien\/wp-content\/uploads\/sites\/17\/2022\/10\/PXL_20221031_082334774_ShiftN-scaled.jpg\"><img loading=\"lazy\" decoding=\"async\" width=\"1024\" height=\"772\" src=\"http:\/\/www.markusreisen.de\/wien\/wp-content\/uploads\/sites\/17\/2022\/10\/PXL_20221031_082334774_ShiftN-1024x772.jpg\" alt=\"\" class=\"wp-image-98\" srcset=\"https:\/\/www.markusreisen.de\/wien\/wp-content\/uploads\/sites\/17\/2022\/10\/PXL_20221031_082334774_ShiftN-1024x772.jpg 1024w, https:\/\/www.markusreisen.de\/wien\/wp-content\/uploads\/sites\/17\/2022\/10\/PXL_20221031_082334774_ShiftN-300x226.jpg 300w, https:\/\/www.markusreisen.de\/wien\/wp-content\/uploads\/sites\/17\/2022\/10\/PXL_20221031_082334774_ShiftN-768x579.jpg 768w, https:\/\/www.markusreisen.de\/wien\/wp-content\/uploads\/sites\/17\/2022\/10\/PXL_20221031_082334774_ShiftN-1536x1158.jpg 1536w, https:\/\/www.markusreisen.de\/wien\/wp-content\/uploads\/sites\/17\/2022\/10\/PXL_20221031_082334774_ShiftN-2048x1544.jpg 2048w, https:\/\/www.markusreisen.de\/wien\/wp-content\/uploads\/sites\/17\/2022\/10\/PXL_20221031_082334774_ShiftN-1568x1182.jpg 1568w\" sizes=\"auto, (max-width: 1024px) 100vw, 1024px\" \/><\/a><figcaption>Blick zur B\u00fchne. Die wird jeden Tag umgebaut, weil in der Wiener Staatsoper nie dasselbe St\u00fcck an zwei Tagen hintereinander gespielt wird.<\/figcaption><\/figure>\n\n\n\n<figure class=\"wp-block-image size-large\"><a href=\"https:\/\/www.markusreisen.de\/wien\/wp-content\/uploads\/sites\/17\/2022\/10\/PXL_20221031_082536528_ShiftN-scaled.jpg\"><img loading=\"lazy\" decoding=\"async\" width=\"1024\" height=\"785\" src=\"http:\/\/www.markusreisen.de\/wien\/wp-content\/uploads\/sites\/17\/2022\/10\/PXL_20221031_082536528_ShiftN-1024x785.jpg\" alt=\"\" class=\"wp-image-99\" srcset=\"https:\/\/www.markusreisen.de\/wien\/wp-content\/uploads\/sites\/17\/2022\/10\/PXL_20221031_082536528_ShiftN-1024x785.jpg 1024w, https:\/\/www.markusreisen.de\/wien\/wp-content\/uploads\/sites\/17\/2022\/10\/PXL_20221031_082536528_ShiftN-300x230.jpg 300w, https:\/\/www.markusreisen.de\/wien\/wp-content\/uploads\/sites\/17\/2022\/10\/PXL_20221031_082536528_ShiftN-768x589.jpg 768w, https:\/\/www.markusreisen.de\/wien\/wp-content\/uploads\/sites\/17\/2022\/10\/PXL_20221031_082536528_ShiftN-1536x1178.jpg 1536w, https:\/\/www.markusreisen.de\/wien\/wp-content\/uploads\/sites\/17\/2022\/10\/PXL_20221031_082536528_ShiftN-2048x1571.jpg 2048w, https:\/\/www.markusreisen.de\/wien\/wp-content\/uploads\/sites\/17\/2022\/10\/PXL_20221031_082536528_ShiftN-1568x1203.jpg 1568w\" sizes=\"auto, (max-width: 1024px) 100vw, 1024px\" \/><\/a><figcaption>Hier wird gerade der Vorhang getestet.<\/figcaption><\/figure>\n\n\n\n<figure class=\"wp-block-image size-large\"><a href=\"https:\/\/www.markusreisen.de\/wien\/wp-content\/uploads\/sites\/17\/2022\/10\/PXL_20221031_083240266_ShiftN-scaled.jpg\"><img loading=\"lazy\" decoding=\"async\" width=\"1024\" height=\"765\" src=\"http:\/\/www.markusreisen.de\/wien\/wp-content\/uploads\/sites\/17\/2022\/10\/PXL_20221031_083240266_ShiftN-1024x765.jpg\" alt=\"\" class=\"wp-image-100\" srcset=\"https:\/\/www.markusreisen.de\/wien\/wp-content\/uploads\/sites\/17\/2022\/10\/PXL_20221031_083240266_ShiftN-1024x765.jpg 1024w, https:\/\/www.markusreisen.de\/wien\/wp-content\/uploads\/sites\/17\/2022\/10\/PXL_20221031_083240266_ShiftN-300x224.jpg 300w, https:\/\/www.markusreisen.de\/wien\/wp-content\/uploads\/sites\/17\/2022\/10\/PXL_20221031_083240266_ShiftN-768x574.jpg 768w, https:\/\/www.markusreisen.de\/wien\/wp-content\/uploads\/sites\/17\/2022\/10\/PXL_20221031_083240266_ShiftN-1536x1147.jpg 1536w, https:\/\/www.markusreisen.de\/wien\/wp-content\/uploads\/sites\/17\/2022\/10\/PXL_20221031_083240266_ShiftN-2048x1529.jpg 2048w, https:\/\/www.markusreisen.de\/wien\/wp-content\/uploads\/sites\/17\/2022\/10\/PXL_20221031_083240266_ShiftN-1568x1171.jpg 1568w\" sizes=\"auto, (max-width: 1024px) 100vw, 1024px\" \/><\/a><figcaption>Ein Pausenraum, urspr\u00fcnglich das Apartment des Direktors. Urspr\u00fcnglich brauchte man keine Pausenr\u00e4ume, es gab keine Pausen und die Zuschauer a\u00dfen, tranken und redeten w\u00e4hrend der Vorstellung, die mehr Background f\u00fcr das gesellschaftliche Sehen und Gesehen Werden war. Gustav Mahler \u00e4nderte das als Operndirektor, aber dann braucht man eben auch Pausen und Pausenr\u00e4ume und so wurde das Direktorenapartment umgewandelt. <\/figcaption><\/figure>\n\n\n\n<figure class=\"wp-block-image size-large\"><a href=\"https:\/\/www.markusreisen.de\/wien\/wp-content\/uploads\/sites\/17\/2022\/10\/PXL_20221031_083627713_ShiftN-scaled.jpg\"><img loading=\"lazy\" decoding=\"async\" width=\"1024\" height=\"835\" src=\"http:\/\/www.markusreisen.de\/wien\/wp-content\/uploads\/sites\/17\/2022\/10\/PXL_20221031_083627713_ShiftN-1024x835.jpg\" alt=\"\" class=\"wp-image-101\" srcset=\"https:\/\/www.markusreisen.de\/wien\/wp-content\/uploads\/sites\/17\/2022\/10\/PXL_20221031_083627713_ShiftN-1024x835.jpg 1024w, https:\/\/www.markusreisen.de\/wien\/wp-content\/uploads\/sites\/17\/2022\/10\/PXL_20221031_083627713_ShiftN-300x245.jpg 300w, https:\/\/www.markusreisen.de\/wien\/wp-content\/uploads\/sites\/17\/2022\/10\/PXL_20221031_083627713_ShiftN-768x626.jpg 768w, https:\/\/www.markusreisen.de\/wien\/wp-content\/uploads\/sites\/17\/2022\/10\/PXL_20221031_083627713_ShiftN-1536x1253.jpg 1536w, https:\/\/www.markusreisen.de\/wien\/wp-content\/uploads\/sites\/17\/2022\/10\/PXL_20221031_083627713_ShiftN-2048x1670.jpg 2048w, https:\/\/www.markusreisen.de\/wien\/wp-content\/uploads\/sites\/17\/2022\/10\/PXL_20221031_083627713_ShiftN-1568x1279.jpg 1568w\" sizes=\"auto, (max-width: 1024px) 100vw, 1024px\" \/><\/a><figcaption>Noch ein Pausenraum<\/figcaption><\/figure>\n\n\n\n<h3 class=\"wp-block-heading\">Sch\u00f6nbrunn<\/h3>\n\n\n\n<p>Die Sommerresidenz der Habsburger. Urspr\u00fcnglich nur eine kleine Burganlage, die aber von den T\u00fcrken zerst\u00f6rt wurde. Dann ein Jagdschl\u00f6sschen und letztlich baute Maria Theresia Mitte des 18. Jahrhunderts Sch\u00f6nbrunn zum Sommersitz der Habsburger aus.<\/p>\n\n\n\n<figure class=\"wp-block-image size-large\"><a href=\"https:\/\/www.markusreisen.de\/wien\/wp-content\/uploads\/sites\/17\/2022\/10\/PXL_20221031_091149807_ShiftN-scaled.jpg\"><img loading=\"lazy\" decoding=\"async\" width=\"1024\" height=\"411\" src=\"http:\/\/www.markusreisen.de\/wien\/wp-content\/uploads\/sites\/17\/2022\/10\/PXL_20221031_091149807_ShiftN-1024x411.jpg\" alt=\"\" class=\"wp-image-102\" srcset=\"https:\/\/www.markusreisen.de\/wien\/wp-content\/uploads\/sites\/17\/2022\/10\/PXL_20221031_091149807_ShiftN-1024x411.jpg 1024w, https:\/\/www.markusreisen.de\/wien\/wp-content\/uploads\/sites\/17\/2022\/10\/PXL_20221031_091149807_ShiftN-300x121.jpg 300w, https:\/\/www.markusreisen.de\/wien\/wp-content\/uploads\/sites\/17\/2022\/10\/PXL_20221031_091149807_ShiftN-768x309.jpg 768w, https:\/\/www.markusreisen.de\/wien\/wp-content\/uploads\/sites\/17\/2022\/10\/PXL_20221031_091149807_ShiftN-1536x617.jpg 1536w, https:\/\/www.markusreisen.de\/wien\/wp-content\/uploads\/sites\/17\/2022\/10\/PXL_20221031_091149807_ShiftN-2048x823.jpg 2048w, https:\/\/www.markusreisen.de\/wien\/wp-content\/uploads\/sites\/17\/2022\/10\/PXL_20221031_091149807_ShiftN-1568x630.jpg 1568w\" sizes=\"auto, (max-width: 1024px) 100vw, 1024px\" \/><\/a><figcaption>Nat\u00fcrlich versuchte man, gegen Versailles anzustinken, aber daf\u00fcr war der Geldbeutel der Habsburger einfach nicht gro\u00df genug.<\/figcaption><\/figure>\n\n\n\n<figure class=\"wp-block-image size-large\"><a href=\"https:\/\/www.markusreisen.de\/wien\/wp-content\/uploads\/sites\/17\/2022\/10\/PXL_20221031_094213599_ShiftN.jpg\"><img loading=\"lazy\" decoding=\"async\" width=\"1024\" height=\"532\" src=\"http:\/\/www.markusreisen.de\/wien\/wp-content\/uploads\/sites\/17\/2022\/10\/PXL_20221031_094213599_ShiftN-1024x532.jpg\" alt=\"\" class=\"wp-image-106\" srcset=\"https:\/\/www.markusreisen.de\/wien\/wp-content\/uploads\/sites\/17\/2022\/10\/PXL_20221031_094213599_ShiftN-1024x532.jpg 1024w, https:\/\/www.markusreisen.de\/wien\/wp-content\/uploads\/sites\/17\/2022\/10\/PXL_20221031_094213599_ShiftN-300x156.jpg 300w, https:\/\/www.markusreisen.de\/wien\/wp-content\/uploads\/sites\/17\/2022\/10\/PXL_20221031_094213599_ShiftN-768x399.jpg 768w, https:\/\/www.markusreisen.de\/wien\/wp-content\/uploads\/sites\/17\/2022\/10\/PXL_20221031_094213599_ShiftN-1536x798.jpg 1536w, https:\/\/www.markusreisen.de\/wien\/wp-content\/uploads\/sites\/17\/2022\/10\/PXL_20221031_094213599_ShiftN-1568x814.jpg 1568w, https:\/\/www.markusreisen.de\/wien\/wp-content\/uploads\/sites\/17\/2022\/10\/PXL_20221031_094213599_ShiftN.jpg 1989w\" sizes=\"auto, (max-width: 1024px) 100vw, 1024px\" \/><\/a><figcaption>Ansicht von hinten.<\/figcaption><\/figure>\n\n\n\n<figure class=\"wp-block-image size-large\"><a href=\"https:\/\/www.markusreisen.de\/wien\/wp-content\/uploads\/sites\/17\/2022\/10\/PXL_20221031_092729917_ShiftN.jpg\"><img loading=\"lazy\" decoding=\"async\" width=\"1024\" height=\"780\" src=\"http:\/\/www.markusreisen.de\/wien\/wp-content\/uploads\/sites\/17\/2022\/10\/PXL_20221031_092729917_ShiftN-1024x780.jpg\" alt=\"\" class=\"wp-image-103\" srcset=\"https:\/\/www.markusreisen.de\/wien\/wp-content\/uploads\/sites\/17\/2022\/10\/PXL_20221031_092729917_ShiftN-1024x780.jpg 1024w, https:\/\/www.markusreisen.de\/wien\/wp-content\/uploads\/sites\/17\/2022\/10\/PXL_20221031_092729917_ShiftN-300x229.jpg 300w, https:\/\/www.markusreisen.de\/wien\/wp-content\/uploads\/sites\/17\/2022\/10\/PXL_20221031_092729917_ShiftN-768x585.jpg 768w, https:\/\/www.markusreisen.de\/wien\/wp-content\/uploads\/sites\/17\/2022\/10\/PXL_20221031_092729917_ShiftN-1536x1170.jpg 1536w, https:\/\/www.markusreisen.de\/wien\/wp-content\/uploads\/sites\/17\/2022\/10\/PXL_20221031_092729917_ShiftN-1568x1195.jpg 1568w, https:\/\/www.markusreisen.de\/wien\/wp-content\/uploads\/sites\/17\/2022\/10\/PXL_20221031_092729917_ShiftN.jpg 1982w\" sizes=\"auto, (max-width: 1024px) 100vw, 1024px\" \/><\/a><figcaption>Daf\u00fcr gibt es h\u00fcbsche Gartenanlagen.<\/figcaption><\/figure>\n\n\n\n<figure class=\"wp-block-image size-large\"><a href=\"https:\/\/www.markusreisen.de\/wien\/wp-content\/uploads\/sites\/17\/2022\/10\/PXL_20221031_093612929_ShiftN-scaled.jpg\"><img loading=\"lazy\" decoding=\"async\" width=\"1024\" height=\"648\" src=\"http:\/\/www.markusreisen.de\/wien\/wp-content\/uploads\/sites\/17\/2022\/10\/PXL_20221031_093612929_ShiftN-1024x648.jpg\" alt=\"\" class=\"wp-image-105\" srcset=\"https:\/\/www.markusreisen.de\/wien\/wp-content\/uploads\/sites\/17\/2022\/10\/PXL_20221031_093612929_ShiftN-1024x648.jpg 1024w, https:\/\/www.markusreisen.de\/wien\/wp-content\/uploads\/sites\/17\/2022\/10\/PXL_20221031_093612929_ShiftN-300x190.jpg 300w, https:\/\/www.markusreisen.de\/wien\/wp-content\/uploads\/sites\/17\/2022\/10\/PXL_20221031_093612929_ShiftN-768x486.jpg 768w, https:\/\/www.markusreisen.de\/wien\/wp-content\/uploads\/sites\/17\/2022\/10\/PXL_20221031_093612929_ShiftN-1536x972.jpg 1536w, https:\/\/www.markusreisen.de\/wien\/wp-content\/uploads\/sites\/17\/2022\/10\/PXL_20221031_093612929_ShiftN-2048x1296.jpg 2048w, https:\/\/www.markusreisen.de\/wien\/wp-content\/uploads\/sites\/17\/2022\/10\/PXL_20221031_093612929_ShiftN-1568x993.jpg 1568w\" sizes=\"auto, (max-width: 1024px) 100vw, 1024px\" \/><\/a><figcaption>Mit seltsamen Bauten, wie es sich f\u00fcr ein royales Disneyland geh\u00f6rt. Hier die &#8222;r\u00f6mische Ruine&#8220; &#8211; nat\u00fcrlich total unecht.<\/figcaption><\/figure>\n\n\n\n<figure class=\"wp-block-image size-large\"><a href=\"https:\/\/www.markusreisen.de\/wien\/wp-content\/uploads\/sites\/17\/2022\/10\/PXL_20221031_093128830_ShiftN-scaled.jpg\"><img loading=\"lazy\" decoding=\"async\" width=\"1024\" height=\"647\" src=\"http:\/\/www.markusreisen.de\/wien\/wp-content\/uploads\/sites\/17\/2022\/10\/PXL_20221031_093128830_ShiftN-1024x647.jpg\" alt=\"\" class=\"wp-image-104\" srcset=\"https:\/\/www.markusreisen.de\/wien\/wp-content\/uploads\/sites\/17\/2022\/10\/PXL_20221031_093128830_ShiftN-1024x647.jpg 1024w, https:\/\/www.markusreisen.de\/wien\/wp-content\/uploads\/sites\/17\/2022\/10\/PXL_20221031_093128830_ShiftN-300x190.jpg 300w, https:\/\/www.markusreisen.de\/wien\/wp-content\/uploads\/sites\/17\/2022\/10\/PXL_20221031_093128830_ShiftN-768x485.jpg 768w, https:\/\/www.markusreisen.de\/wien\/wp-content\/uploads\/sites\/17\/2022\/10\/PXL_20221031_093128830_ShiftN-1536x970.jpg 1536w, https:\/\/www.markusreisen.de\/wien\/wp-content\/uploads\/sites\/17\/2022\/10\/PXL_20221031_093128830_ShiftN-2048x1294.jpg 2048w, https:\/\/www.markusreisen.de\/wien\/wp-content\/uploads\/sites\/17\/2022\/10\/PXL_20221031_093128830_ShiftN-1568x990.jpg 1568w\" sizes=\"auto, (max-width: 1024px) 100vw, 1024px\" \/><\/a><figcaption>Oder hier der Obeliskenbrunnen. Vergr\u00f6\u00dfert mal das Bild, dann seht ihr, dass der Obelisk von vier Schildkr\u00f6ten getragen wird. Wer h\u00e4tte gedacht, dass schon Maria Theresia Fan von Terry Pratchett war?<\/figcaption><\/figure>\n\n\n\n<p>Nat\u00fcrlich habe ich auch die Innenr\u00e4ume besichtigt, aber da durfte man nicht fotografieren. Rangiert von sehr prunkreich (Gro\u00dfe Galerie und Millionenzimmer) bis total spartanisch (Arbeits- und Wohnr\u00e4ume von Franz-Joseph).<\/p>\n\n\n\n<p>Der Wienaufenthalt n\u00e4hert sich dem Ende. Es folgt noch ein kleiner Nachtrag.<\/p>\n","protected":false},"excerpt":{"rendered":"<p>Wiener Staatsoper Wie jene, die mich kennen, wissen bin ich sicher kein Opernfan. Aber die Staatsoper in Wien ist halt auch historisch und architektonisch interessant, drum habe ich eine F\u00fchrung gemacht. Sch\u00f6nbrunn Die Sommerresidenz der Habsburger. Urspr\u00fcnglich nur eine kleine Burganlage, die aber von den T\u00fcrken zerst\u00f6rt wurde. Dann ein Jagdschl\u00f6sschen und letztlich baute Maria&hellip; <a class=\"more-link\" href=\"https:\/\/www.markusreisen.de\/wien\/2022\/11\/01\/31-10-2022-staatsoper-und-schoenbrunn\/\"><span class=\"screen-reader-text\">31.10.2022 &#8211; Staatsoper und Sch\u00f6nbrunn<\/span> weiterlesen<\/a><\/p>\n","protected":false},"author":1,"featured_media":0,"comment_status":"open","ping_status":"open","sticky":false,"template":"","format":"standard","meta":{"footnotes":""},"categories":[1],"tags":[],"class_list":["post-121","post","type-post","status-publish","format-standard","hentry","category-allgemein","entry"],"_links":{"self":[{"href":"https:\/\/www.markusreisen.de\/wien\/wp-json\/wp\/v2\/posts\/121","targetHints":{"allow":["GET"]}}],"collection":[{"href":"https:\/\/www.markusreisen.de\/wien\/wp-json\/wp\/v2\/posts"}],"about":[{"href":"https:\/\/www.markusreisen.de\/wien\/wp-json\/wp\/v2\/types\/post"}],"author":[{"embeddable":true,"href":"https:\/\/www.markusreisen.de\/wien\/wp-json\/wp\/v2\/users\/1"}],"replies":[{"embeddable":true,"href":"https:\/\/www.markusreisen.de\/wien\/wp-json\/wp\/v2\/comments?post=121"}],"version-history":[{"count":1,"href":"https:\/\/www.markusreisen.de\/wien\/wp-json\/wp\/v2\/posts\/121\/revisions"}],"predecessor-version":[{"id":122,"href":"https:\/\/www.markusreisen.de\/wien\/wp-json\/wp\/v2\/posts\/121\/revisions\/122"}],"wp:attachment":[{"href":"https:\/\/www.markusreisen.de\/wien\/wp-json\/wp\/v2\/media?parent=121"}],"wp:term":[{"taxonomy":"category","embeddable":true,"href":"https:\/\/www.markusreisen.de\/wien\/wp-json\/wp\/v2\/categories?post=121"},{"taxonomy":"post_tag","embeddable":true,"href":"https:\/\/www.markusreisen.de\/wien\/wp-json\/wp\/v2\/tags?post=121"}],"curies":[{"name":"wp","href":"https:\/\/api.w.org\/{rel}","templated":true}]}}