{"id":347,"date":"2025-08-17T10:35:24","date_gmt":"2025-08-17T08:35:24","guid":{"rendered":"https:\/\/www.markusreisen.de\/prag\/?p=347"},"modified":"2025-08-17T11:15:30","modified_gmt":"2025-08-17T09:15:30","slug":"august-2025-bayerisch-eisenstein-und-prag","status":"publish","type":"post","link":"https:\/\/www.markusreisen.de\/prag\/2025\/08\/17\/august-2025-bayerisch-eisenstein-und-prag\/","title":{"rendered":"August 2025 &#8211; Bayerisch Eisenstein und Prag"},"content":{"rendered":"\n<h2 class=\"wp-block-heading\">14.-17.08.2025<\/h2>\n\n\n\n<p>Mittlerweile ist es mir zur lieben Gewohnheit geworden, um Maria Himmelfahrt ein paar Tage in Prag auszuspannen. Da ich am Vortag noch arbeiten musste, aber m\u00f6glichst am fr\u00fchen Abend noch in Prag sein wollte, legte ich einen Zwischenstopp zum mobilen Arbeiten in Bayerisch Eisenstein ein. <\/p>\n\n\n\n<h2 class=\"wp-block-heading\">Bayerisch Eisenstein<\/h2>\n\n\n\n<p>Das ist ein winziger Grenzort direkt an der tschechischen Grenze. Das Highlight ist der doppelte Bahnhof: Bayerisch Eisenstein auf der einen, \u017delezn\u00e1 Ruda auf der anderen Seite. Hier ein paar Eindr\u00fccke:<\/p>\n\n\n\n<figure class=\"wp-block-gallery has-nested-images columns-1 is-cropped wp-block-gallery-1 is-layout-flex wp-block-gallery-is-layout-flex\">\n<figure class=\"wp-block-image size-large\"><a href=\"https:\/\/www.markusreisen.de\/prag\/wp-content\/uploads\/sites\/16\/2025\/08\/DSC00355-scaled.jpg\"><img loading=\"lazy\" decoding=\"async\" width=\"1024\" height=\"683\" data-id=\"289\" src=\"https:\/\/www.markusreisen.de\/prag\/wp-content\/uploads\/sites\/16\/2025\/08\/DSC00355-1024x683.jpg\" alt=\"\" class=\"wp-image-289\" srcset=\"https:\/\/www.markusreisen.de\/prag\/wp-content\/uploads\/sites\/16\/2025\/08\/DSC00355-1024x683.jpg 1024w, https:\/\/www.markusreisen.de\/prag\/wp-content\/uploads\/sites\/16\/2025\/08\/DSC00355-300x200.jpg 300w, https:\/\/www.markusreisen.de\/prag\/wp-content\/uploads\/sites\/16\/2025\/08\/DSC00355-768x512.jpg 768w, https:\/\/www.markusreisen.de\/prag\/wp-content\/uploads\/sites\/16\/2025\/08\/DSC00355-1536x1024.jpg 1536w, https:\/\/www.markusreisen.de\/prag\/wp-content\/uploads\/sites\/16\/2025\/08\/DSC00355-2048x1365.jpg 2048w, https:\/\/www.markusreisen.de\/prag\/wp-content\/uploads\/sites\/16\/2025\/08\/DSC00355-1568x1045.jpg 1568w\" sizes=\"auto, (max-width: 1024px) 100vw, 1024px\" \/><\/a><\/figure>\n\n\n\n<figure class=\"wp-block-image size-large\"><a href=\"https:\/\/www.markusreisen.de\/prag\/wp-content\/uploads\/sites\/16\/2025\/08\/DSC00352-scaled.jpg\"><img loading=\"lazy\" decoding=\"async\" width=\"1024\" height=\"683\" data-id=\"288\" src=\"https:\/\/www.markusreisen.de\/prag\/wp-content\/uploads\/sites\/16\/2025\/08\/DSC00352-1024x683.jpg\" alt=\"\" class=\"wp-image-288\" srcset=\"https:\/\/www.markusreisen.de\/prag\/wp-content\/uploads\/sites\/16\/2025\/08\/DSC00352-1024x683.jpg 1024w, https:\/\/www.markusreisen.de\/prag\/wp-content\/uploads\/sites\/16\/2025\/08\/DSC00352-300x200.jpg 300w, https:\/\/www.markusreisen.de\/prag\/wp-content\/uploads\/sites\/16\/2025\/08\/DSC00352-768x512.jpg 768w, https:\/\/www.markusreisen.de\/prag\/wp-content\/uploads\/sites\/16\/2025\/08\/DSC00352-1536x1024.jpg 1536w, https:\/\/www.markusreisen.de\/prag\/wp-content\/uploads\/sites\/16\/2025\/08\/DSC00352-2048x1365.jpg 2048w, https:\/\/www.markusreisen.de\/prag\/wp-content\/uploads\/sites\/16\/2025\/08\/DSC00352-1568x1045.jpg 1568w\" sizes=\"auto, (max-width: 1024px) 100vw, 1024px\" \/><\/a><\/figure>\n\n\n\n<figure class=\"wp-block-image size-large\"><a href=\"https:\/\/www.markusreisen.de\/prag\/wp-content\/uploads\/sites\/16\/2025\/08\/DSC00350-scaled.jpg\"><img loading=\"lazy\" decoding=\"async\" width=\"1024\" height=\"683\" data-id=\"287\" src=\"https:\/\/www.markusreisen.de\/prag\/wp-content\/uploads\/sites\/16\/2025\/08\/DSC00350-1024x683.jpg\" alt=\"\" class=\"wp-image-287\" srcset=\"https:\/\/www.markusreisen.de\/prag\/wp-content\/uploads\/sites\/16\/2025\/08\/DSC00350-1024x683.jpg 1024w, https:\/\/www.markusreisen.de\/prag\/wp-content\/uploads\/sites\/16\/2025\/08\/DSC00350-300x200.jpg 300w, https:\/\/www.markusreisen.de\/prag\/wp-content\/uploads\/sites\/16\/2025\/08\/DSC00350-768x512.jpg 768w, https:\/\/www.markusreisen.de\/prag\/wp-content\/uploads\/sites\/16\/2025\/08\/DSC00350-1536x1024.jpg 1536w, https:\/\/www.markusreisen.de\/prag\/wp-content\/uploads\/sites\/16\/2025\/08\/DSC00350-2048x1365.jpg 2048w, https:\/\/www.markusreisen.de\/prag\/wp-content\/uploads\/sites\/16\/2025\/08\/DSC00350-1568x1045.jpg 1568w\" sizes=\"auto, (max-width: 1024px) 100vw, 1024px\" \/><\/a><\/figure>\n\n\n\n<figure class=\"wp-block-image size-large\"><a href=\"https:\/\/www.markusreisen.de\/prag\/wp-content\/uploads\/sites\/16\/2025\/08\/DSC00357-scaled.jpg\"><img loading=\"lazy\" decoding=\"async\" width=\"1024\" height=\"681\" data-id=\"290\" src=\"https:\/\/www.markusreisen.de\/prag\/wp-content\/uploads\/sites\/16\/2025\/08\/DSC00357-1024x681.jpg\" alt=\"\" class=\"wp-image-290\" srcset=\"https:\/\/www.markusreisen.de\/prag\/wp-content\/uploads\/sites\/16\/2025\/08\/DSC00357-1024x681.jpg 1024w, https:\/\/www.markusreisen.de\/prag\/wp-content\/uploads\/sites\/16\/2025\/08\/DSC00357-300x199.jpg 300w, https:\/\/www.markusreisen.de\/prag\/wp-content\/uploads\/sites\/16\/2025\/08\/DSC00357-768x511.jpg 768w, https:\/\/www.markusreisen.de\/prag\/wp-content\/uploads\/sites\/16\/2025\/08\/DSC00357-1536x1021.jpg 1536w, https:\/\/www.markusreisen.de\/prag\/wp-content\/uploads\/sites\/16\/2025\/08\/DSC00357-2048x1361.jpg 2048w, https:\/\/www.markusreisen.de\/prag\/wp-content\/uploads\/sites\/16\/2025\/08\/DSC00357-1568x1042.jpg 1568w\" sizes=\"auto, (max-width: 1024px) 100vw, 1024px\" \/><\/a><\/figure>\n\n\n\n<figure class=\"wp-block-image size-large\"><a href=\"https:\/\/www.markusreisen.de\/prag\/wp-content\/uploads\/sites\/16\/2025\/08\/DSC00364-scaled.jpg\"><img loading=\"lazy\" decoding=\"async\" width=\"1024\" height=\"587\" data-id=\"292\" src=\"https:\/\/www.markusreisen.de\/prag\/wp-content\/uploads\/sites\/16\/2025\/08\/DSC00364-1024x587.jpg\" alt=\"\" class=\"wp-image-292\" srcset=\"https:\/\/www.markusreisen.de\/prag\/wp-content\/uploads\/sites\/16\/2025\/08\/DSC00364-1024x587.jpg 1024w, https:\/\/www.markusreisen.de\/prag\/wp-content\/uploads\/sites\/16\/2025\/08\/DSC00364-300x172.jpg 300w, https:\/\/www.markusreisen.de\/prag\/wp-content\/uploads\/sites\/16\/2025\/08\/DSC00364-768x440.jpg 768w, https:\/\/www.markusreisen.de\/prag\/wp-content\/uploads\/sites\/16\/2025\/08\/DSC00364-1536x881.jpg 1536w, https:\/\/www.markusreisen.de\/prag\/wp-content\/uploads\/sites\/16\/2025\/08\/DSC00364-2048x1174.jpg 2048w, https:\/\/www.markusreisen.de\/prag\/wp-content\/uploads\/sites\/16\/2025\/08\/DSC00364-1568x899.jpg 1568w\" sizes=\"auto, (max-width: 1024px) 100vw, 1024px\" \/><\/a><figcaption class=\"wp-element-caption\">Das deutsche Bahnhofsgeb\u00e4ude<\/figcaption><\/figure>\n\n\n\n<figure class=\"wp-block-image size-large\"><a href=\"https:\/\/www.markusreisen.de\/prag\/wp-content\/uploads\/sites\/16\/2025\/08\/DSC00362-scaled.jpg\"><img loading=\"lazy\" decoding=\"async\" width=\"1024\" height=\"683\" data-id=\"291\" src=\"https:\/\/www.markusreisen.de\/prag\/wp-content\/uploads\/sites\/16\/2025\/08\/DSC00362-1024x683.jpg\" alt=\"\" class=\"wp-image-291\" srcset=\"https:\/\/www.markusreisen.de\/prag\/wp-content\/uploads\/sites\/16\/2025\/08\/DSC00362-1024x683.jpg 1024w, https:\/\/www.markusreisen.de\/prag\/wp-content\/uploads\/sites\/16\/2025\/08\/DSC00362-300x200.jpg 300w, https:\/\/www.markusreisen.de\/prag\/wp-content\/uploads\/sites\/16\/2025\/08\/DSC00362-768x512.jpg 768w, https:\/\/www.markusreisen.de\/prag\/wp-content\/uploads\/sites\/16\/2025\/08\/DSC00362-1536x1024.jpg 1536w, https:\/\/www.markusreisen.de\/prag\/wp-content\/uploads\/sites\/16\/2025\/08\/DSC00362-2048x1365.jpg 2048w, https:\/\/www.markusreisen.de\/prag\/wp-content\/uploads\/sites\/16\/2025\/08\/DSC00362-1568x1045.jpg 1568w\" sizes=\"auto, (max-width: 1024px) 100vw, 1024px\" \/><\/a><figcaption class=\"wp-element-caption\">Das tschechische Bahnhofsgeb\u00e4ude<\/figcaption><\/figure>\n\n\n\n<figure class=\"wp-block-image size-large\"><a href=\"https:\/\/www.markusreisen.de\/prag\/wp-content\/uploads\/sites\/16\/2025\/08\/DSC00367-scaled.jpg\"><img loading=\"lazy\" decoding=\"async\" width=\"1024\" height=\"609\" data-id=\"293\" src=\"https:\/\/www.markusreisen.de\/prag\/wp-content\/uploads\/sites\/16\/2025\/08\/DSC00367-1024x609.jpg\" alt=\"\" class=\"wp-image-293\" srcset=\"https:\/\/www.markusreisen.de\/prag\/wp-content\/uploads\/sites\/16\/2025\/08\/DSC00367-1024x609.jpg 1024w, https:\/\/www.markusreisen.de\/prag\/wp-content\/uploads\/sites\/16\/2025\/08\/DSC00367-300x178.jpg 300w, https:\/\/www.markusreisen.de\/prag\/wp-content\/uploads\/sites\/16\/2025\/08\/DSC00367-768x457.jpg 768w, https:\/\/www.markusreisen.de\/prag\/wp-content\/uploads\/sites\/16\/2025\/08\/DSC00367-1536x913.jpg 1536w, https:\/\/www.markusreisen.de\/prag\/wp-content\/uploads\/sites\/16\/2025\/08\/DSC00367-2048x1218.jpg 2048w, https:\/\/www.markusreisen.de\/prag\/wp-content\/uploads\/sites\/16\/2025\/08\/DSC00367-1568x932.jpg 1568w\" sizes=\"auto, (max-width: 1024px) 100vw, 1024px\" \/><\/a><\/figure>\n\n\n\n<figure class=\"wp-block-image size-large\"><a href=\"https:\/\/www.markusreisen.de\/prag\/wp-content\/uploads\/sites\/16\/2025\/08\/PXL_20250813_164406516-scaled.jpg\"><img loading=\"lazy\" decoding=\"async\" width=\"1024\" height=\"709\" data-id=\"295\" src=\"https:\/\/www.markusreisen.de\/prag\/wp-content\/uploads\/sites\/16\/2025\/08\/PXL_20250813_164406516-1024x709.jpg\" alt=\"\" class=\"wp-image-295\" srcset=\"https:\/\/www.markusreisen.de\/prag\/wp-content\/uploads\/sites\/16\/2025\/08\/PXL_20250813_164406516-1024x709.jpg 1024w, https:\/\/www.markusreisen.de\/prag\/wp-content\/uploads\/sites\/16\/2025\/08\/PXL_20250813_164406516-300x208.jpg 300w, https:\/\/www.markusreisen.de\/prag\/wp-content\/uploads\/sites\/16\/2025\/08\/PXL_20250813_164406516-768x532.jpg 768w, https:\/\/www.markusreisen.de\/prag\/wp-content\/uploads\/sites\/16\/2025\/08\/PXL_20250813_164406516-1536x1064.jpg 1536w, https:\/\/www.markusreisen.de\/prag\/wp-content\/uploads\/sites\/16\/2025\/08\/PXL_20250813_164406516-2048x1419.jpg 2048w, https:\/\/www.markusreisen.de\/prag\/wp-content\/uploads\/sites\/16\/2025\/08\/PXL_20250813_164406516-1568x1086.jpg 1568w\" sizes=\"auto, (max-width: 1024px) 100vw, 1024px\" \/><\/a><figcaption class=\"wp-element-caption\">Direkt an der Grenze<\/figcaption><\/figure>\n\n\n\n<figure class=\"wp-block-image size-large\"><a href=\"https:\/\/www.markusreisen.de\/prag\/wp-content\/uploads\/sites\/16\/2025\/08\/DSC00371-scaled.jpg\"><img loading=\"lazy\" decoding=\"async\" width=\"1024\" height=\"532\" data-id=\"294\" src=\"https:\/\/www.markusreisen.de\/prag\/wp-content\/uploads\/sites\/16\/2025\/08\/DSC00371-1024x532.jpg\" alt=\"\" class=\"wp-image-294\" srcset=\"https:\/\/www.markusreisen.de\/prag\/wp-content\/uploads\/sites\/16\/2025\/08\/DSC00371-1024x532.jpg 1024w, https:\/\/www.markusreisen.de\/prag\/wp-content\/uploads\/sites\/16\/2025\/08\/DSC00371-300x156.jpg 300w, https:\/\/www.markusreisen.de\/prag\/wp-content\/uploads\/sites\/16\/2025\/08\/DSC00371-768x399.jpg 768w, https:\/\/www.markusreisen.de\/prag\/wp-content\/uploads\/sites\/16\/2025\/08\/DSC00371-1536x799.jpg 1536w, https:\/\/www.markusreisen.de\/prag\/wp-content\/uploads\/sites\/16\/2025\/08\/DSC00371-2048x1065.jpg 2048w, https:\/\/www.markusreisen.de\/prag\/wp-content\/uploads\/sites\/16\/2025\/08\/DSC00371-1568x815.jpg 1568w\" sizes=\"auto, (max-width: 1024px) 100vw, 1024px\" \/><\/a><\/figure>\n<\/figure>\n\n\n\n<h2 class=\"wp-block-heading\">Sankt Veitsberg<\/h2>\n\n\n\n<p>Abends war ich dann in Prag und habe mir mein erstes Bier geg\u00f6nnt, im Biergarten bzw -innenhof der Kneipe direkt gegen\u00fcber von meinem Hotel:<\/p>\n\n\n\n<figure class=\"wp-block-image size-large\"><a href=\"https:\/\/www.markusreisen.de\/prag\/wp-content\/uploads\/sites\/16\/2025\/08\/PXL_20250814_173117262-scaled.jpg\"><img loading=\"lazy\" decoding=\"async\" width=\"1024\" height=\"771\" src=\"http:\/\/www.markusreisen.de\/prag\/wp-content\/uploads\/sites\/16\/2025\/08\/PXL_20250814_173117262-1024x771.jpg\" alt=\"\" class=\"wp-image-312\" srcset=\"https:\/\/www.markusreisen.de\/prag\/wp-content\/uploads\/sites\/16\/2025\/08\/PXL_20250814_173117262-1024x771.jpg 1024w, https:\/\/www.markusreisen.de\/prag\/wp-content\/uploads\/sites\/16\/2025\/08\/PXL_20250814_173117262-300x226.jpg 300w, https:\/\/www.markusreisen.de\/prag\/wp-content\/uploads\/sites\/16\/2025\/08\/PXL_20250814_173117262-768x578.jpg 768w, https:\/\/www.markusreisen.de\/prag\/wp-content\/uploads\/sites\/16\/2025\/08\/PXL_20250814_173117262-1536x1157.jpg 1536w, https:\/\/www.markusreisen.de\/prag\/wp-content\/uploads\/sites\/16\/2025\/08\/PXL_20250814_173117262-2048x1542.jpg 2048w, https:\/\/www.markusreisen.de\/prag\/wp-content\/uploads\/sites\/16\/2025\/08\/PXL_20250814_173117262-1568x1181.jpg 1568w\" sizes=\"auto, (max-width: 1024px) 100vw, 1024px\" \/><\/a><\/figure>\n\n\n\n<p>Was das Sightseeing angeht habe ich die Highlights von Prag alle schon gesehen, drum ist mir auch egal, wie \u00fcberlaufen die Stadt im Sommer ist. Sollen sich ruhig alle \u00fcber die Karlsbr\u00fccke schieben und auf die Burg hochkraxeln, habe ich alles schon gemacht.<\/p>\n\n\n\n<p>Statt dessen bin ich auf den Veitsh\u00fcgel hochgekraxelt. Da ist das tschechische Nationalmonument samt Grab des unbekannten Soldaten. Super Ausblicke und kaum jemand da.<\/p>\n\n\n\n<figure class=\"wp-block-gallery has-nested-images columns-1 is-cropped wp-block-gallery-2 is-layout-flex wp-block-gallery-is-layout-flex\">\n<figure class=\"wp-block-image size-large\"><a href=\"https:\/\/www.markusreisen.de\/prag\/wp-content\/uploads\/sites\/16\/2025\/08\/DSC00380-scaled.jpg\"><img loading=\"lazy\" decoding=\"async\" width=\"1024\" height=\"683\" data-id=\"296\" src=\"https:\/\/www.markusreisen.de\/prag\/wp-content\/uploads\/sites\/16\/2025\/08\/DSC00380-1024x683.jpg\" alt=\"\" class=\"wp-image-296\" srcset=\"https:\/\/www.markusreisen.de\/prag\/wp-content\/uploads\/sites\/16\/2025\/08\/DSC00380-1024x683.jpg 1024w, https:\/\/www.markusreisen.de\/prag\/wp-content\/uploads\/sites\/16\/2025\/08\/DSC00380-300x200.jpg 300w, https:\/\/www.markusreisen.de\/prag\/wp-content\/uploads\/sites\/16\/2025\/08\/DSC00380-768x512.jpg 768w, https:\/\/www.markusreisen.de\/prag\/wp-content\/uploads\/sites\/16\/2025\/08\/DSC00380-1536x1024.jpg 1536w, https:\/\/www.markusreisen.de\/prag\/wp-content\/uploads\/sites\/16\/2025\/08\/DSC00380-2048x1365.jpg 2048w, https:\/\/www.markusreisen.de\/prag\/wp-content\/uploads\/sites\/16\/2025\/08\/DSC00380-1568x1045.jpg 1568w\" sizes=\"auto, (max-width: 1024px) 100vw, 1024px\" \/><\/a><\/figure>\n\n\n\n<figure class=\"wp-block-image size-large\"><a href=\"https:\/\/www.markusreisen.de\/prag\/wp-content\/uploads\/sites\/16\/2025\/08\/DSC00384-scaled.jpg\"><img loading=\"lazy\" decoding=\"async\" width=\"1024\" height=\"642\" data-id=\"297\" src=\"https:\/\/www.markusreisen.de\/prag\/wp-content\/uploads\/sites\/16\/2025\/08\/DSC00384-1024x642.jpg\" alt=\"\" class=\"wp-image-297\" srcset=\"https:\/\/www.markusreisen.de\/prag\/wp-content\/uploads\/sites\/16\/2025\/08\/DSC00384-1024x642.jpg 1024w, https:\/\/www.markusreisen.de\/prag\/wp-content\/uploads\/sites\/16\/2025\/08\/DSC00384-300x188.jpg 300w, https:\/\/www.markusreisen.de\/prag\/wp-content\/uploads\/sites\/16\/2025\/08\/DSC00384-768x481.jpg 768w, https:\/\/www.markusreisen.de\/prag\/wp-content\/uploads\/sites\/16\/2025\/08\/DSC00384-1536x963.jpg 1536w, https:\/\/www.markusreisen.de\/prag\/wp-content\/uploads\/sites\/16\/2025\/08\/DSC00384-2048x1283.jpg 2048w, https:\/\/www.markusreisen.de\/prag\/wp-content\/uploads\/sites\/16\/2025\/08\/DSC00384-1568x983.jpg 1568w\" sizes=\"auto, (max-width: 1024px) 100vw, 1024px\" \/><\/a><\/figure>\n\n\n\n<figure class=\"wp-block-image size-large\"><a href=\"https:\/\/www.markusreisen.de\/prag\/wp-content\/uploads\/sites\/16\/2025\/08\/DSC00386-scaled.jpg\"><img loading=\"lazy\" decoding=\"async\" width=\"1024\" height=\"683\" data-id=\"298\" src=\"https:\/\/www.markusreisen.de\/prag\/wp-content\/uploads\/sites\/16\/2025\/08\/DSC00386-1024x683.jpg\" alt=\"\" class=\"wp-image-298\" srcset=\"https:\/\/www.markusreisen.de\/prag\/wp-content\/uploads\/sites\/16\/2025\/08\/DSC00386-1024x683.jpg 1024w, https:\/\/www.markusreisen.de\/prag\/wp-content\/uploads\/sites\/16\/2025\/08\/DSC00386-300x200.jpg 300w, https:\/\/www.markusreisen.de\/prag\/wp-content\/uploads\/sites\/16\/2025\/08\/DSC00386-768x512.jpg 768w, https:\/\/www.markusreisen.de\/prag\/wp-content\/uploads\/sites\/16\/2025\/08\/DSC00386-1536x1024.jpg 1536w, https:\/\/www.markusreisen.de\/prag\/wp-content\/uploads\/sites\/16\/2025\/08\/DSC00386-2048x1365.jpg 2048w, https:\/\/www.markusreisen.de\/prag\/wp-content\/uploads\/sites\/16\/2025\/08\/DSC00386-1568x1045.jpg 1568w\" sizes=\"auto, (max-width: 1024px) 100vw, 1024px\" \/><\/a><\/figure>\n\n\n\n<figure class=\"wp-block-image size-large\"><a href=\"https:\/\/www.markusreisen.de\/prag\/wp-content\/uploads\/sites\/16\/2025\/08\/DSC00388-scaled.jpg\"><img loading=\"lazy\" decoding=\"async\" width=\"1024\" height=\"735\" data-id=\"299\" src=\"https:\/\/www.markusreisen.de\/prag\/wp-content\/uploads\/sites\/16\/2025\/08\/DSC00388-1024x735.jpg\" alt=\"\" class=\"wp-image-299\" srcset=\"https:\/\/www.markusreisen.de\/prag\/wp-content\/uploads\/sites\/16\/2025\/08\/DSC00388-1024x735.jpg 1024w, https:\/\/www.markusreisen.de\/prag\/wp-content\/uploads\/sites\/16\/2025\/08\/DSC00388-300x215.jpg 300w, https:\/\/www.markusreisen.de\/prag\/wp-content\/uploads\/sites\/16\/2025\/08\/DSC00388-768x551.jpg 768w, https:\/\/www.markusreisen.de\/prag\/wp-content\/uploads\/sites\/16\/2025\/08\/DSC00388-1536x1102.jpg 1536w, https:\/\/www.markusreisen.de\/prag\/wp-content\/uploads\/sites\/16\/2025\/08\/DSC00388-2048x1469.jpg 2048w, https:\/\/www.markusreisen.de\/prag\/wp-content\/uploads\/sites\/16\/2025\/08\/DSC00388-1568x1125.jpg 1568w\" sizes=\"auto, (max-width: 1024px) 100vw, 1024px\" \/><\/a><\/figure>\n<\/figure>\n\n\n\n<p>Die gewaltige Reiterstatue oben zeigt <a href=\"https:\/\/de.wikipedia.org\/wiki\/Jan_%C5%BDi%C5%BEka\" data-type=\"link\" data-id=\"https:\/\/de.wikipedia.org\/wiki\/Jan_%C5%BDi%C5%BEka\">Jan \u017di\u017eka<\/a>, den bedeutendsten Heerf\u00fchrer der Hussiten, also der Anh\u00e4nger des von der katholischen Kirche hingerichteten Fr\u00fchreformators Jan Hus. Ziemlich monumental&#8230;<\/p>\n\n\n\n<figure class=\"wp-block-image size-large\"><a href=\"https:\/\/www.markusreisen.de\/prag\/wp-content\/uploads\/sites\/16\/2025\/08\/PXL_20250815_070213298-scaled.jpg\"><img loading=\"lazy\" decoding=\"async\" width=\"1024\" height=\"771\" src=\"http:\/\/www.markusreisen.de\/prag\/wp-content\/uploads\/sites\/16\/2025\/08\/PXL_20250815_070213298-1024x771.jpg\" alt=\"\" class=\"wp-image-315\" srcset=\"https:\/\/www.markusreisen.de\/prag\/wp-content\/uploads\/sites\/16\/2025\/08\/PXL_20250815_070213298-1024x771.jpg 1024w, https:\/\/www.markusreisen.de\/prag\/wp-content\/uploads\/sites\/16\/2025\/08\/PXL_20250815_070213298-300x226.jpg 300w, https:\/\/www.markusreisen.de\/prag\/wp-content\/uploads\/sites\/16\/2025\/08\/PXL_20250815_070213298-768x578.jpg 768w, https:\/\/www.markusreisen.de\/prag\/wp-content\/uploads\/sites\/16\/2025\/08\/PXL_20250815_070213298-1536x1157.jpg 1536w, https:\/\/www.markusreisen.de\/prag\/wp-content\/uploads\/sites\/16\/2025\/08\/PXL_20250815_070213298-2048x1542.jpg 2048w, https:\/\/www.markusreisen.de\/prag\/wp-content\/uploads\/sites\/16\/2025\/08\/PXL_20250815_070213298-1568x1181.jpg 1568w\" sizes=\"auto, (max-width: 1024px) 100vw, 1024px\" \/><\/a><figcaption class=\"wp-element-caption\">Als Kontrast dazu: am Fu\u00dfe des H\u00fcgels findet sich diese &#8222;Reiterstatue&#8220; von <a href=\"https:\/\/de.wikipedia.org\/wiki\/Jaroslav_Ha%C5%A1ek\" data-type=\"link\" data-id=\"https:\/\/de.wikipedia.org\/wiki\/Jaroslav_Ha%C5%A1ek\">Jaroslav Ha\u0161ek<\/a>, dem Autor des &#8222;Braven Soldaten Schwejk&#8220;.<\/figcaption><\/figure>\n\n\n\n<h2 class=\"wp-block-heading\">Kas\u00e1rna Karl\u00edn<\/h2>\n\n\n\n<p>Auf der anderen Seite des H\u00fcgels findet sich die Kas\u00e1rna Karl\u00edn. Ganz \u00e4hnlich wie in Ljubljana wurde diese in ein leicht alternativ angehauchtes Kultur- und Veranstaltungsareal umgewandelt.<\/p>\n\n\n\n<figure class=\"wp-block-image size-large\"><a href=\"https:\/\/www.markusreisen.de\/prag\/wp-content\/uploads\/sites\/16\/2025\/08\/DSC00392-scaled.jpg\"><img loading=\"lazy\" decoding=\"async\" width=\"1024\" height=\"683\" src=\"http:\/\/www.markusreisen.de\/prag\/wp-content\/uploads\/sites\/16\/2025\/08\/DSC00392-1024x683.jpg\" alt=\"\" class=\"wp-image-300\" srcset=\"https:\/\/www.markusreisen.de\/prag\/wp-content\/uploads\/sites\/16\/2025\/08\/DSC00392-1024x683.jpg 1024w, https:\/\/www.markusreisen.de\/prag\/wp-content\/uploads\/sites\/16\/2025\/08\/DSC00392-300x200.jpg 300w, https:\/\/www.markusreisen.de\/prag\/wp-content\/uploads\/sites\/16\/2025\/08\/DSC00392-768x512.jpg 768w, https:\/\/www.markusreisen.de\/prag\/wp-content\/uploads\/sites\/16\/2025\/08\/DSC00392-1536x1024.jpg 1536w, https:\/\/www.markusreisen.de\/prag\/wp-content\/uploads\/sites\/16\/2025\/08\/DSC00392-2048x1365.jpg 2048w, https:\/\/www.markusreisen.de\/prag\/wp-content\/uploads\/sites\/16\/2025\/08\/DSC00392-1568x1045.jpg 1568w\" sizes=\"auto, (max-width: 1024px) 100vw, 1024px\" \/><\/a><figcaption class=\"wp-element-caption\">Hier noch von oben zu sehen.<\/figcaption><\/figure>\n\n\n\n<figure class=\"wp-block-gallery has-nested-images columns-1 is-cropped wp-block-gallery-3 is-layout-flex wp-block-gallery-is-layout-flex\">\n<figure class=\"wp-block-image size-large\"><a href=\"https:\/\/www.markusreisen.de\/prag\/wp-content\/uploads\/sites\/16\/2025\/08\/DSC00394-scaled.jpg\"><img loading=\"lazy\" decoding=\"async\" width=\"1024\" height=\"683\" data-id=\"301\" src=\"https:\/\/www.markusreisen.de\/prag\/wp-content\/uploads\/sites\/16\/2025\/08\/DSC00394-1024x683.jpg\" alt=\"\" class=\"wp-image-301\" srcset=\"https:\/\/www.markusreisen.de\/prag\/wp-content\/uploads\/sites\/16\/2025\/08\/DSC00394-1024x683.jpg 1024w, https:\/\/www.markusreisen.de\/prag\/wp-content\/uploads\/sites\/16\/2025\/08\/DSC00394-300x200.jpg 300w, https:\/\/www.markusreisen.de\/prag\/wp-content\/uploads\/sites\/16\/2025\/08\/DSC00394-768x512.jpg 768w, https:\/\/www.markusreisen.de\/prag\/wp-content\/uploads\/sites\/16\/2025\/08\/DSC00394-1536x1024.jpg 1536w, https:\/\/www.markusreisen.de\/prag\/wp-content\/uploads\/sites\/16\/2025\/08\/DSC00394-2048x1365.jpg 2048w, https:\/\/www.markusreisen.de\/prag\/wp-content\/uploads\/sites\/16\/2025\/08\/DSC00394-1568x1045.jpg 1568w\" sizes=\"auto, (max-width: 1024px) 100vw, 1024px\" \/><\/a><\/figure>\n\n\n\n<figure class=\"wp-block-image size-large\"><a href=\"https:\/\/www.markusreisen.de\/prag\/wp-content\/uploads\/sites\/16\/2025\/08\/DSC00397-scaled.jpg\"><img loading=\"lazy\" decoding=\"async\" width=\"1024\" height=\"683\" data-id=\"302\" src=\"https:\/\/www.markusreisen.de\/prag\/wp-content\/uploads\/sites\/16\/2025\/08\/DSC00397-1024x683.jpg\" alt=\"\" class=\"wp-image-302\" srcset=\"https:\/\/www.markusreisen.de\/prag\/wp-content\/uploads\/sites\/16\/2025\/08\/DSC00397-1024x683.jpg 1024w, https:\/\/www.markusreisen.de\/prag\/wp-content\/uploads\/sites\/16\/2025\/08\/DSC00397-300x200.jpg 300w, https:\/\/www.markusreisen.de\/prag\/wp-content\/uploads\/sites\/16\/2025\/08\/DSC00397-768x512.jpg 768w, https:\/\/www.markusreisen.de\/prag\/wp-content\/uploads\/sites\/16\/2025\/08\/DSC00397-1536x1024.jpg 1536w, https:\/\/www.markusreisen.de\/prag\/wp-content\/uploads\/sites\/16\/2025\/08\/DSC00397-2048x1365.jpg 2048w, https:\/\/www.markusreisen.de\/prag\/wp-content\/uploads\/sites\/16\/2025\/08\/DSC00397-1568x1045.jpg 1568w\" sizes=\"auto, (max-width: 1024px) 100vw, 1024px\" \/><\/a><\/figure>\n\n\n\n<figure class=\"wp-block-image size-large\"><a href=\"https:\/\/www.markusreisen.de\/prag\/wp-content\/uploads\/sites\/16\/2025\/08\/DSC00398-scaled.jpg\"><img loading=\"lazy\" decoding=\"async\" width=\"1024\" height=\"683\" data-id=\"303\" src=\"https:\/\/www.markusreisen.de\/prag\/wp-content\/uploads\/sites\/16\/2025\/08\/DSC00398-1024x683.jpg\" alt=\"\" class=\"wp-image-303\" srcset=\"https:\/\/www.markusreisen.de\/prag\/wp-content\/uploads\/sites\/16\/2025\/08\/DSC00398-1024x683.jpg 1024w, https:\/\/www.markusreisen.de\/prag\/wp-content\/uploads\/sites\/16\/2025\/08\/DSC00398-300x200.jpg 300w, https:\/\/www.markusreisen.de\/prag\/wp-content\/uploads\/sites\/16\/2025\/08\/DSC00398-768x512.jpg 768w, https:\/\/www.markusreisen.de\/prag\/wp-content\/uploads\/sites\/16\/2025\/08\/DSC00398-1536x1024.jpg 1536w, https:\/\/www.markusreisen.de\/prag\/wp-content\/uploads\/sites\/16\/2025\/08\/DSC00398-2048x1365.jpg 2048w, https:\/\/www.markusreisen.de\/prag\/wp-content\/uploads\/sites\/16\/2025\/08\/DSC00398-1568x1045.jpg 1568w\" sizes=\"auto, (max-width: 1024px) 100vw, 1024px\" \/><\/a><\/figure>\n\n\n\n<figure class=\"wp-block-image size-large\"><a href=\"https:\/\/www.markusreisen.de\/prag\/wp-content\/uploads\/sites\/16\/2025\/08\/DSC00400-scaled.jpg\"><img loading=\"lazy\" decoding=\"async\" width=\"1024\" height=\"683\" data-id=\"304\" src=\"https:\/\/www.markusreisen.de\/prag\/wp-content\/uploads\/sites\/16\/2025\/08\/DSC00400-1024x683.jpg\" alt=\"\" class=\"wp-image-304\" srcset=\"https:\/\/www.markusreisen.de\/prag\/wp-content\/uploads\/sites\/16\/2025\/08\/DSC00400-1024x683.jpg 1024w, https:\/\/www.markusreisen.de\/prag\/wp-content\/uploads\/sites\/16\/2025\/08\/DSC00400-300x200.jpg 300w, https:\/\/www.markusreisen.de\/prag\/wp-content\/uploads\/sites\/16\/2025\/08\/DSC00400-768x512.jpg 768w, https:\/\/www.markusreisen.de\/prag\/wp-content\/uploads\/sites\/16\/2025\/08\/DSC00400-1536x1024.jpg 1536w, https:\/\/www.markusreisen.de\/prag\/wp-content\/uploads\/sites\/16\/2025\/08\/DSC00400-2048x1365.jpg 2048w, https:\/\/www.markusreisen.de\/prag\/wp-content\/uploads\/sites\/16\/2025\/08\/DSC00400-1568x1045.jpg 1568w\" sizes=\"auto, (max-width: 1024px) 100vw, 1024px\" \/><\/a><\/figure>\n\n\n\n<figure class=\"wp-block-image size-large\"><a href=\"https:\/\/www.markusreisen.de\/prag\/wp-content\/uploads\/sites\/16\/2025\/08\/DSC00401-scaled.jpg\"><img loading=\"lazy\" decoding=\"async\" width=\"1024\" height=\"683\" data-id=\"305\" src=\"https:\/\/www.markusreisen.de\/prag\/wp-content\/uploads\/sites\/16\/2025\/08\/DSC00401-1024x683.jpg\" alt=\"\" class=\"wp-image-305\" srcset=\"https:\/\/www.markusreisen.de\/prag\/wp-content\/uploads\/sites\/16\/2025\/08\/DSC00401-1024x683.jpg 1024w, https:\/\/www.markusreisen.de\/prag\/wp-content\/uploads\/sites\/16\/2025\/08\/DSC00401-300x200.jpg 300w, https:\/\/www.markusreisen.de\/prag\/wp-content\/uploads\/sites\/16\/2025\/08\/DSC00401-768x512.jpg 768w, https:\/\/www.markusreisen.de\/prag\/wp-content\/uploads\/sites\/16\/2025\/08\/DSC00401-1536x1024.jpg 1536w, https:\/\/www.markusreisen.de\/prag\/wp-content\/uploads\/sites\/16\/2025\/08\/DSC00401-2048x1365.jpg 2048w, https:\/\/www.markusreisen.de\/prag\/wp-content\/uploads\/sites\/16\/2025\/08\/DSC00401-1568x1045.jpg 1568w\" sizes=\"auto, (max-width: 1024px) 100vw, 1024px\" \/><\/a><\/figure>\n\n\n\n<figure class=\"wp-block-image size-large\"><a href=\"https:\/\/www.markusreisen.de\/prag\/wp-content\/uploads\/sites\/16\/2025\/08\/DSC00403-scaled.jpg\"><img loading=\"lazy\" decoding=\"async\" width=\"1024\" height=\"683\" data-id=\"306\" src=\"https:\/\/www.markusreisen.de\/prag\/wp-content\/uploads\/sites\/16\/2025\/08\/DSC00403-1024x683.jpg\" alt=\"\" class=\"wp-image-306\" srcset=\"https:\/\/www.markusreisen.de\/prag\/wp-content\/uploads\/sites\/16\/2025\/08\/DSC00403-1024x683.jpg 1024w, https:\/\/www.markusreisen.de\/prag\/wp-content\/uploads\/sites\/16\/2025\/08\/DSC00403-300x200.jpg 300w, https:\/\/www.markusreisen.de\/prag\/wp-content\/uploads\/sites\/16\/2025\/08\/DSC00403-768x512.jpg 768w, https:\/\/www.markusreisen.de\/prag\/wp-content\/uploads\/sites\/16\/2025\/08\/DSC00403-1536x1024.jpg 1536w, https:\/\/www.markusreisen.de\/prag\/wp-content\/uploads\/sites\/16\/2025\/08\/DSC00403-2048x1365.jpg 2048w, https:\/\/www.markusreisen.de\/prag\/wp-content\/uploads\/sites\/16\/2025\/08\/DSC00403-1568x1045.jpg 1568w\" sizes=\"auto, (max-width: 1024px) 100vw, 1024px\" \/><\/a><\/figure>\n<\/figure>\n\n\n\n<p>Stellt sich noch die Frage, welche Einheit da urspr\u00fcnglich kaserniert war.<\/p>\n\n\n\n<figure class=\"wp-block-image size-large\"><a href=\"https:\/\/www.markusreisen.de\/prag\/wp-content\/uploads\/sites\/16\/2025\/08\/DSC00404-scaled.jpg\"><img loading=\"lazy\" decoding=\"async\" width=\"1024\" height=\"683\" src=\"http:\/\/www.markusreisen.de\/prag\/wp-content\/uploads\/sites\/16\/2025\/08\/DSC00404-1024x683.jpg\" alt=\"\" class=\"wp-image-307\" srcset=\"https:\/\/www.markusreisen.de\/prag\/wp-content\/uploads\/sites\/16\/2025\/08\/DSC00404-1024x683.jpg 1024w, https:\/\/www.markusreisen.de\/prag\/wp-content\/uploads\/sites\/16\/2025\/08\/DSC00404-300x200.jpg 300w, https:\/\/www.markusreisen.de\/prag\/wp-content\/uploads\/sites\/16\/2025\/08\/DSC00404-768x512.jpg 768w, https:\/\/www.markusreisen.de\/prag\/wp-content\/uploads\/sites\/16\/2025\/08\/DSC00404-1536x1024.jpg 1536w, https:\/\/www.markusreisen.de\/prag\/wp-content\/uploads\/sites\/16\/2025\/08\/DSC00404-2048x1365.jpg 2048w, https:\/\/www.markusreisen.de\/prag\/wp-content\/uploads\/sites\/16\/2025\/08\/DSC00404-1568x1045.jpg 1568w\" sizes=\"auto, (max-width: 1024px) 100vw, 1024px\" \/><\/a><figcaption class=\"wp-element-caption\">Mutma\u00dflich die Einhorn-berittene Zwergeninfanterie.<\/figcaption><\/figure>\n\n\n\n<h2 class=\"wp-block-heading\">Prager Fernsehturm<\/h2>\n\n\n\n<p>Er wird immer mal wieder zu einem der h\u00e4sslichsten Geb\u00e4ude der Welt gek\u00fcrt, aber ich finde ihn in seinem brutalistischen Science-Fiction-Design eigentlich ganz nett: der Prager Fernsehturm. Auch oben schon auf dem Ausblick vom Veitsh\u00fcgel zu sehen.<\/p>\n\n\n\n<figure class=\"wp-block-image size-large\"><a href=\"https:\/\/www.markusreisen.de\/prag\/wp-content\/uploads\/sites\/16\/2025\/08\/PXL_20250815_090735844-scaled.jpg\"><img loading=\"lazy\" decoding=\"async\" width=\"1024\" height=\"771\" src=\"http:\/\/www.markusreisen.de\/prag\/wp-content\/uploads\/sites\/16\/2025\/08\/PXL_20250815_090735844-1024x771.jpg\" alt=\"\" class=\"wp-image-317\" srcset=\"https:\/\/www.markusreisen.de\/prag\/wp-content\/uploads\/sites\/16\/2025\/08\/PXL_20250815_090735844-1024x771.jpg 1024w, https:\/\/www.markusreisen.de\/prag\/wp-content\/uploads\/sites\/16\/2025\/08\/PXL_20250815_090735844-300x226.jpg 300w, https:\/\/www.markusreisen.de\/prag\/wp-content\/uploads\/sites\/16\/2025\/08\/PXL_20250815_090735844-768x578.jpg 768w, https:\/\/www.markusreisen.de\/prag\/wp-content\/uploads\/sites\/16\/2025\/08\/PXL_20250815_090735844-1536x1157.jpg 1536w, https:\/\/www.markusreisen.de\/prag\/wp-content\/uploads\/sites\/16\/2025\/08\/PXL_20250815_090735844-2048x1542.jpg 2048w, https:\/\/www.markusreisen.de\/prag\/wp-content\/uploads\/sites\/16\/2025\/08\/PXL_20250815_090735844-1568x1181.jpg 1568w\" sizes=\"auto, (max-width: 1024px) 100vw, 1024px\" \/><\/a><figcaption class=\"wp-element-caption\">Man beachte die seltsamen Gestalten, die den Turm empor klettern.<\/figcaption><\/figure>\n\n\n\n<figure class=\"wp-block-image size-large\"><a href=\"https:\/\/www.markusreisen.de\/prag\/wp-content\/uploads\/sites\/16\/2025\/08\/PXL_20250815_090833525-scaled.jpg\"><img loading=\"lazy\" decoding=\"async\" width=\"1024\" height=\"771\" src=\"http:\/\/www.markusreisen.de\/prag\/wp-content\/uploads\/sites\/16\/2025\/08\/PXL_20250815_090833525-1024x771.jpg\" alt=\"\" class=\"wp-image-318\" srcset=\"https:\/\/www.markusreisen.de\/prag\/wp-content\/uploads\/sites\/16\/2025\/08\/PXL_20250815_090833525-1024x771.jpg 1024w, https:\/\/www.markusreisen.de\/prag\/wp-content\/uploads\/sites\/16\/2025\/08\/PXL_20250815_090833525-300x226.jpg 300w, https:\/\/www.markusreisen.de\/prag\/wp-content\/uploads\/sites\/16\/2025\/08\/PXL_20250815_090833525-768x578.jpg 768w, https:\/\/www.markusreisen.de\/prag\/wp-content\/uploads\/sites\/16\/2025\/08\/PXL_20250815_090833525-1536x1157.jpg 1536w, https:\/\/www.markusreisen.de\/prag\/wp-content\/uploads\/sites\/16\/2025\/08\/PXL_20250815_090833525-2048x1542.jpg 2048w, https:\/\/www.markusreisen.de\/prag\/wp-content\/uploads\/sites\/16\/2025\/08\/PXL_20250815_090833525-1568x1181.jpg 1568w\" sizes=\"auto, (max-width: 1024px) 100vw, 1024px\" \/><\/a><figcaption class=\"wp-element-caption\">Nebenan ist ein alter j\u00fcdischer Friedhof.<\/figcaption><\/figure>\n\n\n\n<p>Hier nun Ausblicke vom Turm:<\/p>\n\n\n\n<figure class=\"wp-block-gallery has-nested-images columns-1 is-cropped wp-block-gallery-4 is-layout-flex wp-block-gallery-is-layout-flex\">\n<figure class=\"wp-block-image size-large\"><a href=\"https:\/\/www.markusreisen.de\/prag\/wp-content\/uploads\/sites\/16\/2025\/08\/DSC00406-scaled.jpg\"><img loading=\"lazy\" decoding=\"async\" width=\"1024\" height=\"683\" data-id=\"308\" src=\"https:\/\/www.markusreisen.de\/prag\/wp-content\/uploads\/sites\/16\/2025\/08\/DSC00406-1024x683.jpg\" alt=\"\" class=\"wp-image-308\" srcset=\"https:\/\/www.markusreisen.de\/prag\/wp-content\/uploads\/sites\/16\/2025\/08\/DSC00406-1024x683.jpg 1024w, https:\/\/www.markusreisen.de\/prag\/wp-content\/uploads\/sites\/16\/2025\/08\/DSC00406-300x200.jpg 300w, https:\/\/www.markusreisen.de\/prag\/wp-content\/uploads\/sites\/16\/2025\/08\/DSC00406-768x512.jpg 768w, https:\/\/www.markusreisen.de\/prag\/wp-content\/uploads\/sites\/16\/2025\/08\/DSC00406-1536x1024.jpg 1536w, https:\/\/www.markusreisen.de\/prag\/wp-content\/uploads\/sites\/16\/2025\/08\/DSC00406-2048x1365.jpg 2048w, https:\/\/www.markusreisen.de\/prag\/wp-content\/uploads\/sites\/16\/2025\/08\/DSC00406-1568x1045.jpg 1568w\" sizes=\"auto, (max-width: 1024px) 100vw, 1024px\" \/><\/a><\/figure>\n\n\n\n<figure class=\"wp-block-image size-large\"><a href=\"https:\/\/www.markusreisen.de\/prag\/wp-content\/uploads\/sites\/16\/2025\/08\/DSC00408-scaled.jpg\"><img loading=\"lazy\" decoding=\"async\" width=\"1024\" height=\"683\" data-id=\"309\" src=\"https:\/\/www.markusreisen.de\/prag\/wp-content\/uploads\/sites\/16\/2025\/08\/DSC00408-1024x683.jpg\" alt=\"\" class=\"wp-image-309\" srcset=\"https:\/\/www.markusreisen.de\/prag\/wp-content\/uploads\/sites\/16\/2025\/08\/DSC00408-1024x683.jpg 1024w, https:\/\/www.markusreisen.de\/prag\/wp-content\/uploads\/sites\/16\/2025\/08\/DSC00408-300x200.jpg 300w, https:\/\/www.markusreisen.de\/prag\/wp-content\/uploads\/sites\/16\/2025\/08\/DSC00408-768x512.jpg 768w, https:\/\/www.markusreisen.de\/prag\/wp-content\/uploads\/sites\/16\/2025\/08\/DSC00408-1536x1024.jpg 1536w, https:\/\/www.markusreisen.de\/prag\/wp-content\/uploads\/sites\/16\/2025\/08\/DSC00408-2048x1365.jpg 2048w, https:\/\/www.markusreisen.de\/prag\/wp-content\/uploads\/sites\/16\/2025\/08\/DSC00408-1568x1045.jpg 1568w\" sizes=\"auto, (max-width: 1024px) 100vw, 1024px\" \/><\/a><\/figure>\n\n\n\n<figure class=\"wp-block-image size-large\"><a href=\"https:\/\/www.markusreisen.de\/prag\/wp-content\/uploads\/sites\/16\/2025\/08\/DSC00412-scaled.jpg\"><img loading=\"lazy\" decoding=\"async\" width=\"1024\" height=\"683\" data-id=\"310\" src=\"https:\/\/www.markusreisen.de\/prag\/wp-content\/uploads\/sites\/16\/2025\/08\/DSC00412-1024x683.jpg\" alt=\"\" class=\"wp-image-310\" srcset=\"https:\/\/www.markusreisen.de\/prag\/wp-content\/uploads\/sites\/16\/2025\/08\/DSC00412-1024x683.jpg 1024w, https:\/\/www.markusreisen.de\/prag\/wp-content\/uploads\/sites\/16\/2025\/08\/DSC00412-300x200.jpg 300w, https:\/\/www.markusreisen.de\/prag\/wp-content\/uploads\/sites\/16\/2025\/08\/DSC00412-768x512.jpg 768w, https:\/\/www.markusreisen.de\/prag\/wp-content\/uploads\/sites\/16\/2025\/08\/DSC00412-1536x1024.jpg 1536w, https:\/\/www.markusreisen.de\/prag\/wp-content\/uploads\/sites\/16\/2025\/08\/DSC00412-2048x1365.jpg 2048w, https:\/\/www.markusreisen.de\/prag\/wp-content\/uploads\/sites\/16\/2025\/08\/DSC00412-1568x1045.jpg 1568w\" sizes=\"auto, (max-width: 1024px) 100vw, 1024px\" \/><\/a><\/figure>\n<\/figure>\n\n\n\n<h2 class=\"wp-block-heading\">Essen und Trinken<\/h2>\n\n\n\n<p>Wie immer ist die kulinarische Seite einer Reise besonders wichtig. Ich war nicht immer tschechisch essen. Das ist zwar lecker, aber hat auch deutliche \u00dcberschneidungen mit der bayerischen Wirtshausk\u00fcche und Prag ist eine Weltstadt mit vielen Optionen.<\/p>\n\n\n\n<figure class=\"wp-block-gallery has-nested-images columns-1 is-cropped wp-block-gallery-5 is-layout-flex wp-block-gallery-is-layout-flex\">\n<figure class=\"wp-block-image size-large\"><a href=\"https:\/\/www.markusreisen.de\/prag\/wp-content\/uploads\/sites\/16\/2025\/08\/PXL_20250815_065922960-scaled.jpg\"><img loading=\"lazy\" decoding=\"async\" width=\"1024\" height=\"771\" data-id=\"314\" src=\"https:\/\/www.markusreisen.de\/prag\/wp-content\/uploads\/sites\/16\/2025\/08\/PXL_20250815_065922960-1024x771.jpg\" alt=\"\" class=\"wp-image-314\" srcset=\"https:\/\/www.markusreisen.de\/prag\/wp-content\/uploads\/sites\/16\/2025\/08\/PXL_20250815_065922960-1024x771.jpg 1024w, https:\/\/www.markusreisen.de\/prag\/wp-content\/uploads\/sites\/16\/2025\/08\/PXL_20250815_065922960-300x226.jpg 300w, https:\/\/www.markusreisen.de\/prag\/wp-content\/uploads\/sites\/16\/2025\/08\/PXL_20250815_065922960-768x578.jpg 768w, https:\/\/www.markusreisen.de\/prag\/wp-content\/uploads\/sites\/16\/2025\/08\/PXL_20250815_065922960-1536x1157.jpg 1536w, https:\/\/www.markusreisen.de\/prag\/wp-content\/uploads\/sites\/16\/2025\/08\/PXL_20250815_065922960-2048x1542.jpg 2048w, https:\/\/www.markusreisen.de\/prag\/wp-content\/uploads\/sites\/16\/2025\/08\/PXL_20250815_065922960-1568x1181.jpg 1568w\" sizes=\"auto, (max-width: 1024px) 100vw, 1024px\" \/><\/a><figcaption class=\"wp-element-caption\">Inklusive glutenfreier Restaurants, ich war aber nicht drin.<\/figcaption><\/figure>\n\n\n\n<figure class=\"wp-block-image size-large\"><a href=\"https:\/\/www.markusreisen.de\/prag\/wp-content\/uploads\/sites\/16\/2025\/08\/PXL_20250814_174515294-scaled.jpg\"><img loading=\"lazy\" decoding=\"async\" width=\"1024\" height=\"643\" data-id=\"313\" src=\"https:\/\/www.markusreisen.de\/prag\/wp-content\/uploads\/sites\/16\/2025\/08\/PXL_20250814_174515294-1024x643.jpg\" alt=\"\" class=\"wp-image-313\" srcset=\"https:\/\/www.markusreisen.de\/prag\/wp-content\/uploads\/sites\/16\/2025\/08\/PXL_20250814_174515294-1024x643.jpg 1024w, https:\/\/www.markusreisen.de\/prag\/wp-content\/uploads\/sites\/16\/2025\/08\/PXL_20250814_174515294-300x188.jpg 300w, https:\/\/www.markusreisen.de\/prag\/wp-content\/uploads\/sites\/16\/2025\/08\/PXL_20250814_174515294-768x482.jpg 768w, https:\/\/www.markusreisen.de\/prag\/wp-content\/uploads\/sites\/16\/2025\/08\/PXL_20250814_174515294-1536x965.jpg 1536w, https:\/\/www.markusreisen.de\/prag\/wp-content\/uploads\/sites\/16\/2025\/08\/PXL_20250814_174515294-2048x1286.jpg 2048w, https:\/\/www.markusreisen.de\/prag\/wp-content\/uploads\/sites\/16\/2025\/08\/PXL_20250814_174515294-1568x985.jpg 1568w\" sizes=\"auto, (max-width: 1024px) 100vw, 1024px\" \/><\/a><figcaption class=\"wp-element-caption\">Eingelegter Hermelin, ein tschechischer Weichk\u00e4se wie ein Camembert.<\/figcaption><\/figure>\n\n\n\n<figure class=\"wp-block-image size-large\"><a href=\"https:\/\/www.markusreisen.de\/prag\/wp-content\/uploads\/sites\/16\/2025\/08\/PXL_20250815_100023839-scaled.jpg\"><img loading=\"lazy\" decoding=\"async\" width=\"918\" height=\"1024\" data-id=\"319\" src=\"https:\/\/www.markusreisen.de\/prag\/wp-content\/uploads\/sites\/16\/2025\/08\/PXL_20250815_100023839-918x1024.jpg\" alt=\"\" class=\"wp-image-319\" srcset=\"https:\/\/www.markusreisen.de\/prag\/wp-content\/uploads\/sites\/16\/2025\/08\/PXL_20250815_100023839-918x1024.jpg 918w, https:\/\/www.markusreisen.de\/prag\/wp-content\/uploads\/sites\/16\/2025\/08\/PXL_20250815_100023839-269x300.jpg 269w, https:\/\/www.markusreisen.de\/prag\/wp-content\/uploads\/sites\/16\/2025\/08\/PXL_20250815_100023839-768x857.jpg 768w, https:\/\/www.markusreisen.de\/prag\/wp-content\/uploads\/sites\/16\/2025\/08\/PXL_20250815_100023839-1376x1536.jpg 1376w, https:\/\/www.markusreisen.de\/prag\/wp-content\/uploads\/sites\/16\/2025\/08\/PXL_20250815_100023839-1835x2048.jpg 1835w, https:\/\/www.markusreisen.de\/prag\/wp-content\/uploads\/sites\/16\/2025\/08\/PXL_20250815_100023839-1568x1750.jpg 1568w\" sizes=\"auto, (max-width: 918px) 100vw, 918px\" \/><\/a><figcaption class=\"wp-element-caption\">Mexikanische Bohnensuppe<\/figcaption><\/figure>\n\n\n\n<figure class=\"wp-block-image size-large\"><a href=\"https:\/\/www.markusreisen.de\/prag\/wp-content\/uploads\/sites\/16\/2025\/08\/PXL_20250815_101635494-scaled.jpg\"><img loading=\"lazy\" decoding=\"async\" width=\"1024\" height=\"962\" data-id=\"320\" src=\"https:\/\/www.markusreisen.de\/prag\/wp-content\/uploads\/sites\/16\/2025\/08\/PXL_20250815_101635494-1024x962.jpg\" alt=\"\" class=\"wp-image-320\" srcset=\"https:\/\/www.markusreisen.de\/prag\/wp-content\/uploads\/sites\/16\/2025\/08\/PXL_20250815_101635494-1024x962.jpg 1024w, https:\/\/www.markusreisen.de\/prag\/wp-content\/uploads\/sites\/16\/2025\/08\/PXL_20250815_101635494-300x282.jpg 300w, https:\/\/www.markusreisen.de\/prag\/wp-content\/uploads\/sites\/16\/2025\/08\/PXL_20250815_101635494-768x721.jpg 768w, https:\/\/www.markusreisen.de\/prag\/wp-content\/uploads\/sites\/16\/2025\/08\/PXL_20250815_101635494-1536x1443.jpg 1536w, https:\/\/www.markusreisen.de\/prag\/wp-content\/uploads\/sites\/16\/2025\/08\/PXL_20250815_101635494-2048x1924.jpg 2048w, https:\/\/www.markusreisen.de\/prag\/wp-content\/uploads\/sites\/16\/2025\/08\/PXL_20250815_101635494-1568x1473.jpg 1568w\" sizes=\"auto, (max-width: 1024px) 100vw, 1024px\" \/><\/a><figcaption class=\"wp-element-caption\">Quesadas<\/figcaption><\/figure>\n\n\n\n<figure class=\"wp-block-image size-large\"><a href=\"https:\/\/www.markusreisen.de\/prag\/wp-content\/uploads\/sites\/16\/2025\/08\/PXL_20250815_104603241.jpg\"><img loading=\"lazy\" decoding=\"async\" width=\"1024\" height=\"1013\" data-id=\"321\" src=\"https:\/\/www.markusreisen.de\/prag\/wp-content\/uploads\/sites\/16\/2025\/08\/PXL_20250815_104603241-1024x1013.jpg\" alt=\"\" class=\"wp-image-321\" srcset=\"https:\/\/www.markusreisen.de\/prag\/wp-content\/uploads\/sites\/16\/2025\/08\/PXL_20250815_104603241-1024x1013.jpg 1024w, https:\/\/www.markusreisen.de\/prag\/wp-content\/uploads\/sites\/16\/2025\/08\/PXL_20250815_104603241-300x297.jpg 300w, https:\/\/www.markusreisen.de\/prag\/wp-content\/uploads\/sites\/16\/2025\/08\/PXL_20250815_104603241-768x760.jpg 768w, https:\/\/www.markusreisen.de\/prag\/wp-content\/uploads\/sites\/16\/2025\/08\/PXL_20250815_104603241-1536x1520.jpg 1536w, https:\/\/www.markusreisen.de\/prag\/wp-content\/uploads\/sites\/16\/2025\/08\/PXL_20250815_104603241-2048x2027.jpg 2048w, https:\/\/www.markusreisen.de\/prag\/wp-content\/uploads\/sites\/16\/2025\/08\/PXL_20250815_104603241-1568x1552.jpg 1568w\" sizes=\"auto, (max-width: 1024px) 100vw, 1024px\" \/><\/a><figcaption class=\"wp-element-caption\">Kol\u00e1\u010de mit Aprikosen. Nur die Streusel sind s\u00fc\u00df: Teig, Fr\u00fcchte und Frischk\u00e4se sind zucker\u00e4rmer.<\/figcaption><\/figure>\n\n\n\n<figure class=\"wp-block-image size-large\"><a href=\"https:\/\/www.markusreisen.de\/prag\/wp-content\/uploads\/sites\/16\/2025\/08\/PXL_20250815_153933313-scaled.jpg\"><img loading=\"lazy\" decoding=\"async\" width=\"1024\" height=\"821\" data-id=\"331\" src=\"https:\/\/www.markusreisen.de\/prag\/wp-content\/uploads\/sites\/16\/2025\/08\/PXL_20250815_153933313-1024x821.jpg\" alt=\"\" class=\"wp-image-331\" srcset=\"https:\/\/www.markusreisen.de\/prag\/wp-content\/uploads\/sites\/16\/2025\/08\/PXL_20250815_153933313-1024x821.jpg 1024w, https:\/\/www.markusreisen.de\/prag\/wp-content\/uploads\/sites\/16\/2025\/08\/PXL_20250815_153933313-300x241.jpg 300w, https:\/\/www.markusreisen.de\/prag\/wp-content\/uploads\/sites\/16\/2025\/08\/PXL_20250815_153933313-768x616.jpg 768w, https:\/\/www.markusreisen.de\/prag\/wp-content\/uploads\/sites\/16\/2025\/08\/PXL_20250815_153933313-1536x1232.jpg 1536w, https:\/\/www.markusreisen.de\/prag\/wp-content\/uploads\/sites\/16\/2025\/08\/PXL_20250815_153933313-2048x1642.jpg 2048w, https:\/\/www.markusreisen.de\/prag\/wp-content\/uploads\/sites\/16\/2025\/08\/PXL_20250815_153933313-1568x1257.jpg 1568w\" sizes=\"auto, (max-width: 1024px) 100vw, 1024px\" \/><\/a><figcaption class=\"wp-element-caption\">Oktopuscarpaccio im River Smoke Lab<\/figcaption><\/figure>\n\n\n\n<figure class=\"wp-block-image size-large\"><a href=\"https:\/\/www.markusreisen.de\/prag\/wp-content\/uploads\/sites\/16\/2025\/08\/PXL_20250815_161215803-scaled.jpg\"><img loading=\"lazy\" decoding=\"async\" width=\"1024\" height=\"396\" data-id=\"332\" src=\"https:\/\/www.markusreisen.de\/prag\/wp-content\/uploads\/sites\/16\/2025\/08\/PXL_20250815_161215803-1024x396.jpg\" alt=\"\" class=\"wp-image-332\" srcset=\"https:\/\/www.markusreisen.de\/prag\/wp-content\/uploads\/sites\/16\/2025\/08\/PXL_20250815_161215803-1024x396.jpg 1024w, https:\/\/www.markusreisen.de\/prag\/wp-content\/uploads\/sites\/16\/2025\/08\/PXL_20250815_161215803-300x116.jpg 300w, https:\/\/www.markusreisen.de\/prag\/wp-content\/uploads\/sites\/16\/2025\/08\/PXL_20250815_161215803-768x297.jpg 768w, https:\/\/www.markusreisen.de\/prag\/wp-content\/uploads\/sites\/16\/2025\/08\/PXL_20250815_161215803-1536x594.jpg 1536w, https:\/\/www.markusreisen.de\/prag\/wp-content\/uploads\/sites\/16\/2025\/08\/PXL_20250815_161215803-2048x793.jpg 2048w, https:\/\/www.markusreisen.de\/prag\/wp-content\/uploads\/sites\/16\/2025\/08\/PXL_20250815_161215803-1568x607.jpg 1568w\" sizes=\"auto, (max-width: 1024px) 100vw, 1024px\" \/><\/a><figcaption class=\"wp-element-caption\">Platte mit verschiedenen hei\u00dfger\u00e4ucherten Fleischst\u00fccken im River Smoke Lab<\/figcaption><\/figure>\n\n\n\n<figure class=\"wp-block-image size-large\"><a href=\"https:\/\/www.markusreisen.de\/prag\/wp-content\/uploads\/sites\/16\/2025\/08\/PXL_20250815_164511046.jpg\"><img loading=\"lazy\" decoding=\"async\" width=\"997\" height=\"1024\" data-id=\"333\" src=\"https:\/\/www.markusreisen.de\/prag\/wp-content\/uploads\/sites\/16\/2025\/08\/PXL_20250815_164511046-997x1024.jpg\" alt=\"\" class=\"wp-image-333\" srcset=\"https:\/\/www.markusreisen.de\/prag\/wp-content\/uploads\/sites\/16\/2025\/08\/PXL_20250815_164511046-997x1024.jpg 997w, https:\/\/www.markusreisen.de\/prag\/wp-content\/uploads\/sites\/16\/2025\/08\/PXL_20250815_164511046-292x300.jpg 292w, https:\/\/www.markusreisen.de\/prag\/wp-content\/uploads\/sites\/16\/2025\/08\/PXL_20250815_164511046-768x789.jpg 768w, https:\/\/www.markusreisen.de\/prag\/wp-content\/uploads\/sites\/16\/2025\/08\/PXL_20250815_164511046-1496x1536.jpg 1496w, https:\/\/www.markusreisen.de\/prag\/wp-content\/uploads\/sites\/16\/2025\/08\/PXL_20250815_164511046-1568x1610.jpg 1568w, https:\/\/www.markusreisen.de\/prag\/wp-content\/uploads\/sites\/16\/2025\/08\/PXL_20250815_164511046.jpg 1945w\" sizes=\"auto, (max-width: 997px) 100vw, 997px\" \/><\/a><figcaption class=\"wp-element-caption\">Smoky Cherry Shot<\/figcaption><\/figure>\n\n\n\n<figure class=\"wp-block-image size-large\"><a href=\"https:\/\/www.markusreisen.de\/prag\/wp-content\/uploads\/sites\/16\/2025\/08\/PXL_20250816_095911138-scaled.jpg\"><img loading=\"lazy\" decoding=\"async\" width=\"1024\" height=\"775\" data-id=\"336\" src=\"https:\/\/www.markusreisen.de\/prag\/wp-content\/uploads\/sites\/16\/2025\/08\/PXL_20250816_095911138-1024x775.jpg\" alt=\"\" class=\"wp-image-336\" srcset=\"https:\/\/www.markusreisen.de\/prag\/wp-content\/uploads\/sites\/16\/2025\/08\/PXL_20250816_095911138-1024x775.jpg 1024w, https:\/\/www.markusreisen.de\/prag\/wp-content\/uploads\/sites\/16\/2025\/08\/PXL_20250816_095911138-300x227.jpg 300w, https:\/\/www.markusreisen.de\/prag\/wp-content\/uploads\/sites\/16\/2025\/08\/PXL_20250816_095911138-768x581.jpg 768w, https:\/\/www.markusreisen.de\/prag\/wp-content\/uploads\/sites\/16\/2025\/08\/PXL_20250816_095911138-1536x1162.jpg 1536w, https:\/\/www.markusreisen.de\/prag\/wp-content\/uploads\/sites\/16\/2025\/08\/PXL_20250816_095911138-2048x1550.jpg 2048w, https:\/\/www.markusreisen.de\/prag\/wp-content\/uploads\/sites\/16\/2025\/08\/PXL_20250816_095911138-1568x1187.jpg 1568w\" sizes=\"auto, (max-width: 1024px) 100vw, 1024px\" \/><\/a><figcaption class=\"wp-element-caption\">Chicago Style Hotdog mit frittierten sauren Gurken(!)<\/figcaption><\/figure>\n\n\n\n<figure class=\"wp-block-image size-large\"><a href=\"https:\/\/www.markusreisen.de\/prag\/wp-content\/uploads\/sites\/16\/2025\/08\/PXL_20250816_165816070-scaled.jpg\"><img loading=\"lazy\" decoding=\"async\" width=\"1024\" height=\"634\" data-id=\"344\" src=\"https:\/\/www.markusreisen.de\/prag\/wp-content\/uploads\/sites\/16\/2025\/08\/PXL_20250816_165816070-1024x634.jpg\" alt=\"\" class=\"wp-image-344\" srcset=\"https:\/\/www.markusreisen.de\/prag\/wp-content\/uploads\/sites\/16\/2025\/08\/PXL_20250816_165816070-1024x634.jpg 1024w, https:\/\/www.markusreisen.de\/prag\/wp-content\/uploads\/sites\/16\/2025\/08\/PXL_20250816_165816070-300x186.jpg 300w, https:\/\/www.markusreisen.de\/prag\/wp-content\/uploads\/sites\/16\/2025\/08\/PXL_20250816_165816070-768x476.jpg 768w, https:\/\/www.markusreisen.de\/prag\/wp-content\/uploads\/sites\/16\/2025\/08\/PXL_20250816_165816070-1536x951.jpg 1536w, https:\/\/www.markusreisen.de\/prag\/wp-content\/uploads\/sites\/16\/2025\/08\/PXL_20250816_165816070-2048x1268.jpg 2048w, https:\/\/www.markusreisen.de\/prag\/wp-content\/uploads\/sites\/16\/2025\/08\/PXL_20250816_165816070-1568x971.jpg 1568w\" sizes=\"auto, (max-width: 1024px) 100vw, 1024px\" \/><\/a><figcaption class=\"wp-element-caption\">Papayasalat und Wontonsuppe im Old Hanoi<\/figcaption><\/figure>\n<\/figure>\n\n\n\n<h2 class=\"wp-block-heading\">Grotta<\/h2>\n\n\n\n<p>Es war ja mal in Europa Mode, sich eine k\u00fcnstiche Grotte anzulegen. Die von Prag befindet sich lustigerweise nicht in der Burg oder deren G\u00e4rten, sondern in den <a href=\"https:\/\/de.wikipedia.org\/wiki\/Havl%C3%AD%C4%8Dek-Anlagen\" data-type=\"link\" data-id=\"https:\/\/de.wikipedia.org\/wiki\/Havl%C3%AD%C4%8Dek-Anlagen\">Havl\u00ed\u010dek-Anlagen<\/a>. Urspr\u00fcnglich das Anwesen der Villa Gr\u00f6be, nunmehr ein \u00f6ffentlicher Park.<\/p>\n\n\n\n<figure class=\"wp-block-gallery has-nested-images columns-1 is-cropped wp-block-gallery-6 is-layout-flex wp-block-gallery-is-layout-flex\">\n<figure class=\"wp-block-image size-large\"><a href=\"https:\/\/www.markusreisen.de\/prag\/wp-content\/uploads\/sites\/16\/2025\/08\/PXL_20250815_111157085-scaled.jpg\"><img loading=\"lazy\" decoding=\"async\" width=\"1024\" height=\"771\" data-id=\"322\" src=\"https:\/\/www.markusreisen.de\/prag\/wp-content\/uploads\/sites\/16\/2025\/08\/PXL_20250815_111157085-1024x771.jpg\" alt=\"\" class=\"wp-image-322\" srcset=\"https:\/\/www.markusreisen.de\/prag\/wp-content\/uploads\/sites\/16\/2025\/08\/PXL_20250815_111157085-1024x771.jpg 1024w, https:\/\/www.markusreisen.de\/prag\/wp-content\/uploads\/sites\/16\/2025\/08\/PXL_20250815_111157085-300x226.jpg 300w, https:\/\/www.markusreisen.de\/prag\/wp-content\/uploads\/sites\/16\/2025\/08\/PXL_20250815_111157085-768x578.jpg 768w, https:\/\/www.markusreisen.de\/prag\/wp-content\/uploads\/sites\/16\/2025\/08\/PXL_20250815_111157085-1536x1157.jpg 1536w, https:\/\/www.markusreisen.de\/prag\/wp-content\/uploads\/sites\/16\/2025\/08\/PXL_20250815_111157085-2048x1542.jpg 2048w, https:\/\/www.markusreisen.de\/prag\/wp-content\/uploads\/sites\/16\/2025\/08\/PXL_20250815_111157085-1568x1181.jpg 1568w\" sizes=\"auto, (max-width: 1024px) 100vw, 1024px\" \/><\/a><\/figure>\n\n\n\n<figure class=\"wp-block-image size-large\"><a href=\"https:\/\/www.markusreisen.de\/prag\/wp-content\/uploads\/sites\/16\/2025\/08\/PXL_20250815_111551072-scaled.jpg\"><img loading=\"lazy\" decoding=\"async\" width=\"1024\" height=\"763\" data-id=\"323\" src=\"https:\/\/www.markusreisen.de\/prag\/wp-content\/uploads\/sites\/16\/2025\/08\/PXL_20250815_111551072-1024x763.jpg\" alt=\"\" class=\"wp-image-323\" srcset=\"https:\/\/www.markusreisen.de\/prag\/wp-content\/uploads\/sites\/16\/2025\/08\/PXL_20250815_111551072-1024x763.jpg 1024w, https:\/\/www.markusreisen.de\/prag\/wp-content\/uploads\/sites\/16\/2025\/08\/PXL_20250815_111551072-300x224.jpg 300w, https:\/\/www.markusreisen.de\/prag\/wp-content\/uploads\/sites\/16\/2025\/08\/PXL_20250815_111551072-768x572.jpg 768w, https:\/\/www.markusreisen.de\/prag\/wp-content\/uploads\/sites\/16\/2025\/08\/PXL_20250815_111551072-1536x1145.jpg 1536w, https:\/\/www.markusreisen.de\/prag\/wp-content\/uploads\/sites\/16\/2025\/08\/PXL_20250815_111551072-2048x1527.jpg 2048w, https:\/\/www.markusreisen.de\/prag\/wp-content\/uploads\/sites\/16\/2025\/08\/PXL_20250815_111551072-1568x1169.jpg 1568w\" sizes=\"auto, (max-width: 1024px) 100vw, 1024px\" \/><\/a><\/figure>\n\n\n\n<figure class=\"wp-block-image size-large\"><a href=\"https:\/\/www.markusreisen.de\/prag\/wp-content\/uploads\/sites\/16\/2025\/08\/PXL_20250815_111610581-scaled.jpg\"><img loading=\"lazy\" decoding=\"async\" width=\"1024\" height=\"771\" data-id=\"324\" src=\"https:\/\/www.markusreisen.de\/prag\/wp-content\/uploads\/sites\/16\/2025\/08\/PXL_20250815_111610581-1024x771.jpg\" alt=\"\" class=\"wp-image-324\" srcset=\"https:\/\/www.markusreisen.de\/prag\/wp-content\/uploads\/sites\/16\/2025\/08\/PXL_20250815_111610581-1024x771.jpg 1024w, https:\/\/www.markusreisen.de\/prag\/wp-content\/uploads\/sites\/16\/2025\/08\/PXL_20250815_111610581-300x226.jpg 300w, https:\/\/www.markusreisen.de\/prag\/wp-content\/uploads\/sites\/16\/2025\/08\/PXL_20250815_111610581-768x578.jpg 768w, https:\/\/www.markusreisen.de\/prag\/wp-content\/uploads\/sites\/16\/2025\/08\/PXL_20250815_111610581-1536x1157.jpg 1536w, https:\/\/www.markusreisen.de\/prag\/wp-content\/uploads\/sites\/16\/2025\/08\/PXL_20250815_111610581-2048x1542.jpg 2048w, https:\/\/www.markusreisen.de\/prag\/wp-content\/uploads\/sites\/16\/2025\/08\/PXL_20250815_111610581-1568x1181.jpg 1568w\" sizes=\"auto, (max-width: 1024px) 100vw, 1024px\" \/><\/a><figcaption class=\"wp-element-caption\">Der Frosch hat ne Fluppe im Maul&#8230;<\/figcaption><\/figure>\n<\/figure>\n\n\n\n<p>Was kaum jemand wei\u00df: Bruchtal ist auch in dem Park gelegen, der Rat von Elrond ging gerade zu Ende:<\/p>\n\n\n\n<figure class=\"wp-block-image size-large\"><a href=\"https:\/\/www.markusreisen.de\/prag\/wp-content\/uploads\/sites\/16\/2025\/08\/PXL_20250815_111919393-scaled.jpg\"><img loading=\"lazy\" decoding=\"async\" width=\"1024\" height=\"725\" src=\"http:\/\/www.markusreisen.de\/prag\/wp-content\/uploads\/sites\/16\/2025\/08\/PXL_20250815_111919393-1024x725.jpg\" alt=\"\" class=\"wp-image-325\" srcset=\"https:\/\/www.markusreisen.de\/prag\/wp-content\/uploads\/sites\/16\/2025\/08\/PXL_20250815_111919393-1024x725.jpg 1024w, https:\/\/www.markusreisen.de\/prag\/wp-content\/uploads\/sites\/16\/2025\/08\/PXL_20250815_111919393-300x212.jpg 300w, https:\/\/www.markusreisen.de\/prag\/wp-content\/uploads\/sites\/16\/2025\/08\/PXL_20250815_111919393-768x544.jpg 768w, https:\/\/www.markusreisen.de\/prag\/wp-content\/uploads\/sites\/16\/2025\/08\/PXL_20250815_111919393-1536x1087.jpg 1536w, https:\/\/www.markusreisen.de\/prag\/wp-content\/uploads\/sites\/16\/2025\/08\/PXL_20250815_111919393-2048x1450.jpg 2048w, https:\/\/www.markusreisen.de\/prag\/wp-content\/uploads\/sites\/16\/2025\/08\/PXL_20250815_111919393-1568x1110.jpg 1568w\" sizes=\"auto, (max-width: 1024px) 100vw, 1024px\" \/><\/a><\/figure>\n\n\n\n<h2 class=\"wp-block-heading\">Letna Park<\/h2>\n\n\n\n<p>Dieser Park befindet sich am n\u00f6rdlichen Hochufer der Moldau. Der Trick ist, mit der Stra\u00dfenbahn bis nach oben zu fahren anstatt von der Moldau aus hochzukraxeln&#8230;<\/p>\n\n\n\n<figure class=\"wp-block-gallery has-nested-images columns-1 is-cropped wp-block-gallery-7 is-layout-flex wp-block-gallery-is-layout-flex\">\n<figure class=\"wp-block-image size-large\"><a href=\"https:\/\/www.markusreisen.de\/prag\/wp-content\/uploads\/sites\/16\/2025\/08\/DSC00421-scaled.jpg\"><img loading=\"lazy\" decoding=\"async\" width=\"1024\" height=\"663\" data-id=\"327\" src=\"https:\/\/www.markusreisen.de\/prag\/wp-content\/uploads\/sites\/16\/2025\/08\/DSC00421-1024x663.jpg\" alt=\"\" class=\"wp-image-327\" srcset=\"https:\/\/www.markusreisen.de\/prag\/wp-content\/uploads\/sites\/16\/2025\/08\/DSC00421-1024x663.jpg 1024w, https:\/\/www.markusreisen.de\/prag\/wp-content\/uploads\/sites\/16\/2025\/08\/DSC00421-300x194.jpg 300w, https:\/\/www.markusreisen.de\/prag\/wp-content\/uploads\/sites\/16\/2025\/08\/DSC00421-768x497.jpg 768w, https:\/\/www.markusreisen.de\/prag\/wp-content\/uploads\/sites\/16\/2025\/08\/DSC00421-1536x994.jpg 1536w, https:\/\/www.markusreisen.de\/prag\/wp-content\/uploads\/sites\/16\/2025\/08\/DSC00421-2048x1326.jpg 2048w, https:\/\/www.markusreisen.de\/prag\/wp-content\/uploads\/sites\/16\/2025\/08\/DSC00421-1568x1015.jpg 1568w\" sizes=\"auto, (max-width: 1024px) 100vw, 1024px\" \/><\/a><\/figure>\n\n\n\n<figure class=\"wp-block-image size-large\"><a href=\"https:\/\/www.markusreisen.de\/prag\/wp-content\/uploads\/sites\/16\/2025\/08\/PXL_20250816_084256713-scaled.jpg\"><img loading=\"lazy\" decoding=\"async\" width=\"1024\" height=\"771\" data-id=\"334\" src=\"https:\/\/www.markusreisen.de\/prag\/wp-content\/uploads\/sites\/16\/2025\/08\/PXL_20250816_084256713-1024x771.jpg\" alt=\"\" class=\"wp-image-334\" srcset=\"https:\/\/www.markusreisen.de\/prag\/wp-content\/uploads\/sites\/16\/2025\/08\/PXL_20250816_084256713-1024x771.jpg 1024w, https:\/\/www.markusreisen.de\/prag\/wp-content\/uploads\/sites\/16\/2025\/08\/PXL_20250816_084256713-300x226.jpg 300w, https:\/\/www.markusreisen.de\/prag\/wp-content\/uploads\/sites\/16\/2025\/08\/PXL_20250816_084256713-768x578.jpg 768w, https:\/\/www.markusreisen.de\/prag\/wp-content\/uploads\/sites\/16\/2025\/08\/PXL_20250816_084256713-1536x1157.jpg 1536w, https:\/\/www.markusreisen.de\/prag\/wp-content\/uploads\/sites\/16\/2025\/08\/PXL_20250816_084256713-2048x1542.jpg 2048w, https:\/\/www.markusreisen.de\/prag\/wp-content\/uploads\/sites\/16\/2025\/08\/PXL_20250816_084256713-1568x1181.jpg 1568w\" sizes=\"auto, (max-width: 1024px) 100vw, 1024px\" \/><\/a><\/figure>\n\n\n\n<figure class=\"wp-block-image size-large\"><a href=\"https:\/\/www.markusreisen.de\/prag\/wp-content\/uploads\/sites\/16\/2025\/08\/DSC00422-scaled.jpg\"><img loading=\"lazy\" decoding=\"async\" width=\"1024\" height=\"683\" data-id=\"328\" src=\"https:\/\/www.markusreisen.de\/prag\/wp-content\/uploads\/sites\/16\/2025\/08\/DSC00422-1024x683.jpg\" alt=\"\" class=\"wp-image-328\" srcset=\"https:\/\/www.markusreisen.de\/prag\/wp-content\/uploads\/sites\/16\/2025\/08\/DSC00422-1024x683.jpg 1024w, https:\/\/www.markusreisen.de\/prag\/wp-content\/uploads\/sites\/16\/2025\/08\/DSC00422-300x200.jpg 300w, https:\/\/www.markusreisen.de\/prag\/wp-content\/uploads\/sites\/16\/2025\/08\/DSC00422-768x512.jpg 768w, https:\/\/www.markusreisen.de\/prag\/wp-content\/uploads\/sites\/16\/2025\/08\/DSC00422-1536x1024.jpg 1536w, https:\/\/www.markusreisen.de\/prag\/wp-content\/uploads\/sites\/16\/2025\/08\/DSC00422-2048x1365.jpg 2048w, https:\/\/www.markusreisen.de\/prag\/wp-content\/uploads\/sites\/16\/2025\/08\/DSC00422-1568x1045.jpg 1568w\" sizes=\"auto, (max-width: 1024px) 100vw, 1024px\" \/><\/a><figcaption class=\"wp-element-caption\">Der Prager Metronom. Diesmal &#8222;tickte&#8220; er auch.<\/figcaption><\/figure>\n\n\n\n<figure class=\"wp-block-image size-large\"><a href=\"https:\/\/www.markusreisen.de\/prag\/wp-content\/uploads\/sites\/16\/2025\/08\/DSC00424-scaled.jpg\"><img loading=\"lazy\" decoding=\"async\" width=\"1024\" height=\"683\" data-id=\"329\" src=\"https:\/\/www.markusreisen.de\/prag\/wp-content\/uploads\/sites\/16\/2025\/08\/DSC00424-1024x683.jpg\" alt=\"\" class=\"wp-image-329\" srcset=\"https:\/\/www.markusreisen.de\/prag\/wp-content\/uploads\/sites\/16\/2025\/08\/DSC00424-1024x683.jpg 1024w, https:\/\/www.markusreisen.de\/prag\/wp-content\/uploads\/sites\/16\/2025\/08\/DSC00424-300x200.jpg 300w, https:\/\/www.markusreisen.de\/prag\/wp-content\/uploads\/sites\/16\/2025\/08\/DSC00424-768x512.jpg 768w, https:\/\/www.markusreisen.de\/prag\/wp-content\/uploads\/sites\/16\/2025\/08\/DSC00424-1536x1024.jpg 1536w, https:\/\/www.markusreisen.de\/prag\/wp-content\/uploads\/sites\/16\/2025\/08\/DSC00424-2048x1365.jpg 2048w, https:\/\/www.markusreisen.de\/prag\/wp-content\/uploads\/sites\/16\/2025\/08\/DSC00424-1568x1045.jpg 1568w\" sizes=\"auto, (max-width: 1024px) 100vw, 1024px\" \/><\/a><\/figure>\n\n\n\n<figure class=\"wp-block-image size-large\"><a href=\"https:\/\/www.markusreisen.de\/prag\/wp-content\/uploads\/sites\/16\/2025\/08\/DSC00428-scaled.jpg\"><img loading=\"lazy\" decoding=\"async\" width=\"1024\" height=\"683\" data-id=\"330\" src=\"https:\/\/www.markusreisen.de\/prag\/wp-content\/uploads\/sites\/16\/2025\/08\/DSC00428-1024x683.jpg\" alt=\"\" class=\"wp-image-330\" srcset=\"https:\/\/www.markusreisen.de\/prag\/wp-content\/uploads\/sites\/16\/2025\/08\/DSC00428-1024x683.jpg 1024w, https:\/\/www.markusreisen.de\/prag\/wp-content\/uploads\/sites\/16\/2025\/08\/DSC00428-300x200.jpg 300w, https:\/\/www.markusreisen.de\/prag\/wp-content\/uploads\/sites\/16\/2025\/08\/DSC00428-768x512.jpg 768w, https:\/\/www.markusreisen.de\/prag\/wp-content\/uploads\/sites\/16\/2025\/08\/DSC00428-1536x1024.jpg 1536w, https:\/\/www.markusreisen.de\/prag\/wp-content\/uploads\/sites\/16\/2025\/08\/DSC00428-2048x1365.jpg 2048w, https:\/\/www.markusreisen.de\/prag\/wp-content\/uploads\/sites\/16\/2025\/08\/DSC00428-1568x1045.jpg 1568w\" sizes=\"auto, (max-width: 1024px) 100vw, 1024px\" \/><\/a><\/figure>\n\n\n\n<figure class=\"wp-block-image size-large\"><a href=\"https:\/\/www.markusreisen.de\/prag\/wp-content\/uploads\/sites\/16\/2025\/08\/PXL_20250816_094007021-scaled.jpg\"><img loading=\"lazy\" decoding=\"async\" width=\"1024\" height=\"771\" data-id=\"335\" src=\"https:\/\/www.markusreisen.de\/prag\/wp-content\/uploads\/sites\/16\/2025\/08\/PXL_20250816_094007021-1024x771.jpg\" alt=\"\" class=\"wp-image-335\" srcset=\"https:\/\/www.markusreisen.de\/prag\/wp-content\/uploads\/sites\/16\/2025\/08\/PXL_20250816_094007021-1024x771.jpg 1024w, https:\/\/www.markusreisen.de\/prag\/wp-content\/uploads\/sites\/16\/2025\/08\/PXL_20250816_094007021-300x226.jpg 300w, https:\/\/www.markusreisen.de\/prag\/wp-content\/uploads\/sites\/16\/2025\/08\/PXL_20250816_094007021-768x578.jpg 768w, https:\/\/www.markusreisen.de\/prag\/wp-content\/uploads\/sites\/16\/2025\/08\/PXL_20250816_094007021-1536x1157.jpg 1536w, https:\/\/www.markusreisen.de\/prag\/wp-content\/uploads\/sites\/16\/2025\/08\/PXL_20250816_094007021-2048x1542.jpg 2048w, https:\/\/www.markusreisen.de\/prag\/wp-content\/uploads\/sites\/16\/2025\/08\/PXL_20250816_094007021-1568x1181.jpg 1568w\" sizes=\"auto, (max-width: 1024px) 100vw, 1024px\" \/><\/a><\/figure>\n<\/figure>\n\n\n\n<h2 class=\"wp-block-heading\">LEVELS Prague<\/h2>\n\n\n\n<p>In Japan geht die \u00c4ra der gro\u00dfen Arcades, also Spielhallen mit Videospielen, Kranspielen u.\u00e4. zu Ende. In Prag geht sie gerade erst los, denn es wurde ein neues Gesch\u00e4ftsmodell gefunden: Arcade mit Cocktailbar. So k\u00f6nnen die Kinder spielen und die Erwachsenen trinken (oder trinken und saufen, je nach Pr\u00e4ferenz). Videospiele, Flipper, Minigolf, Autoscooter u.v.a.m. und auf jedem Stockwerk zwei oder mehr Bars. Kommt offensichtlich an, es war durchaus was los.<\/p>\n\n\n\n<figure class=\"wp-block-gallery has-nested-images columns-1 is-cropped wp-block-gallery-8 is-layout-flex wp-block-gallery-is-layout-flex\">\n<figure class=\"wp-block-image size-large\"><a href=\"https:\/\/www.markusreisen.de\/prag\/wp-content\/uploads\/sites\/16\/2025\/08\/PXL_20250816_112041258-scaled.jpg\"><img loading=\"lazy\" decoding=\"async\" width=\"1024\" height=\"655\" data-id=\"338\" src=\"https:\/\/www.markusreisen.de\/prag\/wp-content\/uploads\/sites\/16\/2025\/08\/PXL_20250816_112041258-1024x655.jpg\" alt=\"\" class=\"wp-image-338\" srcset=\"https:\/\/www.markusreisen.de\/prag\/wp-content\/uploads\/sites\/16\/2025\/08\/PXL_20250816_112041258-1024x655.jpg 1024w, https:\/\/www.markusreisen.de\/prag\/wp-content\/uploads\/sites\/16\/2025\/08\/PXL_20250816_112041258-300x192.jpg 300w, https:\/\/www.markusreisen.de\/prag\/wp-content\/uploads\/sites\/16\/2025\/08\/PXL_20250816_112041258-768x491.jpg 768w, https:\/\/www.markusreisen.de\/prag\/wp-content\/uploads\/sites\/16\/2025\/08\/PXL_20250816_112041258-1536x982.jpg 1536w, https:\/\/www.markusreisen.de\/prag\/wp-content\/uploads\/sites\/16\/2025\/08\/PXL_20250816_112041258-2048x1309.jpg 2048w, https:\/\/www.markusreisen.de\/prag\/wp-content\/uploads\/sites\/16\/2025\/08\/PXL_20250816_112041258-1568x1002.jpg 1568w\" sizes=\"auto, (max-width: 1024px) 100vw, 1024px\" \/><\/a><\/figure>\n\n\n\n<figure class=\"wp-block-image size-large\"><a href=\"https:\/\/www.markusreisen.de\/prag\/wp-content\/uploads\/sites\/16\/2025\/08\/PXL_20250816_112120657-scaled.jpg\"><img loading=\"lazy\" decoding=\"async\" width=\"1024\" height=\"696\" data-id=\"339\" src=\"https:\/\/www.markusreisen.de\/prag\/wp-content\/uploads\/sites\/16\/2025\/08\/PXL_20250816_112120657-1024x696.jpg\" alt=\"\" class=\"wp-image-339\" srcset=\"https:\/\/www.markusreisen.de\/prag\/wp-content\/uploads\/sites\/16\/2025\/08\/PXL_20250816_112120657-1024x696.jpg 1024w, https:\/\/www.markusreisen.de\/prag\/wp-content\/uploads\/sites\/16\/2025\/08\/PXL_20250816_112120657-300x204.jpg 300w, https:\/\/www.markusreisen.de\/prag\/wp-content\/uploads\/sites\/16\/2025\/08\/PXL_20250816_112120657-768x522.jpg 768w, https:\/\/www.markusreisen.de\/prag\/wp-content\/uploads\/sites\/16\/2025\/08\/PXL_20250816_112120657-1536x1044.jpg 1536w, https:\/\/www.markusreisen.de\/prag\/wp-content\/uploads\/sites\/16\/2025\/08\/PXL_20250816_112120657-2048x1392.jpg 2048w, https:\/\/www.markusreisen.de\/prag\/wp-content\/uploads\/sites\/16\/2025\/08\/PXL_20250816_112120657-1568x1066.jpg 1568w\" sizes=\"auto, (max-width: 1024px) 100vw, 1024px\" \/><\/a><\/figure>\n\n\n\n<figure class=\"wp-block-image size-large\"><a href=\"https:\/\/www.markusreisen.de\/prag\/wp-content\/uploads\/sites\/16\/2025\/08\/PXL_20250816_112124761-scaled.jpg\"><img loading=\"lazy\" decoding=\"async\" width=\"1024\" height=\"630\" data-id=\"340\" src=\"https:\/\/www.markusreisen.de\/prag\/wp-content\/uploads\/sites\/16\/2025\/08\/PXL_20250816_112124761-1024x630.jpg\" alt=\"\" class=\"wp-image-340\" srcset=\"https:\/\/www.markusreisen.de\/prag\/wp-content\/uploads\/sites\/16\/2025\/08\/PXL_20250816_112124761-1024x630.jpg 1024w, https:\/\/www.markusreisen.de\/prag\/wp-content\/uploads\/sites\/16\/2025\/08\/PXL_20250816_112124761-300x184.jpg 300w, https:\/\/www.markusreisen.de\/prag\/wp-content\/uploads\/sites\/16\/2025\/08\/PXL_20250816_112124761-768x472.jpg 768w, https:\/\/www.markusreisen.de\/prag\/wp-content\/uploads\/sites\/16\/2025\/08\/PXL_20250816_112124761-1536x945.jpg 1536w, https:\/\/www.markusreisen.de\/prag\/wp-content\/uploads\/sites\/16\/2025\/08\/PXL_20250816_112124761-2048x1259.jpg 2048w, https:\/\/www.markusreisen.de\/prag\/wp-content\/uploads\/sites\/16\/2025\/08\/PXL_20250816_112124761-1568x964.jpg 1568w\" sizes=\"auto, (max-width: 1024px) 100vw, 1024px\" \/><\/a><\/figure>\n\n\n\n<figure class=\"wp-block-image size-large\"><a href=\"https:\/\/www.markusreisen.de\/prag\/wp-content\/uploads\/sites\/16\/2025\/08\/PXL_20250816_112534339-scaled.jpg\"><img loading=\"lazy\" decoding=\"async\" width=\"1024\" height=\"660\" data-id=\"341\" src=\"https:\/\/www.markusreisen.de\/prag\/wp-content\/uploads\/sites\/16\/2025\/08\/PXL_20250816_112534339-1024x660.jpg\" alt=\"\" class=\"wp-image-341\" srcset=\"https:\/\/www.markusreisen.de\/prag\/wp-content\/uploads\/sites\/16\/2025\/08\/PXL_20250816_112534339-1024x660.jpg 1024w, https:\/\/www.markusreisen.de\/prag\/wp-content\/uploads\/sites\/16\/2025\/08\/PXL_20250816_112534339-300x193.jpg 300w, https:\/\/www.markusreisen.de\/prag\/wp-content\/uploads\/sites\/16\/2025\/08\/PXL_20250816_112534339-768x495.jpg 768w, https:\/\/www.markusreisen.de\/prag\/wp-content\/uploads\/sites\/16\/2025\/08\/PXL_20250816_112534339-1536x990.jpg 1536w, https:\/\/www.markusreisen.de\/prag\/wp-content\/uploads\/sites\/16\/2025\/08\/PXL_20250816_112534339-2048x1320.jpg 2048w, https:\/\/www.markusreisen.de\/prag\/wp-content\/uploads\/sites\/16\/2025\/08\/PXL_20250816_112534339-1568x1011.jpg 1568w\" sizes=\"auto, (max-width: 1024px) 100vw, 1024px\" \/><\/a><\/figure>\n\n\n\n<figure class=\"wp-block-image size-large\"><a href=\"https:\/\/www.markusreisen.de\/prag\/wp-content\/uploads\/sites\/16\/2025\/08\/PXL_20250816_112711024-scaled.jpg\"><img loading=\"lazy\" decoding=\"async\" width=\"1024\" height=\"414\" data-id=\"343\" src=\"https:\/\/www.markusreisen.de\/prag\/wp-content\/uploads\/sites\/16\/2025\/08\/PXL_20250816_112711024-1024x414.jpg\" alt=\"\" class=\"wp-image-343\" srcset=\"https:\/\/www.markusreisen.de\/prag\/wp-content\/uploads\/sites\/16\/2025\/08\/PXL_20250816_112711024-1024x414.jpg 1024w, https:\/\/www.markusreisen.de\/prag\/wp-content\/uploads\/sites\/16\/2025\/08\/PXL_20250816_112711024-300x121.jpg 300w, https:\/\/www.markusreisen.de\/prag\/wp-content\/uploads\/sites\/16\/2025\/08\/PXL_20250816_112711024-768x310.jpg 768w, https:\/\/www.markusreisen.de\/prag\/wp-content\/uploads\/sites\/16\/2025\/08\/PXL_20250816_112711024-1536x621.jpg 1536w, https:\/\/www.markusreisen.de\/prag\/wp-content\/uploads\/sites\/16\/2025\/08\/PXL_20250816_112711024-2048x828.jpg 2048w, https:\/\/www.markusreisen.de\/prag\/wp-content\/uploads\/sites\/16\/2025\/08\/PXL_20250816_112711024-1568x634.jpg 1568w\" sizes=\"auto, (max-width: 1024px) 100vw, 1024px\" \/><\/a><\/figure>\n\n\n\n<figure class=\"wp-block-image size-large\"><a href=\"https:\/\/www.markusreisen.de\/prag\/wp-content\/uploads\/sites\/16\/2025\/08\/PXL_20250816_112634841-scaled.jpg\"><img loading=\"lazy\" decoding=\"async\" width=\"1024\" height=\"771\" data-id=\"342\" src=\"https:\/\/www.markusreisen.de\/prag\/wp-content\/uploads\/sites\/16\/2025\/08\/PXL_20250816_112634841-1024x771.jpg\" alt=\"\" class=\"wp-image-342\" srcset=\"https:\/\/www.markusreisen.de\/prag\/wp-content\/uploads\/sites\/16\/2025\/08\/PXL_20250816_112634841-1024x771.jpg 1024w, https:\/\/www.markusreisen.de\/prag\/wp-content\/uploads\/sites\/16\/2025\/08\/PXL_20250816_112634841-300x226.jpg 300w, https:\/\/www.markusreisen.de\/prag\/wp-content\/uploads\/sites\/16\/2025\/08\/PXL_20250816_112634841-768x578.jpg 768w, https:\/\/www.markusreisen.de\/prag\/wp-content\/uploads\/sites\/16\/2025\/08\/PXL_20250816_112634841-1536x1157.jpg 1536w, https:\/\/www.markusreisen.de\/prag\/wp-content\/uploads\/sites\/16\/2025\/08\/PXL_20250816_112634841-2048x1542.jpg 2048w, https:\/\/www.markusreisen.de\/prag\/wp-content\/uploads\/sites\/16\/2025\/08\/PXL_20250816_112634841-1568x1181.jpg 1568w\" sizes=\"auto, (max-width: 1024px) 100vw, 1024px\" \/><\/a><\/figure>\n<\/figure>\n\n\n\n<h2 class=\"wp-block-heading\">Zuf\u00e4llige Schnappsch\u00fcsse<\/h2>\n\n\n\n<figure class=\"wp-block-image size-large\"><a href=\"https:\/\/www.markusreisen.de\/prag\/wp-content\/uploads\/sites\/16\/2025\/08\/PXL_20250815_112524396-scaled.jpg\"><img loading=\"lazy\" decoding=\"async\" width=\"1024\" height=\"664\" src=\"http:\/\/www.markusreisen.de\/prag\/wp-content\/uploads\/sites\/16\/2025\/08\/PXL_20250815_112524396-1024x664.jpg\" alt=\"\" class=\"wp-image-326\" srcset=\"https:\/\/www.markusreisen.de\/prag\/wp-content\/uploads\/sites\/16\/2025\/08\/PXL_20250815_112524396-1024x664.jpg 1024w, https:\/\/www.markusreisen.de\/prag\/wp-content\/uploads\/sites\/16\/2025\/08\/PXL_20250815_112524396-300x195.jpg 300w, https:\/\/www.markusreisen.de\/prag\/wp-content\/uploads\/sites\/16\/2025\/08\/PXL_20250815_112524396-768x498.jpg 768w, https:\/\/www.markusreisen.de\/prag\/wp-content\/uploads\/sites\/16\/2025\/08\/PXL_20250815_112524396-1536x996.jpg 1536w, https:\/\/www.markusreisen.de\/prag\/wp-content\/uploads\/sites\/16\/2025\/08\/PXL_20250815_112524396-2048x1328.jpg 2048w, https:\/\/www.markusreisen.de\/prag\/wp-content\/uploads\/sites\/16\/2025\/08\/PXL_20250815_112524396-1568x1017.jpg 1568w\" sizes=\"auto, (max-width: 1024px) 100vw, 1024px\" \/><\/a><figcaption class=\"wp-element-caption\">Kitsch as Kitsch can&#8230;<\/figcaption><\/figure>\n\n\n\n<figure class=\"wp-block-image size-large\"><a href=\"https:\/\/www.markusreisen.de\/prag\/wp-content\/uploads\/sites\/16\/2025\/08\/PXL_20250816_103902548-scaled.jpg\"><img loading=\"lazy\" decoding=\"async\" width=\"1024\" height=\"624\" src=\"http:\/\/www.markusreisen.de\/prag\/wp-content\/uploads\/sites\/16\/2025\/08\/PXL_20250816_103902548-1024x624.jpg\" alt=\"\" class=\"wp-image-337\" srcset=\"https:\/\/www.markusreisen.de\/prag\/wp-content\/uploads\/sites\/16\/2025\/08\/PXL_20250816_103902548-1024x624.jpg 1024w, https:\/\/www.markusreisen.de\/prag\/wp-content\/uploads\/sites\/16\/2025\/08\/PXL_20250816_103902548-300x183.jpg 300w, https:\/\/www.markusreisen.de\/prag\/wp-content\/uploads\/sites\/16\/2025\/08\/PXL_20250816_103902548-768x468.jpg 768w, https:\/\/www.markusreisen.de\/prag\/wp-content\/uploads\/sites\/16\/2025\/08\/PXL_20250816_103902548-1536x937.jpg 1536w, https:\/\/www.markusreisen.de\/prag\/wp-content\/uploads\/sites\/16\/2025\/08\/PXL_20250816_103902548-2048x1249.jpg 2048w, https:\/\/www.markusreisen.de\/prag\/wp-content\/uploads\/sites\/16\/2025\/08\/PXL_20250816_103902548-1568x956.jpg 1568w\" sizes=\"auto, (max-width: 1024px) 100vw, 1024px\" \/><\/a><figcaption class=\"wp-element-caption\">Go, Lada, go!<\/figcaption><\/figure>\n\n\n\n<p>Und das war&#8217;s auch schon wieder, diesmal war ich ja nur zwei volle Tage in Prag. Vor allem am ersten Tag waren es 35 Grad und mehr, da habe ich dann irgendwann die Segel gestrichen und mich in mein klimatisiertes Hotelzimmer zur\u00fcckgezogen. Und nun hei\u00dft es Abschied nehmen und nach M\u00fcnchen zur\u00fcckfahren.<\/p>\n","protected":false},"excerpt":{"rendered":"<p>14.-17.08.2025 Mittlerweile ist es mir zur lieben Gewohnheit geworden, um Maria Himmelfahrt ein paar Tage in Prag auszuspannen. Da ich am Vortag noch arbeiten musste, aber m\u00f6glichst am fr\u00fchen Abend noch in Prag sein wollte, legte ich einen Zwischenstopp zum mobilen Arbeiten in Bayerisch Eisenstein ein. Bayerisch Eisenstein Das ist ein winziger Grenzort direkt an&hellip; <a class=\"more-link\" href=\"https:\/\/www.markusreisen.de\/prag\/2025\/08\/17\/august-2025-bayerisch-eisenstein-und-prag\/\"><span class=\"screen-reader-text\">August 2025 &#8211; Bayerisch Eisenstein und Prag<\/span> weiterlesen<\/a><\/p>\n","protected":false},"author":1,"featured_media":0,"comment_status":"open","ping_status":"open","sticky":false,"template":"","format":"standard","meta":{"footnotes":""},"categories":[1],"tags":[],"class_list":["post-347","post","type-post","status-publish","format-standard","hentry","category-allgemein","entry"],"_links":{"self":[{"href":"https:\/\/www.markusreisen.de\/prag\/wp-json\/wp\/v2\/posts\/347","targetHints":{"allow":["GET"]}}],"collection":[{"href":"https:\/\/www.markusreisen.de\/prag\/wp-json\/wp\/v2\/posts"}],"about":[{"href":"https:\/\/www.markusreisen.de\/prag\/wp-json\/wp\/v2\/types\/post"}],"author":[{"embeddable":true,"href":"https:\/\/www.markusreisen.de\/prag\/wp-json\/wp\/v2\/users\/1"}],"replies":[{"embeddable":true,"href":"https:\/\/www.markusreisen.de\/prag\/wp-json\/wp\/v2\/comments?post=347"}],"version-history":[{"count":3,"href":"https:\/\/www.markusreisen.de\/prag\/wp-json\/wp\/v2\/posts\/347\/revisions"}],"predecessor-version":[{"id":350,"href":"https:\/\/www.markusreisen.de\/prag\/wp-json\/wp\/v2\/posts\/347\/revisions\/350"}],"wp:attachment":[{"href":"https:\/\/www.markusreisen.de\/prag\/wp-json\/wp\/v2\/media?parent=347"}],"wp:term":[{"taxonomy":"category","embeddable":true,"href":"https:\/\/www.markusreisen.de\/prag\/wp-json\/wp\/v2\/categories?post=347"},{"taxonomy":"post_tag","embeddable":true,"href":"https:\/\/www.markusreisen.de\/prag\/wp-json\/wp\/v2\/tags?post=347"}],"curies":[{"name":"wp","href":"https:\/\/api.w.org\/{rel}","templated":true}]}}