{"id":154,"date":"2024-08-15T17:53:04","date_gmt":"2024-08-15T15:53:04","guid":{"rendered":"https:\/\/www.markusreisen.de\/prag\/?p=154"},"modified":"2024-08-17T17:55:54","modified_gmt":"2024-08-17T15:55:54","slug":"rueckkehr-nach-prag","status":"publish","type":"post","link":"https:\/\/www.markusreisen.de\/prag\/2024\/08\/15\/rueckkehr-nach-prag\/","title":{"rendered":"R\u00fcckkehr nach Prag August 2024"},"content":{"rendered":"\n<h2 class=\"wp-block-heading\">15.08.2024<\/h2>\n\n\n\n<p>Mein Job ist im August besonders stressig, da brauche ich immer mal wieder eine Auszeit und in Prag gef\u00e4llt es mir gut. Zumal ich nach 2011 und 2022 zum dritten Mal hier bin und die ganz gro\u00dfen Sehensw\u00fcrdigkeiten (Altstadt, Burg, Hochburg) schon kenne. Ich bin wieder im selben Hotel wie 2022 in Andel abgestiegen, das mir sehr gut gef\u00e4llt, allerdings dieses Mal teurer war als vor zwei Jahren.<\/p>\n\n\n\n<p>Umso besser, dass sie Inflation ansonsten in Prag anscheinend weniger wild war als in M\u00fcnchen. Die Preise kommen mir 30-40% g\u00fcnstiger als in M\u00fcnchen vor. Bier gibt es f\u00fcr ca. 60 Kronen (\u20ac2,40) und viele leckere Gerichte unter \u20ac10,-, da macht die Einkehr Spa\u00df. Tats\u00e4chlich ist Essen und Trinken ein Hauptgrund f\u00fcr mich, wieder in Prag zu sein. Mir schmeckt die tschechische K\u00fcche.<\/p>\n\n\n\n<figure class=\"wp-block-gallery has-nested-images columns-2 is-cropped wp-block-gallery-1 is-layout-flex wp-block-gallery-is-layout-flex\">\n<figure class=\"wp-block-image size-large\"><a href=\"https:\/\/www.markusreisen.de\/prag\/wp-content\/uploads\/sites\/16\/2024\/08\/PXL_20240814_170450708-scaled.jpg\"><img loading=\"lazy\" decoding=\"async\" width=\"1024\" height=\"867\" data-id=\"142\" src=\"https:\/\/www.markusreisen.de\/prag\/wp-content\/uploads\/sites\/16\/2024\/08\/PXL_20240814_170450708-1024x867.jpg\" alt=\"\" class=\"wp-image-142\" srcset=\"https:\/\/www.markusreisen.de\/prag\/wp-content\/uploads\/sites\/16\/2024\/08\/PXL_20240814_170450708-1024x867.jpg 1024w, https:\/\/www.markusreisen.de\/prag\/wp-content\/uploads\/sites\/16\/2024\/08\/PXL_20240814_170450708-300x254.jpg 300w, https:\/\/www.markusreisen.de\/prag\/wp-content\/uploads\/sites\/16\/2024\/08\/PXL_20240814_170450708-768x650.jpg 768w, https:\/\/www.markusreisen.de\/prag\/wp-content\/uploads\/sites\/16\/2024\/08\/PXL_20240814_170450708-1536x1300.jpg 1536w, https:\/\/www.markusreisen.de\/prag\/wp-content\/uploads\/sites\/16\/2024\/08\/PXL_20240814_170450708-2048x1733.jpg 2048w, https:\/\/www.markusreisen.de\/prag\/wp-content\/uploads\/sites\/16\/2024\/08\/PXL_20240814_170450708-1568x1327.jpg 1568w\" sizes=\"auto, (max-width: 1024px) 100vw, 1024px\" \/><\/a><figcaption class=\"wp-element-caption\">z.B. Utopenci (eingelegte Wurst)&#8230;<\/figcaption><\/figure>\n\n\n\n<figure class=\"wp-block-image size-large\"><a href=\"https:\/\/www.markusreisen.de\/prag\/wp-content\/uploads\/sites\/16\/2024\/08\/PXL_20240814_170632418-scaled.jpg\"><img loading=\"lazy\" decoding=\"async\" width=\"1024\" height=\"849\" data-id=\"143\" src=\"https:\/\/www.markusreisen.de\/prag\/wp-content\/uploads\/sites\/16\/2024\/08\/PXL_20240814_170632418-1024x849.jpg\" alt=\"\" class=\"wp-image-143\" srcset=\"https:\/\/www.markusreisen.de\/prag\/wp-content\/uploads\/sites\/16\/2024\/08\/PXL_20240814_170632418-1024x849.jpg 1024w, https:\/\/www.markusreisen.de\/prag\/wp-content\/uploads\/sites\/16\/2024\/08\/PXL_20240814_170632418-300x249.jpg 300w, https:\/\/www.markusreisen.de\/prag\/wp-content\/uploads\/sites\/16\/2024\/08\/PXL_20240814_170632418-768x636.jpg 768w, https:\/\/www.markusreisen.de\/prag\/wp-content\/uploads\/sites\/16\/2024\/08\/PXL_20240814_170632418-1536x1273.jpg 1536w, https:\/\/www.markusreisen.de\/prag\/wp-content\/uploads\/sites\/16\/2024\/08\/PXL_20240814_170632418-2048x1697.jpg 2048w, https:\/\/www.markusreisen.de\/prag\/wp-content\/uploads\/sites\/16\/2024\/08\/PXL_20240814_170632418-1568x1299.jpg 1568w\" sizes=\"auto, (max-width: 1024px) 100vw, 1024px\" \/><\/a><figcaption class=\"wp-element-caption\">&#8230;Tatar&#8230;<\/figcaption><\/figure>\n\n\n\n<figure class=\"wp-block-image size-large\"><a href=\"https:\/\/www.markusreisen.de\/prag\/wp-content\/uploads\/sites\/16\/2024\/08\/PXL_20240815_110249130-scaled.jpg\"><img loading=\"lazy\" decoding=\"async\" width=\"1024\" height=\"948\" data-id=\"151\" src=\"https:\/\/www.markusreisen.de\/prag\/wp-content\/uploads\/sites\/16\/2024\/08\/PXL_20240815_110249130-1024x948.jpg\" alt=\"\" class=\"wp-image-151\" srcset=\"https:\/\/www.markusreisen.de\/prag\/wp-content\/uploads\/sites\/16\/2024\/08\/PXL_20240815_110249130-1024x948.jpg 1024w, https:\/\/www.markusreisen.de\/prag\/wp-content\/uploads\/sites\/16\/2024\/08\/PXL_20240815_110249130-300x278.jpg 300w, https:\/\/www.markusreisen.de\/prag\/wp-content\/uploads\/sites\/16\/2024\/08\/PXL_20240815_110249130-768x711.jpg 768w, https:\/\/www.markusreisen.de\/prag\/wp-content\/uploads\/sites\/16\/2024\/08\/PXL_20240815_110249130-1536x1422.jpg 1536w, https:\/\/www.markusreisen.de\/prag\/wp-content\/uploads\/sites\/16\/2024\/08\/PXL_20240815_110249130-2048x1897.jpg 2048w, https:\/\/www.markusreisen.de\/prag\/wp-content\/uploads\/sites\/16\/2024\/08\/PXL_20240815_110249130-1568x1452.jpg 1568w\" sizes=\"auto, (max-width: 1024px) 100vw, 1024px\" \/><\/a><figcaption class=\"wp-element-caption\">&#8230;Carpaccio ist nicht tschechisch, aber hier erschwinglich&#8230;<\/figcaption><\/figure>\n\n\n\n<figure class=\"wp-block-image size-large\"><a href=\"https:\/\/www.markusreisen.de\/prag\/wp-content\/uploads\/sites\/16\/2024\/08\/PXL_20240815_105859874-scaled.jpg\"><img loading=\"lazy\" decoding=\"async\" width=\"1024\" height=\"771\" data-id=\"150\" src=\"https:\/\/www.markusreisen.de\/prag\/wp-content\/uploads\/sites\/16\/2024\/08\/PXL_20240815_105859874-1024x771.jpg\" alt=\"\" class=\"wp-image-150\" srcset=\"https:\/\/www.markusreisen.de\/prag\/wp-content\/uploads\/sites\/16\/2024\/08\/PXL_20240815_105859874-1024x771.jpg 1024w, https:\/\/www.markusreisen.de\/prag\/wp-content\/uploads\/sites\/16\/2024\/08\/PXL_20240815_105859874-300x226.jpg 300w, https:\/\/www.markusreisen.de\/prag\/wp-content\/uploads\/sites\/16\/2024\/08\/PXL_20240815_105859874-768x578.jpg 768w, https:\/\/www.markusreisen.de\/prag\/wp-content\/uploads\/sites\/16\/2024\/08\/PXL_20240815_105859874-1536x1157.jpg 1536w, https:\/\/www.markusreisen.de\/prag\/wp-content\/uploads\/sites\/16\/2024\/08\/PXL_20240815_105859874-2048x1542.jpg 2048w, https:\/\/www.markusreisen.de\/prag\/wp-content\/uploads\/sites\/16\/2024\/08\/PXL_20240815_105859874-1568x1181.jpg 1568w\" sizes=\"auto, (max-width: 1024px) 100vw, 1024px\" \/><\/a><figcaption class=\"wp-element-caption\">&#8230;und Bier!<\/figcaption><\/figure>\n<\/figure>\n\n\n\n<h2 class=\"wp-block-heading\">Pet\u0159\u00edn<\/h2>\n\n\n\n<p>Zwar kenne ich die ber\u00fchmtesten Sachen in Prag schon, aber es gibt immer noch viel zu entdecken. Ich war auf dem H\u00fcgel Pet\u0159\u00edn s\u00fcdlich des Schlosses und westlich der Moldau. Das ist ein Naherholungsgebiet mit sch\u00f6nen Aussichten und man kann mit einer Zahnradbahn hochfahren (funiculi, funicula, funiculi, funiculaaaaa!)<\/p>\n\n\n\n<figure class=\"wp-block-image size-large\"><a href=\"https:\/\/www.markusreisen.de\/prag\/wp-content\/uploads\/sites\/16\/2024\/08\/PXL_20240815_075645306-scaled.jpg\"><img loading=\"lazy\" decoding=\"async\" width=\"1024\" height=\"771\" src=\"http:\/\/www.markusreisen.de\/prag\/wp-content\/uploads\/sites\/16\/2024\/08\/PXL_20240815_075645306-1024x771.jpg\" alt=\"\" class=\"wp-image-144\" srcset=\"https:\/\/www.markusreisen.de\/prag\/wp-content\/uploads\/sites\/16\/2024\/08\/PXL_20240815_075645306-1024x771.jpg 1024w, https:\/\/www.markusreisen.de\/prag\/wp-content\/uploads\/sites\/16\/2024\/08\/PXL_20240815_075645306-300x226.jpg 300w, https:\/\/www.markusreisen.de\/prag\/wp-content\/uploads\/sites\/16\/2024\/08\/PXL_20240815_075645306-768x578.jpg 768w, https:\/\/www.markusreisen.de\/prag\/wp-content\/uploads\/sites\/16\/2024\/08\/PXL_20240815_075645306-1536x1157.jpg 1536w, https:\/\/www.markusreisen.de\/prag\/wp-content\/uploads\/sites\/16\/2024\/08\/PXL_20240815_075645306-2048x1542.jpg 2048w, https:\/\/www.markusreisen.de\/prag\/wp-content\/uploads\/sites\/16\/2024\/08\/PXL_20240815_075645306-1568x1181.jpg 1568w\" sizes=\"auto, (max-width: 1024px) 100vw, 1024px\" \/><\/a><figcaption class=\"wp-element-caption\">Das ist auch gut so, denn wenn man bei sommerlichen Temperaturen hochklettert, sieht man hinterher wahrscheinlich aus wie diese Skulptur.<\/figcaption><\/figure>\n\n\n\n<p>Oben an der Zahnradbahn wartet ein Rosengarten, obwohl den niemand versprochen hat:<\/p>\n\n\n\n<figure class=\"wp-block-gallery has-nested-images columns-1 is-cropped wp-block-gallery-2 is-layout-flex wp-block-gallery-is-layout-flex\">\n<figure class=\"wp-block-image size-large\"><a href=\"https:\/\/www.markusreisen.de\/prag\/wp-content\/uploads\/sites\/16\/2024\/08\/DSC02252-scaled.jpg\"><img loading=\"lazy\" decoding=\"async\" width=\"1024\" height=\"683\" data-id=\"112\" src=\"https:\/\/www.markusreisen.de\/prag\/wp-content\/uploads\/sites\/16\/2024\/08\/DSC02252-1024x683.jpg\" alt=\"\" class=\"wp-image-112\" srcset=\"https:\/\/www.markusreisen.de\/prag\/wp-content\/uploads\/sites\/16\/2024\/08\/DSC02252-1024x683.jpg 1024w, https:\/\/www.markusreisen.de\/prag\/wp-content\/uploads\/sites\/16\/2024\/08\/DSC02252-300x200.jpg 300w, https:\/\/www.markusreisen.de\/prag\/wp-content\/uploads\/sites\/16\/2024\/08\/DSC02252-768x512.jpg 768w, https:\/\/www.markusreisen.de\/prag\/wp-content\/uploads\/sites\/16\/2024\/08\/DSC02252-1536x1024.jpg 1536w, https:\/\/www.markusreisen.de\/prag\/wp-content\/uploads\/sites\/16\/2024\/08\/DSC02252-2048x1365.jpg 2048w, https:\/\/www.markusreisen.de\/prag\/wp-content\/uploads\/sites\/16\/2024\/08\/DSC02252-1568x1045.jpg 1568w\" sizes=\"auto, (max-width: 1024px) 100vw, 1024px\" \/><\/a><\/figure>\n\n\n\n<figure class=\"wp-block-image size-large\"><a href=\"https:\/\/www.markusreisen.de\/prag\/wp-content\/uploads\/sites\/16\/2024\/08\/DSC02253-scaled.jpg\"><img loading=\"lazy\" decoding=\"async\" width=\"1024\" height=\"683\" data-id=\"113\" src=\"https:\/\/www.markusreisen.de\/prag\/wp-content\/uploads\/sites\/16\/2024\/08\/DSC02253-1024x683.jpg\" alt=\"\" class=\"wp-image-113\" srcset=\"https:\/\/www.markusreisen.de\/prag\/wp-content\/uploads\/sites\/16\/2024\/08\/DSC02253-1024x683.jpg 1024w, https:\/\/www.markusreisen.de\/prag\/wp-content\/uploads\/sites\/16\/2024\/08\/DSC02253-300x200.jpg 300w, https:\/\/www.markusreisen.de\/prag\/wp-content\/uploads\/sites\/16\/2024\/08\/DSC02253-768x512.jpg 768w, https:\/\/www.markusreisen.de\/prag\/wp-content\/uploads\/sites\/16\/2024\/08\/DSC02253-1536x1024.jpg 1536w, https:\/\/www.markusreisen.de\/prag\/wp-content\/uploads\/sites\/16\/2024\/08\/DSC02253-2048x1365.jpg 2048w, https:\/\/www.markusreisen.de\/prag\/wp-content\/uploads\/sites\/16\/2024\/08\/DSC02253-1568x1045.jpg 1568w\" sizes=\"auto, (max-width: 1024px) 100vw, 1024px\" \/><\/a><\/figure>\n<\/figure>\n\n\n\n<p>Das Entscheidende ist aber, dass es oben einen Aussichtsturm gibt, der aus einer \u00e4hnlichen Zeit wie der Eiffelturm stammt und auch ein bisschen an diesen erinnert. Der hat auch einen Lift. Auf den muss man warten (immer nur 3 Personen gleichzeitig) aber immer noch besser als 300 Stufen im Hochsommer.<\/p>\n\n\n\n<figure class=\"wp-block-image size-large\"><a href=\"https:\/\/www.markusreisen.de\/prag\/wp-content\/uploads\/sites\/16\/2024\/08\/DSC02260-scaled.jpg\"><img loading=\"lazy\" decoding=\"async\" width=\"1024\" height=\"683\" src=\"http:\/\/www.markusreisen.de\/prag\/wp-content\/uploads\/sites\/16\/2024\/08\/DSC02260-1024x683.jpg\" alt=\"\" class=\"wp-image-114\" srcset=\"https:\/\/www.markusreisen.de\/prag\/wp-content\/uploads\/sites\/16\/2024\/08\/DSC02260-1024x683.jpg 1024w, https:\/\/www.markusreisen.de\/prag\/wp-content\/uploads\/sites\/16\/2024\/08\/DSC02260-300x200.jpg 300w, https:\/\/www.markusreisen.de\/prag\/wp-content\/uploads\/sites\/16\/2024\/08\/DSC02260-768x512.jpg 768w, https:\/\/www.markusreisen.de\/prag\/wp-content\/uploads\/sites\/16\/2024\/08\/DSC02260-1536x1024.jpg 1536w, https:\/\/www.markusreisen.de\/prag\/wp-content\/uploads\/sites\/16\/2024\/08\/DSC02260-2048x1365.jpg 2048w, https:\/\/www.markusreisen.de\/prag\/wp-content\/uploads\/sites\/16\/2024\/08\/DSC02260-1568x1045.jpg 1568w\" sizes=\"auto, (max-width: 1024px) 100vw, 1024px\" \/><\/a><\/figure>\n\n\n\n<p>Von dort aus hat man nat\u00fcrlich eine pr\u00e4chtige Aussicht:<\/p>\n\n\n\n<figure class=\"wp-block-gallery has-nested-images columns-1 is-cropped wp-block-gallery-3 is-layout-flex wp-block-gallery-is-layout-flex\">\n<figure class=\"wp-block-image size-large\"><a href=\"https:\/\/www.markusreisen.de\/prag\/wp-content\/uploads\/sites\/16\/2024\/08\/DSC02262-scaled.jpg\"><img loading=\"lazy\" decoding=\"async\" width=\"1024\" height=\"683\" data-id=\"115\" src=\"https:\/\/www.markusreisen.de\/prag\/wp-content\/uploads\/sites\/16\/2024\/08\/DSC02262-1024x683.jpg\" alt=\"\" class=\"wp-image-115\" srcset=\"https:\/\/www.markusreisen.de\/prag\/wp-content\/uploads\/sites\/16\/2024\/08\/DSC02262-1024x683.jpg 1024w, https:\/\/www.markusreisen.de\/prag\/wp-content\/uploads\/sites\/16\/2024\/08\/DSC02262-300x200.jpg 300w, https:\/\/www.markusreisen.de\/prag\/wp-content\/uploads\/sites\/16\/2024\/08\/DSC02262-768x512.jpg 768w, https:\/\/www.markusreisen.de\/prag\/wp-content\/uploads\/sites\/16\/2024\/08\/DSC02262-1536x1024.jpg 1536w, https:\/\/www.markusreisen.de\/prag\/wp-content\/uploads\/sites\/16\/2024\/08\/DSC02262-2048x1365.jpg 2048w, https:\/\/www.markusreisen.de\/prag\/wp-content\/uploads\/sites\/16\/2024\/08\/DSC02262-1568x1045.jpg 1568w\" sizes=\"auto, (max-width: 1024px) 100vw, 1024px\" \/><\/a><\/figure>\n\n\n\n<figure class=\"wp-block-image size-large\"><a href=\"https:\/\/www.markusreisen.de\/prag\/wp-content\/uploads\/sites\/16\/2024\/08\/DSC02264-scaled.jpg\"><img loading=\"lazy\" decoding=\"async\" width=\"1024\" height=\"683\" data-id=\"116\" src=\"https:\/\/www.markusreisen.de\/prag\/wp-content\/uploads\/sites\/16\/2024\/08\/DSC02264-1024x683.jpg\" alt=\"\" class=\"wp-image-116\" srcset=\"https:\/\/www.markusreisen.de\/prag\/wp-content\/uploads\/sites\/16\/2024\/08\/DSC02264-1024x683.jpg 1024w, https:\/\/www.markusreisen.de\/prag\/wp-content\/uploads\/sites\/16\/2024\/08\/DSC02264-300x200.jpg 300w, https:\/\/www.markusreisen.de\/prag\/wp-content\/uploads\/sites\/16\/2024\/08\/DSC02264-768x512.jpg 768w, https:\/\/www.markusreisen.de\/prag\/wp-content\/uploads\/sites\/16\/2024\/08\/DSC02264-1536x1024.jpg 1536w, https:\/\/www.markusreisen.de\/prag\/wp-content\/uploads\/sites\/16\/2024\/08\/DSC02264-2048x1365.jpg 2048w, https:\/\/www.markusreisen.de\/prag\/wp-content\/uploads\/sites\/16\/2024\/08\/DSC02264-1568x1045.jpg 1568w\" sizes=\"auto, (max-width: 1024px) 100vw, 1024px\" \/><\/a><figcaption class=\"wp-element-caption\">Der Blick nach Osten war sehr diesig.<\/figcaption><\/figure>\n\n\n\n<figure class=\"wp-block-image size-large\"><a href=\"https:\/\/www.markusreisen.de\/prag\/wp-content\/uploads\/sites\/16\/2024\/08\/DSC02266-scaled.jpg\"><img loading=\"lazy\" decoding=\"async\" width=\"1024\" height=\"683\" data-id=\"117\" src=\"https:\/\/www.markusreisen.de\/prag\/wp-content\/uploads\/sites\/16\/2024\/08\/DSC02266-1024x683.jpg\" alt=\"\" class=\"wp-image-117\" srcset=\"https:\/\/www.markusreisen.de\/prag\/wp-content\/uploads\/sites\/16\/2024\/08\/DSC02266-1024x683.jpg 1024w, https:\/\/www.markusreisen.de\/prag\/wp-content\/uploads\/sites\/16\/2024\/08\/DSC02266-300x200.jpg 300w, https:\/\/www.markusreisen.de\/prag\/wp-content\/uploads\/sites\/16\/2024\/08\/DSC02266-768x512.jpg 768w, https:\/\/www.markusreisen.de\/prag\/wp-content\/uploads\/sites\/16\/2024\/08\/DSC02266-1536x1024.jpg 1536w, https:\/\/www.markusreisen.de\/prag\/wp-content\/uploads\/sites\/16\/2024\/08\/DSC02266-2048x1365.jpg 2048w, https:\/\/www.markusreisen.de\/prag\/wp-content\/uploads\/sites\/16\/2024\/08\/DSC02266-1568x1045.jpg 1568w\" sizes=\"auto, (max-width: 1024px) 100vw, 1024px\" \/><\/a><\/figure>\n\n\n\n<figure class=\"wp-block-image size-large\"><a href=\"https:\/\/www.markusreisen.de\/prag\/wp-content\/uploads\/sites\/16\/2024\/08\/DSC02270-scaled.jpg\"><img loading=\"lazy\" decoding=\"async\" width=\"1024\" height=\"683\" data-id=\"118\" src=\"https:\/\/www.markusreisen.de\/prag\/wp-content\/uploads\/sites\/16\/2024\/08\/DSC02270-1024x683.jpg\" alt=\"\" class=\"wp-image-118\" srcset=\"https:\/\/www.markusreisen.de\/prag\/wp-content\/uploads\/sites\/16\/2024\/08\/DSC02270-1024x683.jpg 1024w, https:\/\/www.markusreisen.de\/prag\/wp-content\/uploads\/sites\/16\/2024\/08\/DSC02270-300x200.jpg 300w, https:\/\/www.markusreisen.de\/prag\/wp-content\/uploads\/sites\/16\/2024\/08\/DSC02270-768x512.jpg 768w, https:\/\/www.markusreisen.de\/prag\/wp-content\/uploads\/sites\/16\/2024\/08\/DSC02270-1536x1024.jpg 1536w, https:\/\/www.markusreisen.de\/prag\/wp-content\/uploads\/sites\/16\/2024\/08\/DSC02270-2048x1365.jpg 2048w, https:\/\/www.markusreisen.de\/prag\/wp-content\/uploads\/sites\/16\/2024\/08\/DSC02270-1568x1045.jpg 1568w\" sizes=\"auto, (max-width: 1024px) 100vw, 1024px\" \/><\/a><\/figure>\n\n\n\n<figure class=\"wp-block-image size-large\"><a href=\"https:\/\/www.markusreisen.de\/prag\/wp-content\/uploads\/sites\/16\/2024\/08\/DSC02278-scaled.jpg\"><img loading=\"lazy\" decoding=\"async\" width=\"1024\" height=\"683\" data-id=\"119\" src=\"https:\/\/www.markusreisen.de\/prag\/wp-content\/uploads\/sites\/16\/2024\/08\/DSC02278-1024x683.jpg\" alt=\"\" class=\"wp-image-119\" srcset=\"https:\/\/www.markusreisen.de\/prag\/wp-content\/uploads\/sites\/16\/2024\/08\/DSC02278-1024x683.jpg 1024w, https:\/\/www.markusreisen.de\/prag\/wp-content\/uploads\/sites\/16\/2024\/08\/DSC02278-300x200.jpg 300w, https:\/\/www.markusreisen.de\/prag\/wp-content\/uploads\/sites\/16\/2024\/08\/DSC02278-768x512.jpg 768w, https:\/\/www.markusreisen.de\/prag\/wp-content\/uploads\/sites\/16\/2024\/08\/DSC02278-1536x1024.jpg 1536w, https:\/\/www.markusreisen.de\/prag\/wp-content\/uploads\/sites\/16\/2024\/08\/DSC02278-2048x1365.jpg 2048w, https:\/\/www.markusreisen.de\/prag\/wp-content\/uploads\/sites\/16\/2024\/08\/DSC02278-1568x1045.jpg 1568w\" sizes=\"auto, (max-width: 1024px) 100vw, 1024px\" \/><\/a><figcaption class=\"wp-element-caption\">Die Karlsbr\u00fccke in der Mitte des Bildes.<\/figcaption><\/figure>\n\n\n\n<figure class=\"wp-block-image size-large\"><a href=\"https:\/\/www.markusreisen.de\/prag\/wp-content\/uploads\/sites\/16\/2024\/08\/DSC02283-scaled.jpg\"><img loading=\"lazy\" decoding=\"async\" width=\"1024\" height=\"683\" data-id=\"120\" src=\"https:\/\/www.markusreisen.de\/prag\/wp-content\/uploads\/sites\/16\/2024\/08\/DSC02283-1024x683.jpg\" alt=\"\" class=\"wp-image-120\" srcset=\"https:\/\/www.markusreisen.de\/prag\/wp-content\/uploads\/sites\/16\/2024\/08\/DSC02283-1024x683.jpg 1024w, https:\/\/www.markusreisen.de\/prag\/wp-content\/uploads\/sites\/16\/2024\/08\/DSC02283-300x200.jpg 300w, https:\/\/www.markusreisen.de\/prag\/wp-content\/uploads\/sites\/16\/2024\/08\/DSC02283-768x512.jpg 768w, https:\/\/www.markusreisen.de\/prag\/wp-content\/uploads\/sites\/16\/2024\/08\/DSC02283-1536x1024.jpg 1536w, https:\/\/www.markusreisen.de\/prag\/wp-content\/uploads\/sites\/16\/2024\/08\/DSC02283-2048x1365.jpg 2048w, https:\/\/www.markusreisen.de\/prag\/wp-content\/uploads\/sites\/16\/2024\/08\/DSC02283-1568x1045.jpg 1568w\" sizes=\"auto, (max-width: 1024px) 100vw, 1024px\" \/><\/a><figcaption class=\"wp-element-caption\">Prager Burg und Veitsdom, darunter die Prager &#8222;Kleinseite&#8220;.<\/figcaption><\/figure>\n\n\n\n<figure class=\"wp-block-image size-large\"><a href=\"https:\/\/www.markusreisen.de\/prag\/wp-content\/uploads\/sites\/16\/2024\/08\/DSC02284-scaled.jpg\"><img loading=\"lazy\" decoding=\"async\" width=\"1024\" height=\"683\" data-id=\"121\" src=\"https:\/\/www.markusreisen.de\/prag\/wp-content\/uploads\/sites\/16\/2024\/08\/DSC02284-1024x683.jpg\" alt=\"\" class=\"wp-image-121\" srcset=\"https:\/\/www.markusreisen.de\/prag\/wp-content\/uploads\/sites\/16\/2024\/08\/DSC02284-1024x683.jpg 1024w, https:\/\/www.markusreisen.de\/prag\/wp-content\/uploads\/sites\/16\/2024\/08\/DSC02284-300x200.jpg 300w, https:\/\/www.markusreisen.de\/prag\/wp-content\/uploads\/sites\/16\/2024\/08\/DSC02284-768x512.jpg 768w, https:\/\/www.markusreisen.de\/prag\/wp-content\/uploads\/sites\/16\/2024\/08\/DSC02284-1536x1024.jpg 1536w, https:\/\/www.markusreisen.de\/prag\/wp-content\/uploads\/sites\/16\/2024\/08\/DSC02284-2048x1365.jpg 2048w, https:\/\/www.markusreisen.de\/prag\/wp-content\/uploads\/sites\/16\/2024\/08\/DSC02284-1568x1045.jpg 1568w\" sizes=\"auto, (max-width: 1024px) 100vw, 1024px\" \/><\/a><figcaption class=\"wp-element-caption\">Das Kloster Strahov.<\/figcaption><\/figure>\n\n\n\n<figure class=\"wp-block-image size-large\"><a href=\"https:\/\/www.markusreisen.de\/prag\/wp-content\/uploads\/sites\/16\/2024\/08\/DSC02285-scaled.jpg\"><img loading=\"lazy\" decoding=\"async\" width=\"1024\" height=\"683\" data-id=\"122\" src=\"https:\/\/www.markusreisen.de\/prag\/wp-content\/uploads\/sites\/16\/2024\/08\/DSC02285-1024x683.jpg\" alt=\"\" class=\"wp-image-122\" srcset=\"https:\/\/www.markusreisen.de\/prag\/wp-content\/uploads\/sites\/16\/2024\/08\/DSC02285-1024x683.jpg 1024w, https:\/\/www.markusreisen.de\/prag\/wp-content\/uploads\/sites\/16\/2024\/08\/DSC02285-300x200.jpg 300w, https:\/\/www.markusreisen.de\/prag\/wp-content\/uploads\/sites\/16\/2024\/08\/DSC02285-768x512.jpg 768w, https:\/\/www.markusreisen.de\/prag\/wp-content\/uploads\/sites\/16\/2024\/08\/DSC02285-1536x1024.jpg 1536w, https:\/\/www.markusreisen.de\/prag\/wp-content\/uploads\/sites\/16\/2024\/08\/DSC02285-2048x1365.jpg 2048w, https:\/\/www.markusreisen.de\/prag\/wp-content\/uploads\/sites\/16\/2024\/08\/DSC02285-1568x1045.jpg 1568w\" sizes=\"auto, (max-width: 1024px) 100vw, 1024px\" \/><\/a><figcaption class=\"wp-element-caption\">Am Fu\u00dfe des Turmes.<\/figcaption><\/figure>\n\n\n\n<figure class=\"wp-block-image size-large\"><a href=\"https:\/\/www.markusreisen.de\/prag\/wp-content\/uploads\/sites\/16\/2024\/08\/DSC02286-scaled.jpg\"><img loading=\"lazy\" decoding=\"async\" width=\"1024\" height=\"683\" data-id=\"123\" src=\"https:\/\/www.markusreisen.de\/prag\/wp-content\/uploads\/sites\/16\/2024\/08\/DSC02286-1024x683.jpg\" alt=\"\" class=\"wp-image-123\" srcset=\"https:\/\/www.markusreisen.de\/prag\/wp-content\/uploads\/sites\/16\/2024\/08\/DSC02286-1024x683.jpg 1024w, https:\/\/www.markusreisen.de\/prag\/wp-content\/uploads\/sites\/16\/2024\/08\/DSC02286-300x200.jpg 300w, https:\/\/www.markusreisen.de\/prag\/wp-content\/uploads\/sites\/16\/2024\/08\/DSC02286-768x512.jpg 768w, https:\/\/www.markusreisen.de\/prag\/wp-content\/uploads\/sites\/16\/2024\/08\/DSC02286-1536x1024.jpg 1536w, https:\/\/www.markusreisen.de\/prag\/wp-content\/uploads\/sites\/16\/2024\/08\/DSC02286-2048x1365.jpg 2048w, https:\/\/www.markusreisen.de\/prag\/wp-content\/uploads\/sites\/16\/2024\/08\/DSC02286-1568x1045.jpg 1568w\" sizes=\"auto, (max-width: 1024px) 100vw, 1024px\" \/><\/a><\/figure>\n<\/figure>\n\n\n\n<h2 class=\"wp-block-heading\">Kloster Strahov<\/h2>\n\n\n\n<p>Unweit gelegen ist das Kloster Strahov, das vor allem f\u00fcr seine Bibliothek ber\u00fchmt ist. Nicht zu unrecht:<\/p>\n\n\n\n<figure class=\"wp-block-gallery has-nested-images columns-1 is-cropped wp-block-gallery-4 is-layout-flex wp-block-gallery-is-layout-flex\">\n<figure class=\"wp-block-image size-large\"><a href=\"https:\/\/www.markusreisen.de\/prag\/wp-content\/uploads\/sites\/16\/2024\/08\/DSC02291-scaled.jpg\"><img loading=\"lazy\" decoding=\"async\" width=\"1024\" height=\"683\" data-id=\"124\" src=\"https:\/\/www.markusreisen.de\/prag\/wp-content\/uploads\/sites\/16\/2024\/08\/DSC02291-1024x683.jpg\" alt=\"\" class=\"wp-image-124\" srcset=\"https:\/\/www.markusreisen.de\/prag\/wp-content\/uploads\/sites\/16\/2024\/08\/DSC02291-1024x683.jpg 1024w, https:\/\/www.markusreisen.de\/prag\/wp-content\/uploads\/sites\/16\/2024\/08\/DSC02291-300x200.jpg 300w, https:\/\/www.markusreisen.de\/prag\/wp-content\/uploads\/sites\/16\/2024\/08\/DSC02291-768x512.jpg 768w, https:\/\/www.markusreisen.de\/prag\/wp-content\/uploads\/sites\/16\/2024\/08\/DSC02291-1536x1024.jpg 1536w, https:\/\/www.markusreisen.de\/prag\/wp-content\/uploads\/sites\/16\/2024\/08\/DSC02291-2048x1365.jpg 2048w, https:\/\/www.markusreisen.de\/prag\/wp-content\/uploads\/sites\/16\/2024\/08\/DSC02291-1568x1045.jpg 1568w\" sizes=\"auto, (max-width: 1024px) 100vw, 1024px\" \/><\/a><figcaption class=\"wp-element-caption\">Die philosophische Bibliothek&#8230;<\/figcaption><\/figure>\n\n\n\n<figure class=\"wp-block-image size-large\"><a href=\"https:\/\/www.markusreisen.de\/prag\/wp-content\/uploads\/sites\/16\/2024\/08\/DSC02297-scaled.jpg\"><img loading=\"lazy\" decoding=\"async\" width=\"1024\" height=\"683\" data-id=\"127\" src=\"https:\/\/www.markusreisen.de\/prag\/wp-content\/uploads\/sites\/16\/2024\/08\/DSC02297-1024x683.jpg\" alt=\"\" class=\"wp-image-127\" srcset=\"https:\/\/www.markusreisen.de\/prag\/wp-content\/uploads\/sites\/16\/2024\/08\/DSC02297-1024x683.jpg 1024w, https:\/\/www.markusreisen.de\/prag\/wp-content\/uploads\/sites\/16\/2024\/08\/DSC02297-300x200.jpg 300w, https:\/\/www.markusreisen.de\/prag\/wp-content\/uploads\/sites\/16\/2024\/08\/DSC02297-768x512.jpg 768w, https:\/\/www.markusreisen.de\/prag\/wp-content\/uploads\/sites\/16\/2024\/08\/DSC02297-1536x1024.jpg 1536w, https:\/\/www.markusreisen.de\/prag\/wp-content\/uploads\/sites\/16\/2024\/08\/DSC02297-2048x1365.jpg 2048w, https:\/\/www.markusreisen.de\/prag\/wp-content\/uploads\/sites\/16\/2024\/08\/DSC02297-1568x1045.jpg 1568w\" sizes=\"auto, (max-width: 1024px) 100vw, 1024px\" \/><\/a><figcaption class=\"wp-element-caption\">&#8230;und die theologische.<\/figcaption><\/figure>\n\n\n\n<figure class=\"wp-block-image size-large\"><a href=\"https:\/\/www.markusreisen.de\/prag\/wp-content\/uploads\/sites\/16\/2024\/08\/DSC02300-scaled.jpg\"><img loading=\"lazy\" decoding=\"async\" width=\"1024\" height=\"777\" data-id=\"128\" src=\"https:\/\/www.markusreisen.de\/prag\/wp-content\/uploads\/sites\/16\/2024\/08\/DSC02300-1024x777.jpg\" alt=\"\" class=\"wp-image-128\" srcset=\"https:\/\/www.markusreisen.de\/prag\/wp-content\/uploads\/sites\/16\/2024\/08\/DSC02300-1024x777.jpg 1024w, https:\/\/www.markusreisen.de\/prag\/wp-content\/uploads\/sites\/16\/2024\/08\/DSC02300-300x228.jpg 300w, https:\/\/www.markusreisen.de\/prag\/wp-content\/uploads\/sites\/16\/2024\/08\/DSC02300-768x582.jpg 768w, https:\/\/www.markusreisen.de\/prag\/wp-content\/uploads\/sites\/16\/2024\/08\/DSC02300-1536x1165.jpg 1536w, https:\/\/www.markusreisen.de\/prag\/wp-content\/uploads\/sites\/16\/2024\/08\/DSC02300-2048x1553.jpg 2048w, https:\/\/www.markusreisen.de\/prag\/wp-content\/uploads\/sites\/16\/2024\/08\/DSC02300-1568x1189.jpg 1568w\" sizes=\"auto, (max-width: 1024px) 100vw, 1024px\" \/><\/a><figcaption class=\"wp-element-caption\">Der Bibliothekar hat wohl Zahnweh.<\/figcaption><\/figure>\n\n\n\n<figure class=\"wp-block-image size-large\"><a href=\"https:\/\/www.markusreisen.de\/prag\/wp-content\/uploads\/sites\/16\/2024\/08\/DSC02294-scaled.jpg\"><img loading=\"lazy\" decoding=\"async\" width=\"1024\" height=\"650\" data-id=\"125\" src=\"https:\/\/www.markusreisen.de\/prag\/wp-content\/uploads\/sites\/16\/2024\/08\/DSC02294-1024x650.jpg\" alt=\"\" class=\"wp-image-125\" srcset=\"https:\/\/www.markusreisen.de\/prag\/wp-content\/uploads\/sites\/16\/2024\/08\/DSC02294-1024x650.jpg 1024w, https:\/\/www.markusreisen.de\/prag\/wp-content\/uploads\/sites\/16\/2024\/08\/DSC02294-300x190.jpg 300w, https:\/\/www.markusreisen.de\/prag\/wp-content\/uploads\/sites\/16\/2024\/08\/DSC02294-768x488.jpg 768w, https:\/\/www.markusreisen.de\/prag\/wp-content\/uploads\/sites\/16\/2024\/08\/DSC02294-1536x975.jpg 1536w, https:\/\/www.markusreisen.de\/prag\/wp-content\/uploads\/sites\/16\/2024\/08\/DSC02294-2048x1300.jpg 2048w, https:\/\/www.markusreisen.de\/prag\/wp-content\/uploads\/sites\/16\/2024\/08\/DSC02294-1568x995.jpg 1568w\" sizes=\"auto, (max-width: 1024px) 100vw, 1024px\" \/><\/a><\/figure>\n\n\n\n<figure class=\"wp-block-image size-large\"><a href=\"https:\/\/www.markusreisen.de\/prag\/wp-content\/uploads\/sites\/16\/2024\/08\/DSC02296-scaled.jpg\"><img loading=\"lazy\" decoding=\"async\" width=\"1024\" height=\"675\" data-id=\"126\" src=\"https:\/\/www.markusreisen.de\/prag\/wp-content\/uploads\/sites\/16\/2024\/08\/DSC02296-1024x675.jpg\" alt=\"\" class=\"wp-image-126\" srcset=\"https:\/\/www.markusreisen.de\/prag\/wp-content\/uploads\/sites\/16\/2024\/08\/DSC02296-1024x675.jpg 1024w, https:\/\/www.markusreisen.de\/prag\/wp-content\/uploads\/sites\/16\/2024\/08\/DSC02296-300x198.jpg 300w, https:\/\/www.markusreisen.de\/prag\/wp-content\/uploads\/sites\/16\/2024\/08\/DSC02296-768x506.jpg 768w, https:\/\/www.markusreisen.de\/prag\/wp-content\/uploads\/sites\/16\/2024\/08\/DSC02296-1536x1013.jpg 1536w, https:\/\/www.markusreisen.de\/prag\/wp-content\/uploads\/sites\/16\/2024\/08\/DSC02296-2048x1350.jpg 2048w, https:\/\/www.markusreisen.de\/prag\/wp-content\/uploads\/sites\/16\/2024\/08\/DSC02296-1568x1034.jpg 1568w\" sizes=\"auto, (max-width: 1024px) 100vw, 1024px\" \/><\/a><\/figure>\n\n\n\n<figure class=\"wp-block-image size-large\"><a href=\"https:\/\/www.markusreisen.de\/prag\/wp-content\/uploads\/sites\/16\/2024\/08\/DSC02305-scaled.jpg\"><img loading=\"lazy\" decoding=\"async\" width=\"1024\" height=\"683\" data-id=\"130\" src=\"https:\/\/www.markusreisen.de\/prag\/wp-content\/uploads\/sites\/16\/2024\/08\/DSC02305-1024x683.jpg\" alt=\"\" class=\"wp-image-130\" srcset=\"https:\/\/www.markusreisen.de\/prag\/wp-content\/uploads\/sites\/16\/2024\/08\/DSC02305-1024x683.jpg 1024w, https:\/\/www.markusreisen.de\/prag\/wp-content\/uploads\/sites\/16\/2024\/08\/DSC02305-300x200.jpg 300w, https:\/\/www.markusreisen.de\/prag\/wp-content\/uploads\/sites\/16\/2024\/08\/DSC02305-768x512.jpg 768w, https:\/\/www.markusreisen.de\/prag\/wp-content\/uploads\/sites\/16\/2024\/08\/DSC02305-1536x1024.jpg 1536w, https:\/\/www.markusreisen.de\/prag\/wp-content\/uploads\/sites\/16\/2024\/08\/DSC02305-2048x1365.jpg 2048w, https:\/\/www.markusreisen.de\/prag\/wp-content\/uploads\/sites\/16\/2024\/08\/DSC02305-1568x1045.jpg 1568w\" sizes=\"auto, (max-width: 1024px) 100vw, 1024px\" \/><\/a><figcaption class=\"wp-element-caption\">Das Bibliotheksgeb\u00e4ude von au\u00dfen.<\/figcaption><\/figure>\n\n\n\n<figure class=\"wp-block-image size-large\"><a href=\"https:\/\/www.markusreisen.de\/prag\/wp-content\/uploads\/sites\/16\/2024\/08\/DSC02306-scaled.jpg\"><img loading=\"lazy\" decoding=\"async\" width=\"1024\" height=\"683\" data-id=\"131\" src=\"https:\/\/www.markusreisen.de\/prag\/wp-content\/uploads\/sites\/16\/2024\/08\/DSC02306-1024x683.jpg\" alt=\"\" class=\"wp-image-131\" srcset=\"https:\/\/www.markusreisen.de\/prag\/wp-content\/uploads\/sites\/16\/2024\/08\/DSC02306-1024x683.jpg 1024w, https:\/\/www.markusreisen.de\/prag\/wp-content\/uploads\/sites\/16\/2024\/08\/DSC02306-300x200.jpg 300w, https:\/\/www.markusreisen.de\/prag\/wp-content\/uploads\/sites\/16\/2024\/08\/DSC02306-768x512.jpg 768w, https:\/\/www.markusreisen.de\/prag\/wp-content\/uploads\/sites\/16\/2024\/08\/DSC02306-1536x1024.jpg 1536w, https:\/\/www.markusreisen.de\/prag\/wp-content\/uploads\/sites\/16\/2024\/08\/DSC02306-2048x1365.jpg 2048w, https:\/\/www.markusreisen.de\/prag\/wp-content\/uploads\/sites\/16\/2024\/08\/DSC02306-1568x1045.jpg 1568w\" sizes=\"auto, (max-width: 1024px) 100vw, 1024px\" \/><\/a><\/figure>\n\n\n\n<figure class=\"wp-block-image size-large\"><a href=\"https:\/\/www.markusreisen.de\/prag\/wp-content\/uploads\/sites\/16\/2024\/08\/DSC02303-scaled.jpg\"><img loading=\"lazy\" decoding=\"async\" width=\"1024\" height=\"683\" data-id=\"129\" src=\"https:\/\/www.markusreisen.de\/prag\/wp-content\/uploads\/sites\/16\/2024\/08\/DSC02303-1024x683.jpg\" alt=\"\" class=\"wp-image-129\" srcset=\"https:\/\/www.markusreisen.de\/prag\/wp-content\/uploads\/sites\/16\/2024\/08\/DSC02303-1024x683.jpg 1024w, https:\/\/www.markusreisen.de\/prag\/wp-content\/uploads\/sites\/16\/2024\/08\/DSC02303-300x200.jpg 300w, https:\/\/www.markusreisen.de\/prag\/wp-content\/uploads\/sites\/16\/2024\/08\/DSC02303-768x512.jpg 768w, https:\/\/www.markusreisen.de\/prag\/wp-content\/uploads\/sites\/16\/2024\/08\/DSC02303-1536x1024.jpg 1536w, https:\/\/www.markusreisen.de\/prag\/wp-content\/uploads\/sites\/16\/2024\/08\/DSC02303-2048x1365.jpg 2048w, https:\/\/www.markusreisen.de\/prag\/wp-content\/uploads\/sites\/16\/2024\/08\/DSC02303-1568x1045.jpg 1568w\" sizes=\"auto, (max-width: 1024px) 100vw, 1024px\" \/><\/a><figcaption class=\"wp-element-caption\">Eine sch\u00f6ne Aussicht gibt es auch da.<\/figcaption><\/figure>\n<\/figure>\n\n\n\n<h2 class=\"wp-block-heading\">Prager Loreto<\/h2>\n\n\n\n<p>Das Prager Loreto ist ebenfalls ein Kloster und wurde als Teil des Rekatholizierungsprozesses nach dem 30-j\u00e4hrigen Krieg gebaut. Es ist vor allem architektonisch sch\u00f6n, hat aber auch eine beeindruckende Schatzkammer.<\/p>\n\n\n\n<figure class=\"wp-block-gallery has-nested-images columns-1 is-cropped wp-block-gallery-5 is-layout-flex wp-block-gallery-is-layout-flex\">\n<figure class=\"wp-block-image size-large\"><a href=\"https:\/\/www.markusreisen.de\/prag\/wp-content\/uploads\/sites\/16\/2024\/08\/DSC02308-scaled.jpg\"><img loading=\"lazy\" decoding=\"async\" width=\"1024\" height=\"745\" data-id=\"132\" src=\"https:\/\/www.markusreisen.de\/prag\/wp-content\/uploads\/sites\/16\/2024\/08\/DSC02308-1024x745.jpg\" alt=\"\" class=\"wp-image-132\" srcset=\"https:\/\/www.markusreisen.de\/prag\/wp-content\/uploads\/sites\/16\/2024\/08\/DSC02308-1024x745.jpg 1024w, https:\/\/www.markusreisen.de\/prag\/wp-content\/uploads\/sites\/16\/2024\/08\/DSC02308-300x218.jpg 300w, https:\/\/www.markusreisen.de\/prag\/wp-content\/uploads\/sites\/16\/2024\/08\/DSC02308-768x559.jpg 768w, https:\/\/www.markusreisen.de\/prag\/wp-content\/uploads\/sites\/16\/2024\/08\/DSC02308-1536x1117.jpg 1536w, https:\/\/www.markusreisen.de\/prag\/wp-content\/uploads\/sites\/16\/2024\/08\/DSC02308-2048x1490.jpg 2048w, https:\/\/www.markusreisen.de\/prag\/wp-content\/uploads\/sites\/16\/2024\/08\/DSC02308-1568x1141.jpg 1568w\" sizes=\"auto, (max-width: 1024px) 100vw, 1024px\" \/><\/a><figcaption class=\"wp-element-caption\">Der Glockenturm kann aufw\u00e4ndige Melodien spielen und wird wie eine Spieluhr programmiert.<\/figcaption><\/figure>\n\n\n\n<figure class=\"wp-block-image size-large\"><a href=\"https:\/\/www.markusreisen.de\/prag\/wp-content\/uploads\/sites\/16\/2024\/08\/DSC02311-scaled.jpg\"><img loading=\"lazy\" decoding=\"async\" width=\"1024\" height=\"793\" data-id=\"133\" src=\"https:\/\/www.markusreisen.de\/prag\/wp-content\/uploads\/sites\/16\/2024\/08\/DSC02311-1024x793.jpg\" alt=\"\" class=\"wp-image-133\" srcset=\"https:\/\/www.markusreisen.de\/prag\/wp-content\/uploads\/sites\/16\/2024\/08\/DSC02311-1024x793.jpg 1024w, https:\/\/www.markusreisen.de\/prag\/wp-content\/uploads\/sites\/16\/2024\/08\/DSC02311-300x232.jpg 300w, https:\/\/www.markusreisen.de\/prag\/wp-content\/uploads\/sites\/16\/2024\/08\/DSC02311-768x595.jpg 768w, https:\/\/www.markusreisen.de\/prag\/wp-content\/uploads\/sites\/16\/2024\/08\/DSC02311-1536x1190.jpg 1536w, https:\/\/www.markusreisen.de\/prag\/wp-content\/uploads\/sites\/16\/2024\/08\/DSC02311-2048x1587.jpg 2048w, https:\/\/www.markusreisen.de\/prag\/wp-content\/uploads\/sites\/16\/2024\/08\/DSC02311-1568x1215.jpg 1568w\" sizes=\"auto, (max-width: 1024px) 100vw, 1024px\" \/><\/a><\/figure>\n\n\n\n<figure class=\"wp-block-image size-large\"><a href=\"https:\/\/www.markusreisen.de\/prag\/wp-content\/uploads\/sites\/16\/2024\/08\/DSC02316-scaled.jpg\"><img loading=\"lazy\" decoding=\"async\" width=\"1024\" height=\"683\" data-id=\"134\" src=\"https:\/\/www.markusreisen.de\/prag\/wp-content\/uploads\/sites\/16\/2024\/08\/DSC02316-1024x683.jpg\" alt=\"\" class=\"wp-image-134\" srcset=\"https:\/\/www.markusreisen.de\/prag\/wp-content\/uploads\/sites\/16\/2024\/08\/DSC02316-1024x683.jpg 1024w, https:\/\/www.markusreisen.de\/prag\/wp-content\/uploads\/sites\/16\/2024\/08\/DSC02316-300x200.jpg 300w, https:\/\/www.markusreisen.de\/prag\/wp-content\/uploads\/sites\/16\/2024\/08\/DSC02316-768x512.jpg 768w, https:\/\/www.markusreisen.de\/prag\/wp-content\/uploads\/sites\/16\/2024\/08\/DSC02316-1536x1024.jpg 1536w, https:\/\/www.markusreisen.de\/prag\/wp-content\/uploads\/sites\/16\/2024\/08\/DSC02316-2048x1365.jpg 2048w, https:\/\/www.markusreisen.de\/prag\/wp-content\/uploads\/sites\/16\/2024\/08\/DSC02316-1568x1045.jpg 1568w\" sizes=\"auto, (max-width: 1024px) 100vw, 1024px\" \/><\/a><\/figure>\n\n\n\n<figure class=\"wp-block-image size-large\"><a href=\"https:\/\/www.markusreisen.de\/prag\/wp-content\/uploads\/sites\/16\/2024\/08\/DSC02318-scaled.jpg\"><img loading=\"lazy\" decoding=\"async\" width=\"1024\" height=\"683\" data-id=\"135\" src=\"https:\/\/www.markusreisen.de\/prag\/wp-content\/uploads\/sites\/16\/2024\/08\/DSC02318-1024x683.jpg\" alt=\"\" class=\"wp-image-135\" srcset=\"https:\/\/www.markusreisen.de\/prag\/wp-content\/uploads\/sites\/16\/2024\/08\/DSC02318-1024x683.jpg 1024w, https:\/\/www.markusreisen.de\/prag\/wp-content\/uploads\/sites\/16\/2024\/08\/DSC02318-300x200.jpg 300w, https:\/\/www.markusreisen.de\/prag\/wp-content\/uploads\/sites\/16\/2024\/08\/DSC02318-768x512.jpg 768w, https:\/\/www.markusreisen.de\/prag\/wp-content\/uploads\/sites\/16\/2024\/08\/DSC02318-1536x1024.jpg 1536w, https:\/\/www.markusreisen.de\/prag\/wp-content\/uploads\/sites\/16\/2024\/08\/DSC02318-2048x1365.jpg 2048w, https:\/\/www.markusreisen.de\/prag\/wp-content\/uploads\/sites\/16\/2024\/08\/DSC02318-1568x1045.jpg 1568w\" sizes=\"auto, (max-width: 1024px) 100vw, 1024px\" \/><\/a><\/figure>\n\n\n\n<figure class=\"wp-block-image size-large\"><a href=\"https:\/\/www.markusreisen.de\/prag\/wp-content\/uploads\/sites\/16\/2024\/08\/DSC02320-scaled.jpg\"><img loading=\"lazy\" decoding=\"async\" width=\"1024\" height=\"683\" data-id=\"136\" src=\"https:\/\/www.markusreisen.de\/prag\/wp-content\/uploads\/sites\/16\/2024\/08\/DSC02320-1024x683.jpg\" alt=\"\" class=\"wp-image-136\" srcset=\"https:\/\/www.markusreisen.de\/prag\/wp-content\/uploads\/sites\/16\/2024\/08\/DSC02320-1024x683.jpg 1024w, https:\/\/www.markusreisen.de\/prag\/wp-content\/uploads\/sites\/16\/2024\/08\/DSC02320-300x200.jpg 300w, https:\/\/www.markusreisen.de\/prag\/wp-content\/uploads\/sites\/16\/2024\/08\/DSC02320-768x512.jpg 768w, https:\/\/www.markusreisen.de\/prag\/wp-content\/uploads\/sites\/16\/2024\/08\/DSC02320-1536x1024.jpg 1536w, https:\/\/www.markusreisen.de\/prag\/wp-content\/uploads\/sites\/16\/2024\/08\/DSC02320-2048x1365.jpg 2048w, https:\/\/www.markusreisen.de\/prag\/wp-content\/uploads\/sites\/16\/2024\/08\/DSC02320-1568x1045.jpg 1568w\" sizes=\"auto, (max-width: 1024px) 100vw, 1024px\" \/><\/a><figcaption class=\"wp-element-caption\">Der reich geschm\u00fcckte &#8222;Kasten&#8220; in der Mitte ist die Kapelle.<\/figcaption><\/figure>\n\n\n\n<figure class=\"wp-block-image size-large\"><a href=\"https:\/\/www.markusreisen.de\/prag\/wp-content\/uploads\/sites\/16\/2024\/08\/DSC02324-scaled.jpg\"><img loading=\"lazy\" decoding=\"async\" width=\"1024\" height=\"683\" data-id=\"137\" src=\"https:\/\/www.markusreisen.de\/prag\/wp-content\/uploads\/sites\/16\/2024\/08\/DSC02324-1024x683.jpg\" alt=\"\" class=\"wp-image-137\" srcset=\"https:\/\/www.markusreisen.de\/prag\/wp-content\/uploads\/sites\/16\/2024\/08\/DSC02324-1024x683.jpg 1024w, https:\/\/www.markusreisen.de\/prag\/wp-content\/uploads\/sites\/16\/2024\/08\/DSC02324-300x200.jpg 300w, https:\/\/www.markusreisen.de\/prag\/wp-content\/uploads\/sites\/16\/2024\/08\/DSC02324-768x512.jpg 768w, https:\/\/www.markusreisen.de\/prag\/wp-content\/uploads\/sites\/16\/2024\/08\/DSC02324-1536x1024.jpg 1536w, https:\/\/www.markusreisen.de\/prag\/wp-content\/uploads\/sites\/16\/2024\/08\/DSC02324-2048x1365.jpg 2048w, https:\/\/www.markusreisen.de\/prag\/wp-content\/uploads\/sites\/16\/2024\/08\/DSC02324-1568x1045.jpg 1568w\" sizes=\"auto, (max-width: 1024px) 100vw, 1024px\" \/><\/a><\/figure>\n\n\n\n<figure class=\"wp-block-image size-large\"><a href=\"https:\/\/www.markusreisen.de\/prag\/wp-content\/uploads\/sites\/16\/2024\/08\/PXL_20240815_100821706.NIGHT_-scaled.jpg\"><img loading=\"lazy\" decoding=\"async\" width=\"1024\" height=\"771\" data-id=\"147\" src=\"https:\/\/www.markusreisen.de\/prag\/wp-content\/uploads\/sites\/16\/2024\/08\/PXL_20240815_100821706.NIGHT_-1024x771.jpg\" alt=\"\" class=\"wp-image-147\" srcset=\"https:\/\/www.markusreisen.de\/prag\/wp-content\/uploads\/sites\/16\/2024\/08\/PXL_20240815_100821706.NIGHT_-1024x771.jpg 1024w, https:\/\/www.markusreisen.de\/prag\/wp-content\/uploads\/sites\/16\/2024\/08\/PXL_20240815_100821706.NIGHT_-300x226.jpg 300w, https:\/\/www.markusreisen.de\/prag\/wp-content\/uploads\/sites\/16\/2024\/08\/PXL_20240815_100821706.NIGHT_-768x578.jpg 768w, https:\/\/www.markusreisen.de\/prag\/wp-content\/uploads\/sites\/16\/2024\/08\/PXL_20240815_100821706.NIGHT_-1536x1157.jpg 1536w, https:\/\/www.markusreisen.de\/prag\/wp-content\/uploads\/sites\/16\/2024\/08\/PXL_20240815_100821706.NIGHT_-2048x1542.jpg 2048w, https:\/\/www.markusreisen.de\/prag\/wp-content\/uploads\/sites\/16\/2024\/08\/PXL_20240815_100821706.NIGHT_-1568x1181.jpg 1568w\" sizes=\"auto, (max-width: 1024px) 100vw, 1024px\" \/><\/a><figcaption class=\"wp-element-caption\">Das Innere der Kapelle.<\/figcaption><\/figure>\n\n\n\n<figure class=\"wp-block-image size-large\"><a href=\"https:\/\/www.markusreisen.de\/prag\/wp-content\/uploads\/sites\/16\/2024\/08\/PXL_20240815_101348496.NIGHT_-scaled.jpg\"><img loading=\"lazy\" decoding=\"async\" width=\"1024\" height=\"682\" data-id=\"148\" src=\"https:\/\/www.markusreisen.de\/prag\/wp-content\/uploads\/sites\/16\/2024\/08\/PXL_20240815_101348496.NIGHT_-1024x682.jpg\" alt=\"\" class=\"wp-image-148\" srcset=\"https:\/\/www.markusreisen.de\/prag\/wp-content\/uploads\/sites\/16\/2024\/08\/PXL_20240815_101348496.NIGHT_-1024x682.jpg 1024w, https:\/\/www.markusreisen.de\/prag\/wp-content\/uploads\/sites\/16\/2024\/08\/PXL_20240815_101348496.NIGHT_-300x200.jpg 300w, https:\/\/www.markusreisen.de\/prag\/wp-content\/uploads\/sites\/16\/2024\/08\/PXL_20240815_101348496.NIGHT_-768x511.jpg 768w, https:\/\/www.markusreisen.de\/prag\/wp-content\/uploads\/sites\/16\/2024\/08\/PXL_20240815_101348496.NIGHT_-1536x1023.jpg 1536w, https:\/\/www.markusreisen.de\/prag\/wp-content\/uploads\/sites\/16\/2024\/08\/PXL_20240815_101348496.NIGHT_-2048x1364.jpg 2048w, https:\/\/www.markusreisen.de\/prag\/wp-content\/uploads\/sites\/16\/2024\/08\/PXL_20240815_101348496.NIGHT_-1568x1044.jpg 1568w\" sizes=\"auto, (max-width: 1024px) 100vw, 1024px\" \/><\/a><figcaption class=\"wp-element-caption\">Das Prunkst\u00fcck der Schatzkammer: Die Monstranz &#8222;Prager Sonne&#8220;.<\/figcaption><\/figure>\n\n\n\n<figure class=\"wp-block-image size-large\"><a href=\"https:\/\/www.markusreisen.de\/prag\/wp-content\/uploads\/sites\/16\/2024\/08\/PXL_20240815_102438076-scaled.jpg\"><img loading=\"lazy\" decoding=\"async\" width=\"1024\" height=\"771\" data-id=\"149\" src=\"https:\/\/www.markusreisen.de\/prag\/wp-content\/uploads\/sites\/16\/2024\/08\/PXL_20240815_102438076-1024x771.jpg\" alt=\"\" class=\"wp-image-149\" srcset=\"https:\/\/www.markusreisen.de\/prag\/wp-content\/uploads\/sites\/16\/2024\/08\/PXL_20240815_102438076-1024x771.jpg 1024w, https:\/\/www.markusreisen.de\/prag\/wp-content\/uploads\/sites\/16\/2024\/08\/PXL_20240815_102438076-300x226.jpg 300w, https:\/\/www.markusreisen.de\/prag\/wp-content\/uploads\/sites\/16\/2024\/08\/PXL_20240815_102438076-768x578.jpg 768w, https:\/\/www.markusreisen.de\/prag\/wp-content\/uploads\/sites\/16\/2024\/08\/PXL_20240815_102438076-1536x1157.jpg 1536w, https:\/\/www.markusreisen.de\/prag\/wp-content\/uploads\/sites\/16\/2024\/08\/PXL_20240815_102438076-2048x1542.jpg 2048w, https:\/\/www.markusreisen.de\/prag\/wp-content\/uploads\/sites\/16\/2024\/08\/PXL_20240815_102438076-1568x1181.jpg 1568w\" sizes=\"auto, (max-width: 1024px) 100vw, 1024px\" \/><\/a><figcaption class=\"wp-element-caption\">Gegen\u00fcber das tschechische Au\u00dfenministerium. Hier wurde der Warschauer Pakt aufgel\u00f6st.<\/figcaption><\/figure>\n<\/figure>\n\n\n\n<h2 class=\"wp-block-heading\">Hradschiner Platz<\/h2>\n\n\n\n<p>Danach war ich schon wieder ziemlich fertig, es sind gut 30 Grad. Aber es gilt: what goes up, must come down. In diesem Fall weil der \u00d6PNV Prags nicht bis auf den Burgberg f\u00fchrt und ich zur\u00fcck ins Tal musste. Nat\u00fcrlich gab es da auch viele Sights, wobei ich Burg und Veitsdom diesmal weggelassen habe.<\/p>\n\n\n\n<figure class=\"wp-block-gallery has-nested-images columns-1 is-cropped wp-block-gallery-6 is-layout-flex wp-block-gallery-is-layout-flex\">\n<figure class=\"wp-block-image size-large\"><a href=\"https:\/\/www.markusreisen.de\/prag\/wp-content\/uploads\/sites\/16\/2024\/08\/DSC02326-scaled.jpg\"><img loading=\"lazy\" decoding=\"async\" width=\"1024\" height=\"614\" data-id=\"138\" src=\"https:\/\/www.markusreisen.de\/prag\/wp-content\/uploads\/sites\/16\/2024\/08\/DSC02326-1024x614.jpg\" alt=\"\" class=\"wp-image-138\" srcset=\"https:\/\/www.markusreisen.de\/prag\/wp-content\/uploads\/sites\/16\/2024\/08\/DSC02326-1024x614.jpg 1024w, https:\/\/www.markusreisen.de\/prag\/wp-content\/uploads\/sites\/16\/2024\/08\/DSC02326-300x180.jpg 300w, https:\/\/www.markusreisen.de\/prag\/wp-content\/uploads\/sites\/16\/2024\/08\/DSC02326-768x460.jpg 768w, https:\/\/www.markusreisen.de\/prag\/wp-content\/uploads\/sites\/16\/2024\/08\/DSC02326-1536x920.jpg 1536w, https:\/\/www.markusreisen.de\/prag\/wp-content\/uploads\/sites\/16\/2024\/08\/DSC02326-2048x1227.jpg 2048w, https:\/\/www.markusreisen.de\/prag\/wp-content\/uploads\/sites\/16\/2024\/08\/DSC02326-1568x939.jpg 1568w\" sizes=\"auto, (max-width: 1024px) 100vw, 1024px\" \/><\/a><figcaption class=\"wp-element-caption\">Der Palais Schwarzenberg<\/figcaption><\/figure>\n\n\n\n<figure class=\"wp-block-image size-large\"><a href=\"https:\/\/www.markusreisen.de\/prag\/wp-content\/uploads\/sites\/16\/2024\/08\/DSC02328-scaled.jpg\"><img loading=\"lazy\" decoding=\"async\" width=\"1024\" height=\"683\" data-id=\"139\" src=\"https:\/\/www.markusreisen.de\/prag\/wp-content\/uploads\/sites\/16\/2024\/08\/DSC02328-1024x683.jpg\" alt=\"\" class=\"wp-image-139\" srcset=\"https:\/\/www.markusreisen.de\/prag\/wp-content\/uploads\/sites\/16\/2024\/08\/DSC02328-1024x683.jpg 1024w, https:\/\/www.markusreisen.de\/prag\/wp-content\/uploads\/sites\/16\/2024\/08\/DSC02328-300x200.jpg 300w, https:\/\/www.markusreisen.de\/prag\/wp-content\/uploads\/sites\/16\/2024\/08\/DSC02328-768x512.jpg 768w, https:\/\/www.markusreisen.de\/prag\/wp-content\/uploads\/sites\/16\/2024\/08\/DSC02328-1536x1024.jpg 1536w, https:\/\/www.markusreisen.de\/prag\/wp-content\/uploads\/sites\/16\/2024\/08\/DSC02328-2048x1365.jpg 2048w, https:\/\/www.markusreisen.de\/prag\/wp-content\/uploads\/sites\/16\/2024\/08\/DSC02328-1568x1045.jpg 1568w\" sizes=\"auto, (max-width: 1024px) 100vw, 1024px\" \/><\/a><figcaption class=\"wp-element-caption\">Eingang zur Burg<\/figcaption><\/figure>\n\n\n\n<figure class=\"wp-block-image size-large\"><a href=\"https:\/\/www.markusreisen.de\/prag\/wp-content\/uploads\/sites\/16\/2024\/08\/DSC02329-scaled.jpg\"><img loading=\"lazy\" decoding=\"async\" width=\"1024\" height=\"683\" data-id=\"140\" src=\"https:\/\/www.markusreisen.de\/prag\/wp-content\/uploads\/sites\/16\/2024\/08\/DSC02329-1024x683.jpg\" alt=\"\" class=\"wp-image-140\" srcset=\"https:\/\/www.markusreisen.de\/prag\/wp-content\/uploads\/sites\/16\/2024\/08\/DSC02329-1024x683.jpg 1024w, https:\/\/www.markusreisen.de\/prag\/wp-content\/uploads\/sites\/16\/2024\/08\/DSC02329-300x200.jpg 300w, https:\/\/www.markusreisen.de\/prag\/wp-content\/uploads\/sites\/16\/2024\/08\/DSC02329-768x512.jpg 768w, https:\/\/www.markusreisen.de\/prag\/wp-content\/uploads\/sites\/16\/2024\/08\/DSC02329-1536x1024.jpg 1536w, https:\/\/www.markusreisen.de\/prag\/wp-content\/uploads\/sites\/16\/2024\/08\/DSC02329-2048x1365.jpg 2048w, https:\/\/www.markusreisen.de\/prag\/wp-content\/uploads\/sites\/16\/2024\/08\/DSC02329-1568x1045.jpg 1568w\" sizes=\"auto, (max-width: 1024px) 100vw, 1024px\" \/><\/a><figcaption class=\"wp-element-caption\">Feine Aussicht. Das kleine Caf\u00e9 ist allerdings ein Starbucks.<\/figcaption><\/figure>\n\n\n\n<figure class=\"wp-block-image size-large\"><a href=\"https:\/\/www.markusreisen.de\/prag\/wp-content\/uploads\/sites\/16\/2024\/08\/DSC02330-scaled.jpg\"><img loading=\"lazy\" decoding=\"async\" width=\"1024\" height=\"683\" data-id=\"141\" src=\"https:\/\/www.markusreisen.de\/prag\/wp-content\/uploads\/sites\/16\/2024\/08\/DSC02330-1024x683.jpg\" alt=\"\" class=\"wp-image-141\" srcset=\"https:\/\/www.markusreisen.de\/prag\/wp-content\/uploads\/sites\/16\/2024\/08\/DSC02330-1024x683.jpg 1024w, https:\/\/www.markusreisen.de\/prag\/wp-content\/uploads\/sites\/16\/2024\/08\/DSC02330-300x200.jpg 300w, https:\/\/www.markusreisen.de\/prag\/wp-content\/uploads\/sites\/16\/2024\/08\/DSC02330-768x512.jpg 768w, https:\/\/www.markusreisen.de\/prag\/wp-content\/uploads\/sites\/16\/2024\/08\/DSC02330-1536x1024.jpg 1536w, https:\/\/www.markusreisen.de\/prag\/wp-content\/uploads\/sites\/16\/2024\/08\/DSC02330-2048x1365.jpg 2048w, https:\/\/www.markusreisen.de\/prag\/wp-content\/uploads\/sites\/16\/2024\/08\/DSC02330-1568x1045.jpg 1568w\" sizes=\"auto, (max-width: 1024px) 100vw, 1024px\" \/><\/a><\/figure>\n\n\n\n<figure class=\"wp-block-image size-large\"><a href=\"https:\/\/www.markusreisen.de\/prag\/wp-content\/uploads\/sites\/16\/2024\/08\/PXL_20240815_112354561-scaled.jpg\"><img loading=\"lazy\" decoding=\"async\" width=\"1024\" height=\"771\" data-id=\"152\" src=\"https:\/\/www.markusreisen.de\/prag\/wp-content\/uploads\/sites\/16\/2024\/08\/PXL_20240815_112354561-1024x771.jpg\" alt=\"\" class=\"wp-image-152\" srcset=\"https:\/\/www.markusreisen.de\/prag\/wp-content\/uploads\/sites\/16\/2024\/08\/PXL_20240815_112354561-1024x771.jpg 1024w, https:\/\/www.markusreisen.de\/prag\/wp-content\/uploads\/sites\/16\/2024\/08\/PXL_20240815_112354561-300x226.jpg 300w, https:\/\/www.markusreisen.de\/prag\/wp-content\/uploads\/sites\/16\/2024\/08\/PXL_20240815_112354561-768x578.jpg 768w, https:\/\/www.markusreisen.de\/prag\/wp-content\/uploads\/sites\/16\/2024\/08\/PXL_20240815_112354561-1536x1157.jpg 1536w, https:\/\/www.markusreisen.de\/prag\/wp-content\/uploads\/sites\/16\/2024\/08\/PXL_20240815_112354561-2048x1542.jpg 2048w, https:\/\/www.markusreisen.de\/prag\/wp-content\/uploads\/sites\/16\/2024\/08\/PXL_20240815_112354561-1568x1181.jpg 1568w\" sizes=\"auto, (max-width: 1024px) 100vw, 1024px\" \/><\/a><figcaption class=\"wp-element-caption\">Hier bin ich eingekehrt.<\/figcaption><\/figure>\n\n\n\n<figure class=\"wp-block-image size-large\"><a href=\"https:\/\/www.markusreisen.de\/prag\/wp-content\/uploads\/sites\/16\/2024\/08\/PXL_20240815_112844723-scaled.jpg\"><img loading=\"lazy\" decoding=\"async\" width=\"1024\" height=\"771\" data-id=\"153\" src=\"https:\/\/www.markusreisen.de\/prag\/wp-content\/uploads\/sites\/16\/2024\/08\/PXL_20240815_112844723-1024x771.jpg\" alt=\"\" class=\"wp-image-153\" srcset=\"https:\/\/www.markusreisen.de\/prag\/wp-content\/uploads\/sites\/16\/2024\/08\/PXL_20240815_112844723-1024x771.jpg 1024w, https:\/\/www.markusreisen.de\/prag\/wp-content\/uploads\/sites\/16\/2024\/08\/PXL_20240815_112844723-300x226.jpg 300w, https:\/\/www.markusreisen.de\/prag\/wp-content\/uploads\/sites\/16\/2024\/08\/PXL_20240815_112844723-768x578.jpg 768w, https:\/\/www.markusreisen.de\/prag\/wp-content\/uploads\/sites\/16\/2024\/08\/PXL_20240815_112844723-1536x1157.jpg 1536w, https:\/\/www.markusreisen.de\/prag\/wp-content\/uploads\/sites\/16\/2024\/08\/PXL_20240815_112844723-2048x1542.jpg 2048w, https:\/\/www.markusreisen.de\/prag\/wp-content\/uploads\/sites\/16\/2024\/08\/PXL_20240815_112844723-1568x1181.jpg 1568w\" sizes=\"auto, (max-width: 1024px) 100vw, 1024px\" \/><\/a><figcaption class=\"wp-element-caption\">Am Fu\u00dfe des Burgbergs beginnt die Kleinseite, unweit der Stra\u00dfenbahn.<\/figcaption><\/figure>\n<\/figure>\n\n\n\n<p>Dann war die R\u00fcckkehr ins klimatisierte Hotel, Siesta, Bildbearbeitung und Bloggen angesagt. Jetzt mache ich noch einen Spaziergang zur Moldau und gehe was Essen.<\/p>\n\n\n\n<h2 class=\"wp-block-heading\">16.08.2024<\/h2>\n\n\n\n<p>Gestern lie\u00df ich den Tag dann am &#8222;Strand&#8220; der Moldau ausklingen:<\/p>\n\n\n\n<figure class=\"wp-block-gallery has-nested-images columns-1 is-cropped wp-block-gallery-7 is-layout-flex wp-block-gallery-is-layout-flex\">\n<figure class=\"wp-block-image size-large\"><a href=\"https:\/\/www.markusreisen.de\/prag\/wp-content\/uploads\/sites\/16\/2024\/08\/PXL_20240815_163227652-scaled.jpg\"><img loading=\"lazy\" decoding=\"async\" width=\"1024\" height=\"771\" data-id=\"173\" src=\"https:\/\/www.markusreisen.de\/prag\/wp-content\/uploads\/sites\/16\/2024\/08\/PXL_20240815_163227652-1024x771.jpg\" alt=\"\" class=\"wp-image-173\" srcset=\"https:\/\/www.markusreisen.de\/prag\/wp-content\/uploads\/sites\/16\/2024\/08\/PXL_20240815_163227652-1024x771.jpg 1024w, https:\/\/www.markusreisen.de\/prag\/wp-content\/uploads\/sites\/16\/2024\/08\/PXL_20240815_163227652-300x226.jpg 300w, https:\/\/www.markusreisen.de\/prag\/wp-content\/uploads\/sites\/16\/2024\/08\/PXL_20240815_163227652-768x578.jpg 768w, https:\/\/www.markusreisen.de\/prag\/wp-content\/uploads\/sites\/16\/2024\/08\/PXL_20240815_163227652-1536x1157.jpg 1536w, https:\/\/www.markusreisen.de\/prag\/wp-content\/uploads\/sites\/16\/2024\/08\/PXL_20240815_163227652-2048x1542.jpg 2048w, https:\/\/www.markusreisen.de\/prag\/wp-content\/uploads\/sites\/16\/2024\/08\/PXL_20240815_163227652-1568x1181.jpg 1568w\" sizes=\"auto, (max-width: 1024px) 100vw, 1024px\" \/><\/a><figcaption class=\"wp-element-caption\">Sundowner<\/figcaption><\/figure>\n\n\n\n<figure class=\"wp-block-image size-large\"><a href=\"https:\/\/www.markusreisen.de\/prag\/wp-content\/uploads\/sites\/16\/2024\/08\/PXL_20240815_170905492-scaled.jpg\"><img loading=\"lazy\" decoding=\"async\" width=\"1024\" height=\"771\" data-id=\"174\" src=\"https:\/\/www.markusreisen.de\/prag\/wp-content\/uploads\/sites\/16\/2024\/08\/PXL_20240815_170905492-1024x771.jpg\" alt=\"\" class=\"wp-image-174\" srcset=\"https:\/\/www.markusreisen.de\/prag\/wp-content\/uploads\/sites\/16\/2024\/08\/PXL_20240815_170905492-1024x771.jpg 1024w, https:\/\/www.markusreisen.de\/prag\/wp-content\/uploads\/sites\/16\/2024\/08\/PXL_20240815_170905492-300x226.jpg 300w, https:\/\/www.markusreisen.de\/prag\/wp-content\/uploads\/sites\/16\/2024\/08\/PXL_20240815_170905492-768x578.jpg 768w, https:\/\/www.markusreisen.de\/prag\/wp-content\/uploads\/sites\/16\/2024\/08\/PXL_20240815_170905492-1536x1157.jpg 1536w, https:\/\/www.markusreisen.de\/prag\/wp-content\/uploads\/sites\/16\/2024\/08\/PXL_20240815_170905492-2048x1542.jpg 2048w, https:\/\/www.markusreisen.de\/prag\/wp-content\/uploads\/sites\/16\/2024\/08\/PXL_20240815_170905492-1568x1181.jpg 1568w\" sizes=\"auto, (max-width: 1024px) 100vw, 1024px\" \/><\/a><figcaption class=\"wp-element-caption\">Uferpromenade an der Moldau<\/figcaption><\/figure>\n\n\n\n<figure class=\"wp-block-image size-large\"><a href=\"https:\/\/www.markusreisen.de\/prag\/wp-content\/uploads\/sites\/16\/2024\/08\/PXL_20240815_171333656-scaled.jpg\"><img loading=\"lazy\" decoding=\"async\" width=\"1024\" height=\"771\" data-id=\"175\" src=\"https:\/\/www.markusreisen.de\/prag\/wp-content\/uploads\/sites\/16\/2024\/08\/PXL_20240815_171333656-1024x771.jpg\" alt=\"\" class=\"wp-image-175\" srcset=\"https:\/\/www.markusreisen.de\/prag\/wp-content\/uploads\/sites\/16\/2024\/08\/PXL_20240815_171333656-1024x771.jpg 1024w, https:\/\/www.markusreisen.de\/prag\/wp-content\/uploads\/sites\/16\/2024\/08\/PXL_20240815_171333656-300x226.jpg 300w, https:\/\/www.markusreisen.de\/prag\/wp-content\/uploads\/sites\/16\/2024\/08\/PXL_20240815_171333656-768x578.jpg 768w, https:\/\/www.markusreisen.de\/prag\/wp-content\/uploads\/sites\/16\/2024\/08\/PXL_20240815_171333656-1536x1157.jpg 1536w, https:\/\/www.markusreisen.de\/prag\/wp-content\/uploads\/sites\/16\/2024\/08\/PXL_20240815_171333656-2048x1542.jpg 2048w, https:\/\/www.markusreisen.de\/prag\/wp-content\/uploads\/sites\/16\/2024\/08\/PXL_20240815_171333656-1568x1181.jpg 1568w\" sizes=\"auto, (max-width: 1024px) 100vw, 1024px\" \/><\/a><figcaption class=\"wp-element-caption\">Bierwerbung der Staropramen-Brauerei<\/figcaption><\/figure>\n<\/figure>\n\n\n\n<p>Auf dem R\u00fcckweg bin ich dann noch im Manifesto Market eingekehrt. Das ist so eine Art Hipster-Foodcourt mit Events und Musik.<\/p>\n\n\n\n<figure class=\"wp-block-gallery has-nested-images columns-1 is-cropped wp-block-gallery-8 is-layout-flex wp-block-gallery-is-layout-flex\">\n<figure class=\"wp-block-image size-large\"><a href=\"https:\/\/www.markusreisen.de\/prag\/wp-content\/uploads\/sites\/16\/2024\/08\/PXL_20240815_174148636-scaled.jpg\"><img loading=\"lazy\" decoding=\"async\" width=\"1024\" height=\"771\" data-id=\"177\" src=\"https:\/\/www.markusreisen.de\/prag\/wp-content\/uploads\/sites\/16\/2024\/08\/PXL_20240815_174148636-1024x771.jpg\" alt=\"\" class=\"wp-image-177\" srcset=\"https:\/\/www.markusreisen.de\/prag\/wp-content\/uploads\/sites\/16\/2024\/08\/PXL_20240815_174148636-1024x771.jpg 1024w, https:\/\/www.markusreisen.de\/prag\/wp-content\/uploads\/sites\/16\/2024\/08\/PXL_20240815_174148636-300x226.jpg 300w, https:\/\/www.markusreisen.de\/prag\/wp-content\/uploads\/sites\/16\/2024\/08\/PXL_20240815_174148636-768x578.jpg 768w, https:\/\/www.markusreisen.de\/prag\/wp-content\/uploads\/sites\/16\/2024\/08\/PXL_20240815_174148636-1536x1157.jpg 1536w, https:\/\/www.markusreisen.de\/prag\/wp-content\/uploads\/sites\/16\/2024\/08\/PXL_20240815_174148636-2048x1542.jpg 2048w, https:\/\/www.markusreisen.de\/prag\/wp-content\/uploads\/sites\/16\/2024\/08\/PXL_20240815_174148636-1568x1181.jpg 1568w\" sizes=\"auto, (max-width: 1024px) 100vw, 1024px\" \/><\/a><figcaption class=\"wp-element-caption\">und Pool<\/figcaption><\/figure>\n\n\n\n<figure class=\"wp-block-image size-large\"><a href=\"https:\/\/www.markusreisen.de\/prag\/wp-content\/uploads\/sites\/16\/2024\/08\/PXL_20240815_173038547-scaled.jpg\"><img loading=\"lazy\" decoding=\"async\" width=\"1024\" height=\"1016\" data-id=\"176\" src=\"https:\/\/www.markusreisen.de\/prag\/wp-content\/uploads\/sites\/16\/2024\/08\/PXL_20240815_173038547-1024x1016.jpg\" alt=\"\" class=\"wp-image-176\" srcset=\"https:\/\/www.markusreisen.de\/prag\/wp-content\/uploads\/sites\/16\/2024\/08\/PXL_20240815_173038547-1024x1016.jpg 1024w, https:\/\/www.markusreisen.de\/prag\/wp-content\/uploads\/sites\/16\/2024\/08\/PXL_20240815_173038547-300x298.jpg 300w, https:\/\/www.markusreisen.de\/prag\/wp-content\/uploads\/sites\/16\/2024\/08\/PXL_20240815_173038547-150x150.jpg 150w, https:\/\/www.markusreisen.de\/prag\/wp-content\/uploads\/sites\/16\/2024\/08\/PXL_20240815_173038547-768x762.jpg 768w, https:\/\/www.markusreisen.de\/prag\/wp-content\/uploads\/sites\/16\/2024\/08\/PXL_20240815_173038547-1536x1524.jpg 1536w, https:\/\/www.markusreisen.de\/prag\/wp-content\/uploads\/sites\/16\/2024\/08\/PXL_20240815_173038547-2048x2032.jpg 2048w, https:\/\/www.markusreisen.de\/prag\/wp-content\/uploads\/sites\/16\/2024\/08\/PXL_20240815_173038547-1568x1556.jpg 1568w\" sizes=\"auto, (max-width: 1024px) 100vw, 1024px\" \/><\/a><figcaption class=\"wp-element-caption\">Die Buffalo Wings waren erstaunlich original.<\/figcaption><\/figure>\n<\/figure>\n\n\n\n<h2 class=\"wp-block-heading\">J\u00fcdisches Museum<\/h2>\n\n\n\n<p>Vor zwei Jahren war ich fast keinem historischen Geb\u00e4ude drin, da hatte ich auch weniger Zeit und wahrscheinlich keine Lust. Drum bin ich diesmal ins j\u00fcdische Museum, das aus mehreren Synagogen im j\u00fcdischen Viertel der Altstadt sowie dem alten Friedhof besteht. Da war ich 2011 nat\u00fcrlich schon mal, aber damals habe ich noch nicht geblogt und die Fotos waren eher schlecht.<\/p>\n\n\n\n<figure class=\"wp-block-gallery has-nested-images columns-1 is-cropped wp-block-gallery-9 is-layout-flex wp-block-gallery-is-layout-flex\">\n<figure class=\"wp-block-image size-large\"><a href=\"https:\/\/www.markusreisen.de\/prag\/wp-content\/uploads\/sites\/16\/2024\/08\/PXL_20240816_080944837-scaled.jpg\"><img loading=\"lazy\" decoding=\"async\" width=\"1024\" height=\"920\" data-id=\"188\" src=\"https:\/\/www.markusreisen.de\/prag\/wp-content\/uploads\/sites\/16\/2024\/08\/PXL_20240816_080944837-1024x920.jpg\" alt=\"\" class=\"wp-image-188\" srcset=\"https:\/\/www.markusreisen.de\/prag\/wp-content\/uploads\/sites\/16\/2024\/08\/PXL_20240816_080944837-1024x920.jpg 1024w, https:\/\/www.markusreisen.de\/prag\/wp-content\/uploads\/sites\/16\/2024\/08\/PXL_20240816_080944837-300x270.jpg 300w, https:\/\/www.markusreisen.de\/prag\/wp-content\/uploads\/sites\/16\/2024\/08\/PXL_20240816_080944837-768x690.jpg 768w, https:\/\/www.markusreisen.de\/prag\/wp-content\/uploads\/sites\/16\/2024\/08\/PXL_20240816_080944837-1536x1380.jpg 1536w, https:\/\/www.markusreisen.de\/prag\/wp-content\/uploads\/sites\/16\/2024\/08\/PXL_20240816_080944837-2048x1840.jpg 2048w, https:\/\/www.markusreisen.de\/prag\/wp-content\/uploads\/sites\/16\/2024\/08\/PXL_20240816_080944837-1568x1409.jpg 1568w\" sizes=\"auto, (max-width: 1024px) 100vw, 1024px\" \/><\/a><figcaption class=\"wp-element-caption\">Die Alt-Neue Synagoge ist die \u00e4lteste und mit der Golem-Legende verbunden.<\/figcaption><\/figure>\n\n\n\n<figure class=\"wp-block-image size-large\"><a href=\"https:\/\/www.markusreisen.de\/prag\/wp-content\/uploads\/sites\/16\/2024\/08\/PXL_20240816_080524146-scaled.jpg\"><img loading=\"lazy\" decoding=\"async\" width=\"1024\" height=\"771\" data-id=\"184\" src=\"https:\/\/www.markusreisen.de\/prag\/wp-content\/uploads\/sites\/16\/2024\/08\/PXL_20240816_080524146-1024x771.jpg\" alt=\"\" class=\"wp-image-184\" srcset=\"https:\/\/www.markusreisen.de\/prag\/wp-content\/uploads\/sites\/16\/2024\/08\/PXL_20240816_080524146-1024x771.jpg 1024w, https:\/\/www.markusreisen.de\/prag\/wp-content\/uploads\/sites\/16\/2024\/08\/PXL_20240816_080524146-300x226.jpg 300w, https:\/\/www.markusreisen.de\/prag\/wp-content\/uploads\/sites\/16\/2024\/08\/PXL_20240816_080524146-768x578.jpg 768w, https:\/\/www.markusreisen.de\/prag\/wp-content\/uploads\/sites\/16\/2024\/08\/PXL_20240816_080524146-1536x1157.jpg 1536w, https:\/\/www.markusreisen.de\/prag\/wp-content\/uploads\/sites\/16\/2024\/08\/PXL_20240816_080524146-2048x1542.jpg 2048w, https:\/\/www.markusreisen.de\/prag\/wp-content\/uploads\/sites\/16\/2024\/08\/PXL_20240816_080524146-1568x1181.jpg 1568w\" sizes=\"auto, (max-width: 1024px) 100vw, 1024px\" \/><\/a><figcaption class=\"wp-element-caption\">Sehr mitterlalterlich.<\/figcaption><\/figure>\n\n\n\n<figure class=\"wp-block-image size-large\"><a href=\"https:\/\/www.markusreisen.de\/prag\/wp-content\/uploads\/sites\/16\/2024\/08\/PXL_20240816_080545843-scaled.jpg\"><img loading=\"lazy\" decoding=\"async\" width=\"1024\" height=\"771\" data-id=\"185\" src=\"https:\/\/www.markusreisen.de\/prag\/wp-content\/uploads\/sites\/16\/2024\/08\/PXL_20240816_080545843-1024x771.jpg\" alt=\"\" class=\"wp-image-185\" srcset=\"https:\/\/www.markusreisen.de\/prag\/wp-content\/uploads\/sites\/16\/2024\/08\/PXL_20240816_080545843-1024x771.jpg 1024w, https:\/\/www.markusreisen.de\/prag\/wp-content\/uploads\/sites\/16\/2024\/08\/PXL_20240816_080545843-300x226.jpg 300w, https:\/\/www.markusreisen.de\/prag\/wp-content\/uploads\/sites\/16\/2024\/08\/PXL_20240816_080545843-768x578.jpg 768w, https:\/\/www.markusreisen.de\/prag\/wp-content\/uploads\/sites\/16\/2024\/08\/PXL_20240816_080545843-1536x1157.jpg 1536w, https:\/\/www.markusreisen.de\/prag\/wp-content\/uploads\/sites\/16\/2024\/08\/PXL_20240816_080545843-2048x1542.jpg 2048w, https:\/\/www.markusreisen.de\/prag\/wp-content\/uploads\/sites\/16\/2024\/08\/PXL_20240816_080545843-1568x1181.jpg 1568w\" sizes=\"auto, (max-width: 1024px) 100vw, 1024px\" \/><\/a><\/figure>\n\n\n\n<figure class=\"wp-block-image size-large\"><a href=\"https:\/\/www.markusreisen.de\/prag\/wp-content\/uploads\/sites\/16\/2024\/08\/PXL_20240816_080606026-scaled.jpg\"><img loading=\"lazy\" decoding=\"async\" width=\"1024\" height=\"771\" data-id=\"186\" src=\"https:\/\/www.markusreisen.de\/prag\/wp-content\/uploads\/sites\/16\/2024\/08\/PXL_20240816_080606026-1024x771.jpg\" alt=\"\" class=\"wp-image-186\" srcset=\"https:\/\/www.markusreisen.de\/prag\/wp-content\/uploads\/sites\/16\/2024\/08\/PXL_20240816_080606026-1024x771.jpg 1024w, https:\/\/www.markusreisen.de\/prag\/wp-content\/uploads\/sites\/16\/2024\/08\/PXL_20240816_080606026-300x226.jpg 300w, https:\/\/www.markusreisen.de\/prag\/wp-content\/uploads\/sites\/16\/2024\/08\/PXL_20240816_080606026-768x578.jpg 768w, https:\/\/www.markusreisen.de\/prag\/wp-content\/uploads\/sites\/16\/2024\/08\/PXL_20240816_080606026-1536x1157.jpg 1536w, https:\/\/www.markusreisen.de\/prag\/wp-content\/uploads\/sites\/16\/2024\/08\/PXL_20240816_080606026-2048x1542.jpg 2048w, https:\/\/www.markusreisen.de\/prag\/wp-content\/uploads\/sites\/16\/2024\/08\/PXL_20240816_080606026-1568x1181.jpg 1568w\" sizes=\"auto, (max-width: 1024px) 100vw, 1024px\" \/><\/a><\/figure>\n\n\n\n<figure class=\"wp-block-image size-large\"><a href=\"https:\/\/www.markusreisen.de\/prag\/wp-content\/uploads\/sites\/16\/2024\/08\/PXL_20240816_080716671-scaled.jpg\"><img loading=\"lazy\" decoding=\"async\" width=\"1024\" height=\"771\" data-id=\"187\" src=\"https:\/\/www.markusreisen.de\/prag\/wp-content\/uploads\/sites\/16\/2024\/08\/PXL_20240816_080716671-1024x771.jpg\" alt=\"\" class=\"wp-image-187\" srcset=\"https:\/\/www.markusreisen.de\/prag\/wp-content\/uploads\/sites\/16\/2024\/08\/PXL_20240816_080716671-1024x771.jpg 1024w, https:\/\/www.markusreisen.de\/prag\/wp-content\/uploads\/sites\/16\/2024\/08\/PXL_20240816_080716671-300x226.jpg 300w, https:\/\/www.markusreisen.de\/prag\/wp-content\/uploads\/sites\/16\/2024\/08\/PXL_20240816_080716671-768x578.jpg 768w, https:\/\/www.markusreisen.de\/prag\/wp-content\/uploads\/sites\/16\/2024\/08\/PXL_20240816_080716671-1536x1157.jpg 1536w, https:\/\/www.markusreisen.de\/prag\/wp-content\/uploads\/sites\/16\/2024\/08\/PXL_20240816_080716671-2048x1542.jpg 2048w, https:\/\/www.markusreisen.de\/prag\/wp-content\/uploads\/sites\/16\/2024\/08\/PXL_20240816_080716671-1568x1181.jpg 1568w\" sizes=\"auto, (max-width: 1024px) 100vw, 1024px\" \/><\/a><\/figure>\n\n\n\n<figure class=\"wp-block-image size-large\"><a href=\"https:\/\/www.markusreisen.de\/prag\/wp-content\/uploads\/sites\/16\/2024\/08\/PXL_20240816_073541282-scaled.jpg\"><img loading=\"lazy\" decoding=\"async\" width=\"1024\" height=\"771\" data-id=\"181\" src=\"https:\/\/www.markusreisen.de\/prag\/wp-content\/uploads\/sites\/16\/2024\/08\/PXL_20240816_073541282-1024x771.jpg\" alt=\"\" class=\"wp-image-181\" srcset=\"https:\/\/www.markusreisen.de\/prag\/wp-content\/uploads\/sites\/16\/2024\/08\/PXL_20240816_073541282-1024x771.jpg 1024w, https:\/\/www.markusreisen.de\/prag\/wp-content\/uploads\/sites\/16\/2024\/08\/PXL_20240816_073541282-300x226.jpg 300w, https:\/\/www.markusreisen.de\/prag\/wp-content\/uploads\/sites\/16\/2024\/08\/PXL_20240816_073541282-768x578.jpg 768w, https:\/\/www.markusreisen.de\/prag\/wp-content\/uploads\/sites\/16\/2024\/08\/PXL_20240816_073541282-1536x1157.jpg 1536w, https:\/\/www.markusreisen.de\/prag\/wp-content\/uploads\/sites\/16\/2024\/08\/PXL_20240816_073541282-2048x1542.jpg 2048w, https:\/\/www.markusreisen.de\/prag\/wp-content\/uploads\/sites\/16\/2024\/08\/PXL_20240816_073541282-1568x1181.jpg 1568w\" sizes=\"auto, (max-width: 1024px) 100vw, 1024px\" \/><\/a><figcaption class=\"wp-element-caption\">Die Spanische Synagoge ist viel neuer und eine reformierte.<\/figcaption><\/figure>\n\n\n\n<figure class=\"wp-block-image size-large\"><a href=\"https:\/\/www.markusreisen.de\/prag\/wp-content\/uploads\/sites\/16\/2024\/08\/PXL_20240816_072256938-scaled.jpg\"><img loading=\"lazy\" decoding=\"async\" width=\"1024\" height=\"771\" data-id=\"179\" src=\"https:\/\/www.markusreisen.de\/prag\/wp-content\/uploads\/sites\/16\/2024\/08\/PXL_20240816_072256938-1024x771.jpg\" alt=\"\" class=\"wp-image-179\" srcset=\"https:\/\/www.markusreisen.de\/prag\/wp-content\/uploads\/sites\/16\/2024\/08\/PXL_20240816_072256938-1024x771.jpg 1024w, https:\/\/www.markusreisen.de\/prag\/wp-content\/uploads\/sites\/16\/2024\/08\/PXL_20240816_072256938-300x226.jpg 300w, https:\/\/www.markusreisen.de\/prag\/wp-content\/uploads\/sites\/16\/2024\/08\/PXL_20240816_072256938-768x578.jpg 768w, https:\/\/www.markusreisen.de\/prag\/wp-content\/uploads\/sites\/16\/2024\/08\/PXL_20240816_072256938-1536x1157.jpg 1536w, https:\/\/www.markusreisen.de\/prag\/wp-content\/uploads\/sites\/16\/2024\/08\/PXL_20240816_072256938-2048x1542.jpg 2048w, https:\/\/www.markusreisen.de\/prag\/wp-content\/uploads\/sites\/16\/2024\/08\/PXL_20240816_072256938-1568x1181.jpg 1568w\" sizes=\"auto, (max-width: 1024px) 100vw, 1024px\" \/><\/a><figcaption class=\"wp-element-caption\">Benannt nach dem pr\u00e4chtigen maurischen Stil.<\/figcaption><\/figure>\n\n\n\n<figure class=\"wp-block-image size-large\"><a href=\"https:\/\/www.markusreisen.de\/prag\/wp-content\/uploads\/sites\/16\/2024\/08\/PXL_20240816_072406624-scaled.jpg\"><img loading=\"lazy\" decoding=\"async\" width=\"1024\" height=\"771\" data-id=\"180\" src=\"https:\/\/www.markusreisen.de\/prag\/wp-content\/uploads\/sites\/16\/2024\/08\/PXL_20240816_072406624-1024x771.jpg\" alt=\"\" class=\"wp-image-180\" srcset=\"https:\/\/www.markusreisen.de\/prag\/wp-content\/uploads\/sites\/16\/2024\/08\/PXL_20240816_072406624-1024x771.jpg 1024w, https:\/\/www.markusreisen.de\/prag\/wp-content\/uploads\/sites\/16\/2024\/08\/PXL_20240816_072406624-300x226.jpg 300w, https:\/\/www.markusreisen.de\/prag\/wp-content\/uploads\/sites\/16\/2024\/08\/PXL_20240816_072406624-768x578.jpg 768w, https:\/\/www.markusreisen.de\/prag\/wp-content\/uploads\/sites\/16\/2024\/08\/PXL_20240816_072406624-1536x1157.jpg 1536w, https:\/\/www.markusreisen.de\/prag\/wp-content\/uploads\/sites\/16\/2024\/08\/PXL_20240816_072406624-2048x1542.jpg 2048w, https:\/\/www.markusreisen.de\/prag\/wp-content\/uploads\/sites\/16\/2024\/08\/PXL_20240816_072406624-1568x1181.jpg 1568w\" sizes=\"auto, (max-width: 1024px) 100vw, 1024px\" \/><\/a><\/figure>\n\n\n\n<figure class=\"wp-block-image size-large\"><a href=\"https:\/\/www.markusreisen.de\/prag\/wp-content\/uploads\/sites\/16\/2024\/08\/PXL_20240816_072113270.NIGHT_-scaled.jpg\"><img loading=\"lazy\" decoding=\"async\" width=\"1024\" height=\"907\" data-id=\"178\" src=\"https:\/\/www.markusreisen.de\/prag\/wp-content\/uploads\/sites\/16\/2024\/08\/PXL_20240816_072113270.NIGHT_-1024x907.jpg\" alt=\"\" class=\"wp-image-178\" srcset=\"https:\/\/www.markusreisen.de\/prag\/wp-content\/uploads\/sites\/16\/2024\/08\/PXL_20240816_072113270.NIGHT_-1024x907.jpg 1024w, https:\/\/www.markusreisen.de\/prag\/wp-content\/uploads\/sites\/16\/2024\/08\/PXL_20240816_072113270.NIGHT_-300x266.jpg 300w, https:\/\/www.markusreisen.de\/prag\/wp-content\/uploads\/sites\/16\/2024\/08\/PXL_20240816_072113270.NIGHT_-768x680.jpg 768w, https:\/\/www.markusreisen.de\/prag\/wp-content\/uploads\/sites\/16\/2024\/08\/PXL_20240816_072113270.NIGHT_-1536x1361.jpg 1536w, https:\/\/www.markusreisen.de\/prag\/wp-content\/uploads\/sites\/16\/2024\/08\/PXL_20240816_072113270.NIGHT_-2048x1814.jpg 2048w, https:\/\/www.markusreisen.de\/prag\/wp-content\/uploads\/sites\/16\/2024\/08\/PXL_20240816_072113270.NIGHT_-1568x1389.jpg 1568w\" sizes=\"auto, (max-width: 1024px) 100vw, 1024px\" \/><\/a><\/figure>\n\n\n\n<figure class=\"wp-block-image size-large\"><a href=\"https:\/\/www.markusreisen.de\/prag\/wp-content\/uploads\/sites\/16\/2024\/08\/PXL_20240816_074131836-scaled.jpg\"><img loading=\"lazy\" decoding=\"async\" width=\"1008\" height=\"1024\" data-id=\"182\" src=\"https:\/\/www.markusreisen.de\/prag\/wp-content\/uploads\/sites\/16\/2024\/08\/PXL_20240816_074131836-1008x1024.jpg\" alt=\"\" class=\"wp-image-182\" srcset=\"https:\/\/www.markusreisen.de\/prag\/wp-content\/uploads\/sites\/16\/2024\/08\/PXL_20240816_074131836-1008x1024.jpg 1008w, https:\/\/www.markusreisen.de\/prag\/wp-content\/uploads\/sites\/16\/2024\/08\/PXL_20240816_074131836-295x300.jpg 295w, https:\/\/www.markusreisen.de\/prag\/wp-content\/uploads\/sites\/16\/2024\/08\/PXL_20240816_074131836-768x780.jpg 768w, https:\/\/www.markusreisen.de\/prag\/wp-content\/uploads\/sites\/16\/2024\/08\/PXL_20240816_074131836-1512x1536.jpg 1512w, https:\/\/www.markusreisen.de\/prag\/wp-content\/uploads\/sites\/16\/2024\/08\/PXL_20240816_074131836-2016x2048.jpg 2016w, https:\/\/www.markusreisen.de\/prag\/wp-content\/uploads\/sites\/16\/2024\/08\/PXL_20240816_074131836-1568x1593.jpg 1568w\" sizes=\"auto, (max-width: 1008px) 100vw, 1008px\" \/><\/a><figcaption class=\"wp-element-caption\">In der Maisel-Synagoge wird der Opfer der Shoah gedacht.<\/figcaption><\/figure>\n\n\n\n<figure class=\"wp-block-image size-large\"><a href=\"https:\/\/www.markusreisen.de\/prag\/wp-content\/uploads\/sites\/16\/2024\/08\/PXL_20240816_074219496-scaled.jpg\"><img loading=\"lazy\" decoding=\"async\" width=\"815\" height=\"1024\" data-id=\"183\" src=\"https:\/\/www.markusreisen.de\/prag\/wp-content\/uploads\/sites\/16\/2024\/08\/PXL_20240816_074219496-815x1024.jpg\" alt=\"\" class=\"wp-image-183\" srcset=\"https:\/\/www.markusreisen.de\/prag\/wp-content\/uploads\/sites\/16\/2024\/08\/PXL_20240816_074219496-815x1024.jpg 815w, https:\/\/www.markusreisen.de\/prag\/wp-content\/uploads\/sites\/16\/2024\/08\/PXL_20240816_074219496-239x300.jpg 239w, https:\/\/www.markusreisen.de\/prag\/wp-content\/uploads\/sites\/16\/2024\/08\/PXL_20240816_074219496-768x965.jpg 768w, https:\/\/www.markusreisen.de\/prag\/wp-content\/uploads\/sites\/16\/2024\/08\/PXL_20240816_074219496-1223x1536.jpg 1223w, https:\/\/www.markusreisen.de\/prag\/wp-content\/uploads\/sites\/16\/2024\/08\/PXL_20240816_074219496-1630x2048.jpg 1630w, https:\/\/www.markusreisen.de\/prag\/wp-content\/uploads\/sites\/16\/2024\/08\/PXL_20240816_074219496-1568x1970.jpg 1568w, https:\/\/www.markusreisen.de\/prag\/wp-content\/uploads\/sites\/16\/2024\/08\/PXL_20240816_074219496-scaled.jpg 2038w\" sizes=\"auto, (max-width: 815px) 100vw, 815px\" \/><\/a><figcaption class=\"wp-element-caption\">Alle W\u00e4nde sind voll mit tausenden Namen und Lebensdaten, die alle ab 1942 enden.<\/figcaption><\/figure>\n\n\n\n<figure class=\"wp-block-image size-large\"><a href=\"https:\/\/www.markusreisen.de\/prag\/wp-content\/uploads\/sites\/16\/2024\/08\/DSC02365-scaled.jpg\"><img loading=\"lazy\" decoding=\"async\" width=\"1024\" height=\"683\" data-id=\"168\" src=\"https:\/\/www.markusreisen.de\/prag\/wp-content\/uploads\/sites\/16\/2024\/08\/DSC02365-1024x683.jpg\" alt=\"\" class=\"wp-image-168\" srcset=\"https:\/\/www.markusreisen.de\/prag\/wp-content\/uploads\/sites\/16\/2024\/08\/DSC02365-1024x683.jpg 1024w, https:\/\/www.markusreisen.de\/prag\/wp-content\/uploads\/sites\/16\/2024\/08\/DSC02365-300x200.jpg 300w, https:\/\/www.markusreisen.de\/prag\/wp-content\/uploads\/sites\/16\/2024\/08\/DSC02365-768x512.jpg 768w, https:\/\/www.markusreisen.de\/prag\/wp-content\/uploads\/sites\/16\/2024\/08\/DSC02365-1536x1024.jpg 1536w, https:\/\/www.markusreisen.de\/prag\/wp-content\/uploads\/sites\/16\/2024\/08\/DSC02365-2048x1365.jpg 2048w, https:\/\/www.markusreisen.de\/prag\/wp-content\/uploads\/sites\/16\/2024\/08\/DSC02365-1568x1045.jpg 1568w\" sizes=\"auto, (max-width: 1024px) 100vw, 1024px\" \/><\/a><figcaption class=\"wp-element-caption\">Drumherum ist der alte j\u00fcdische Friedhof.<\/figcaption><\/figure>\n\n\n\n<figure class=\"wp-block-image size-large\"><a href=\"https:\/\/www.markusreisen.de\/prag\/wp-content\/uploads\/sites\/16\/2024\/08\/DSC02361-scaled.jpg\"><img loading=\"lazy\" decoding=\"async\" width=\"1024\" height=\"683\" data-id=\"167\" src=\"https:\/\/www.markusreisen.de\/prag\/wp-content\/uploads\/sites\/16\/2024\/08\/DSC02361-1024x683.jpg\" alt=\"\" class=\"wp-image-167\" srcset=\"https:\/\/www.markusreisen.de\/prag\/wp-content\/uploads\/sites\/16\/2024\/08\/DSC02361-1024x683.jpg 1024w, https:\/\/www.markusreisen.de\/prag\/wp-content\/uploads\/sites\/16\/2024\/08\/DSC02361-300x200.jpg 300w, https:\/\/www.markusreisen.de\/prag\/wp-content\/uploads\/sites\/16\/2024\/08\/DSC02361-768x512.jpg 768w, https:\/\/www.markusreisen.de\/prag\/wp-content\/uploads\/sites\/16\/2024\/08\/DSC02361-1536x1024.jpg 1536w, https:\/\/www.markusreisen.de\/prag\/wp-content\/uploads\/sites\/16\/2024\/08\/DSC02361-2048x1365.jpg 2048w, https:\/\/www.markusreisen.de\/prag\/wp-content\/uploads\/sites\/16\/2024\/08\/DSC02361-1568x1045.jpg 1568w\" sizes=\"auto, (max-width: 1024px) 100vw, 1024px\" \/><\/a><\/figure>\n\n\n\n<figure class=\"wp-block-image size-large\"><a href=\"https:\/\/www.markusreisen.de\/prag\/wp-content\/uploads\/sites\/16\/2024\/08\/DSC02355-scaled.jpg\"><img loading=\"lazy\" decoding=\"async\" width=\"1024\" height=\"683\" data-id=\"166\" src=\"https:\/\/www.markusreisen.de\/prag\/wp-content\/uploads\/sites\/16\/2024\/08\/DSC02355-1024x683.jpg\" alt=\"\" class=\"wp-image-166\" srcset=\"https:\/\/www.markusreisen.de\/prag\/wp-content\/uploads\/sites\/16\/2024\/08\/DSC02355-1024x683.jpg 1024w, https:\/\/www.markusreisen.de\/prag\/wp-content\/uploads\/sites\/16\/2024\/08\/DSC02355-300x200.jpg 300w, https:\/\/www.markusreisen.de\/prag\/wp-content\/uploads\/sites\/16\/2024\/08\/DSC02355-768x512.jpg 768w, https:\/\/www.markusreisen.de\/prag\/wp-content\/uploads\/sites\/16\/2024\/08\/DSC02355-1536x1024.jpg 1536w, https:\/\/www.markusreisen.de\/prag\/wp-content\/uploads\/sites\/16\/2024\/08\/DSC02355-2048x1365.jpg 2048w, https:\/\/www.markusreisen.de\/prag\/wp-content\/uploads\/sites\/16\/2024\/08\/DSC02355-1568x1045.jpg 1568w\" sizes=\"auto, (max-width: 1024px) 100vw, 1024px\" \/><\/a><\/figure>\n\n\n\n<figure class=\"wp-block-image size-large\"><a href=\"https:\/\/www.markusreisen.de\/prag\/wp-content\/uploads\/sites\/16\/2024\/08\/DSC02350-scaled.jpg\"><img loading=\"lazy\" decoding=\"async\" width=\"1024\" height=\"683\" data-id=\"165\" src=\"https:\/\/www.markusreisen.de\/prag\/wp-content\/uploads\/sites\/16\/2024\/08\/DSC02350-1024x683.jpg\" alt=\"\" class=\"wp-image-165\" srcset=\"https:\/\/www.markusreisen.de\/prag\/wp-content\/uploads\/sites\/16\/2024\/08\/DSC02350-1024x683.jpg 1024w, https:\/\/www.markusreisen.de\/prag\/wp-content\/uploads\/sites\/16\/2024\/08\/DSC02350-300x200.jpg 300w, https:\/\/www.markusreisen.de\/prag\/wp-content\/uploads\/sites\/16\/2024\/08\/DSC02350-768x512.jpg 768w, https:\/\/www.markusreisen.de\/prag\/wp-content\/uploads\/sites\/16\/2024\/08\/DSC02350-1536x1024.jpg 1536w, https:\/\/www.markusreisen.de\/prag\/wp-content\/uploads\/sites\/16\/2024\/08\/DSC02350-2048x1365.jpg 2048w, https:\/\/www.markusreisen.de\/prag\/wp-content\/uploads\/sites\/16\/2024\/08\/DSC02350-1568x1045.jpg 1568w\" sizes=\"auto, (max-width: 1024px) 100vw, 1024px\" \/><\/a><\/figure>\n\n\n\n<figure class=\"wp-block-image size-large\"><a href=\"https:\/\/www.markusreisen.de\/prag\/wp-content\/uploads\/sites\/16\/2024\/08\/DSC02346-scaled.jpg\"><img loading=\"lazy\" decoding=\"async\" width=\"1024\" height=\"683\" data-id=\"164\" src=\"https:\/\/www.markusreisen.de\/prag\/wp-content\/uploads\/sites\/16\/2024\/08\/DSC02346-1024x683.jpg\" alt=\"\" class=\"wp-image-164\" srcset=\"https:\/\/www.markusreisen.de\/prag\/wp-content\/uploads\/sites\/16\/2024\/08\/DSC02346-1024x683.jpg 1024w, https:\/\/www.markusreisen.de\/prag\/wp-content\/uploads\/sites\/16\/2024\/08\/DSC02346-300x200.jpg 300w, https:\/\/www.markusreisen.de\/prag\/wp-content\/uploads\/sites\/16\/2024\/08\/DSC02346-768x512.jpg 768w, https:\/\/www.markusreisen.de\/prag\/wp-content\/uploads\/sites\/16\/2024\/08\/DSC02346-1536x1024.jpg 1536w, https:\/\/www.markusreisen.de\/prag\/wp-content\/uploads\/sites\/16\/2024\/08\/DSC02346-2048x1365.jpg 2048w, https:\/\/www.markusreisen.de\/prag\/wp-content\/uploads\/sites\/16\/2024\/08\/DSC02346-1568x1045.jpg 1568w\" sizes=\"auto, (max-width: 1024px) 100vw, 1024px\" \/><\/a><\/figure>\n\n\n\n<figure class=\"wp-block-image size-large\"><a href=\"https:\/\/www.markusreisen.de\/prag\/wp-content\/uploads\/sites\/16\/2024\/08\/DSC02343-scaled.jpg\"><img loading=\"lazy\" decoding=\"async\" width=\"1024\" height=\"683\" data-id=\"163\" src=\"https:\/\/www.markusreisen.de\/prag\/wp-content\/uploads\/sites\/16\/2024\/08\/DSC02343-1024x683.jpg\" alt=\"\" class=\"wp-image-163\" srcset=\"https:\/\/www.markusreisen.de\/prag\/wp-content\/uploads\/sites\/16\/2024\/08\/DSC02343-1024x683.jpg 1024w, https:\/\/www.markusreisen.de\/prag\/wp-content\/uploads\/sites\/16\/2024\/08\/DSC02343-300x200.jpg 300w, https:\/\/www.markusreisen.de\/prag\/wp-content\/uploads\/sites\/16\/2024\/08\/DSC02343-768x512.jpg 768w, https:\/\/www.markusreisen.de\/prag\/wp-content\/uploads\/sites\/16\/2024\/08\/DSC02343-1536x1024.jpg 1536w, https:\/\/www.markusreisen.de\/prag\/wp-content\/uploads\/sites\/16\/2024\/08\/DSC02343-2048x1365.jpg 2048w, https:\/\/www.markusreisen.de\/prag\/wp-content\/uploads\/sites\/16\/2024\/08\/DSC02343-1568x1045.jpg 1568w\" sizes=\"auto, (max-width: 1024px) 100vw, 1024px\" \/><\/a><\/figure>\n\n\n\n<figure class=\"wp-block-image size-large\"><a href=\"https:\/\/www.markusreisen.de\/prag\/wp-content\/uploads\/sites\/16\/2024\/08\/DSC02342-scaled.jpg\"><img loading=\"lazy\" decoding=\"async\" width=\"1024\" height=\"683\" data-id=\"162\" src=\"https:\/\/www.markusreisen.de\/prag\/wp-content\/uploads\/sites\/16\/2024\/08\/DSC02342-1024x683.jpg\" alt=\"\" class=\"wp-image-162\" srcset=\"https:\/\/www.markusreisen.de\/prag\/wp-content\/uploads\/sites\/16\/2024\/08\/DSC02342-1024x683.jpg 1024w, https:\/\/www.markusreisen.de\/prag\/wp-content\/uploads\/sites\/16\/2024\/08\/DSC02342-300x200.jpg 300w, https:\/\/www.markusreisen.de\/prag\/wp-content\/uploads\/sites\/16\/2024\/08\/DSC02342-768x512.jpg 768w, https:\/\/www.markusreisen.de\/prag\/wp-content\/uploads\/sites\/16\/2024\/08\/DSC02342-1536x1024.jpg 1536w, https:\/\/www.markusreisen.de\/prag\/wp-content\/uploads\/sites\/16\/2024\/08\/DSC02342-2048x1365.jpg 2048w, https:\/\/www.markusreisen.de\/prag\/wp-content\/uploads\/sites\/16\/2024\/08\/DSC02342-1568x1045.jpg 1568w\" sizes=\"auto, (max-width: 1024px) 100vw, 1024px\" \/><\/a><\/figure>\n\n\n\n<figure class=\"wp-block-image size-large\"><a href=\"https:\/\/www.markusreisen.de\/prag\/wp-content\/uploads\/sites\/16\/2024\/08\/DSC02340-scaled.jpg\"><img loading=\"lazy\" decoding=\"async\" width=\"1024\" height=\"683\" data-id=\"161\" src=\"https:\/\/www.markusreisen.de\/prag\/wp-content\/uploads\/sites\/16\/2024\/08\/DSC02340-1024x683.jpg\" alt=\"\" class=\"wp-image-161\" srcset=\"https:\/\/www.markusreisen.de\/prag\/wp-content\/uploads\/sites\/16\/2024\/08\/DSC02340-1024x683.jpg 1024w, https:\/\/www.markusreisen.de\/prag\/wp-content\/uploads\/sites\/16\/2024\/08\/DSC02340-300x200.jpg 300w, https:\/\/www.markusreisen.de\/prag\/wp-content\/uploads\/sites\/16\/2024\/08\/DSC02340-768x512.jpg 768w, https:\/\/www.markusreisen.de\/prag\/wp-content\/uploads\/sites\/16\/2024\/08\/DSC02340-1536x1024.jpg 1536w, https:\/\/www.markusreisen.de\/prag\/wp-content\/uploads\/sites\/16\/2024\/08\/DSC02340-2048x1365.jpg 2048w, https:\/\/www.markusreisen.de\/prag\/wp-content\/uploads\/sites\/16\/2024\/08\/DSC02340-1568x1045.jpg 1568w\" sizes=\"auto, (max-width: 1024px) 100vw, 1024px\" \/><\/a><\/figure>\n\n\n\n<figure class=\"wp-block-image size-large\"><a href=\"https:\/\/www.markusreisen.de\/prag\/wp-content\/uploads\/sites\/16\/2024\/08\/DSC02338-scaled.jpg\"><img loading=\"lazy\" decoding=\"async\" width=\"1024\" height=\"683\" data-id=\"160\" src=\"https:\/\/www.markusreisen.de\/prag\/wp-content\/uploads\/sites\/16\/2024\/08\/DSC02338-1024x683.jpg\" alt=\"\" class=\"wp-image-160\" srcset=\"https:\/\/www.markusreisen.de\/prag\/wp-content\/uploads\/sites\/16\/2024\/08\/DSC02338-1024x683.jpg 1024w, https:\/\/www.markusreisen.de\/prag\/wp-content\/uploads\/sites\/16\/2024\/08\/DSC02338-300x200.jpg 300w, https:\/\/www.markusreisen.de\/prag\/wp-content\/uploads\/sites\/16\/2024\/08\/DSC02338-768x512.jpg 768w, https:\/\/www.markusreisen.de\/prag\/wp-content\/uploads\/sites\/16\/2024\/08\/DSC02338-1536x1024.jpg 1536w, https:\/\/www.markusreisen.de\/prag\/wp-content\/uploads\/sites\/16\/2024\/08\/DSC02338-2048x1365.jpg 2048w, https:\/\/www.markusreisen.de\/prag\/wp-content\/uploads\/sites\/16\/2024\/08\/DSC02338-1568x1045.jpg 1568w\" sizes=\"auto, (max-width: 1024px) 100vw, 1024px\" \/><\/a><\/figure>\n\n\n\n<figure class=\"wp-block-image size-large\"><a href=\"https:\/\/www.markusreisen.de\/prag\/wp-content\/uploads\/sites\/16\/2024\/08\/DSC02336-scaled.jpg\"><img loading=\"lazy\" decoding=\"async\" width=\"1024\" height=\"683\" data-id=\"159\" src=\"https:\/\/www.markusreisen.de\/prag\/wp-content\/uploads\/sites\/16\/2024\/08\/DSC02336-1024x683.jpg\" alt=\"\" class=\"wp-image-159\" srcset=\"https:\/\/www.markusreisen.de\/prag\/wp-content\/uploads\/sites\/16\/2024\/08\/DSC02336-1024x683.jpg 1024w, https:\/\/www.markusreisen.de\/prag\/wp-content\/uploads\/sites\/16\/2024\/08\/DSC02336-300x200.jpg 300w, https:\/\/www.markusreisen.de\/prag\/wp-content\/uploads\/sites\/16\/2024\/08\/DSC02336-768x512.jpg 768w, https:\/\/www.markusreisen.de\/prag\/wp-content\/uploads\/sites\/16\/2024\/08\/DSC02336-1536x1024.jpg 1536w, https:\/\/www.markusreisen.de\/prag\/wp-content\/uploads\/sites\/16\/2024\/08\/DSC02336-2048x1365.jpg 2048w, https:\/\/www.markusreisen.de\/prag\/wp-content\/uploads\/sites\/16\/2024\/08\/DSC02336-1568x1045.jpg 1568w\" sizes=\"auto, (max-width: 1024px) 100vw, 1024px\" \/><\/a><\/figure>\n\n\n\n<figure class=\"wp-block-image size-large\"><a href=\"https:\/\/www.markusreisen.de\/prag\/wp-content\/uploads\/sites\/16\/2024\/08\/DSC02332-scaled.jpg\"><img loading=\"lazy\" decoding=\"async\" width=\"1024\" height=\"683\" data-id=\"158\" src=\"https:\/\/www.markusreisen.de\/prag\/wp-content\/uploads\/sites\/16\/2024\/08\/DSC02332-1024x683.jpg\" alt=\"\" class=\"wp-image-158\" srcset=\"https:\/\/www.markusreisen.de\/prag\/wp-content\/uploads\/sites\/16\/2024\/08\/DSC02332-1024x683.jpg 1024w, https:\/\/www.markusreisen.de\/prag\/wp-content\/uploads\/sites\/16\/2024\/08\/DSC02332-300x200.jpg 300w, https:\/\/www.markusreisen.de\/prag\/wp-content\/uploads\/sites\/16\/2024\/08\/DSC02332-768x512.jpg 768w, https:\/\/www.markusreisen.de\/prag\/wp-content\/uploads\/sites\/16\/2024\/08\/DSC02332-1536x1024.jpg 1536w, https:\/\/www.markusreisen.de\/prag\/wp-content\/uploads\/sites\/16\/2024\/08\/DSC02332-2048x1365.jpg 2048w, https:\/\/www.markusreisen.de\/prag\/wp-content\/uploads\/sites\/16\/2024\/08\/DSC02332-1568x1045.jpg 1568w\" sizes=\"auto, (max-width: 1024px) 100vw, 1024px\" \/><\/a><\/figure>\n<\/figure>\n\n\n\n<h2 class=\"wp-block-heading\">Altstadt<\/h2>\n\n\n\n<p>Es sind mittlerweile sehr viel mehr Touristen in Prag als noch vor zwei Jahren, weitgehend in der Altstadt konzentriert. Drum habe ich da auch nur eine kurze Stippvisite gemacht.<\/p>\n\n\n\n<figure class=\"wp-block-gallery has-nested-images columns-1 is-cropped wp-block-gallery-10 is-layout-flex wp-block-gallery-is-layout-flex\">\n<figure class=\"wp-block-image size-large\"><a href=\"https:\/\/www.markusreisen.de\/prag\/wp-content\/uploads\/sites\/16\/2024\/08\/DSC02374-scaled.jpg\"><img loading=\"lazy\" decoding=\"async\" width=\"1024\" height=\"683\" data-id=\"169\" src=\"https:\/\/www.markusreisen.de\/prag\/wp-content\/uploads\/sites\/16\/2024\/08\/DSC02374-1024x683.jpg\" alt=\"\" class=\"wp-image-169\" srcset=\"https:\/\/www.markusreisen.de\/prag\/wp-content\/uploads\/sites\/16\/2024\/08\/DSC02374-1024x683.jpg 1024w, https:\/\/www.markusreisen.de\/prag\/wp-content\/uploads\/sites\/16\/2024\/08\/DSC02374-300x200.jpg 300w, https:\/\/www.markusreisen.de\/prag\/wp-content\/uploads\/sites\/16\/2024\/08\/DSC02374-768x512.jpg 768w, https:\/\/www.markusreisen.de\/prag\/wp-content\/uploads\/sites\/16\/2024\/08\/DSC02374-1536x1024.jpg 1536w, https:\/\/www.markusreisen.de\/prag\/wp-content\/uploads\/sites\/16\/2024\/08\/DSC02374-2048x1365.jpg 2048w, https:\/\/www.markusreisen.de\/prag\/wp-content\/uploads\/sites\/16\/2024\/08\/DSC02374-1568x1045.jpg 1568w\" sizes=\"auto, (max-width: 1024px) 100vw, 1024px\" \/><\/a><figcaption class=\"wp-element-caption\">Das Rathaus.<\/figcaption><\/figure>\n\n\n\n<figure class=\"wp-block-image size-large\"><a href=\"https:\/\/www.markusreisen.de\/prag\/wp-content\/uploads\/sites\/16\/2024\/08\/DSC02381-scaled.jpg\"><img loading=\"lazy\" decoding=\"async\" width=\"1024\" height=\"765\" data-id=\"172\" src=\"https:\/\/www.markusreisen.de\/prag\/wp-content\/uploads\/sites\/16\/2024\/08\/DSC02381-1024x765.jpg\" alt=\"\" class=\"wp-image-172\" srcset=\"https:\/\/www.markusreisen.de\/prag\/wp-content\/uploads\/sites\/16\/2024\/08\/DSC02381-1024x765.jpg 1024w, https:\/\/www.markusreisen.de\/prag\/wp-content\/uploads\/sites\/16\/2024\/08\/DSC02381-300x224.jpg 300w, https:\/\/www.markusreisen.de\/prag\/wp-content\/uploads\/sites\/16\/2024\/08\/DSC02381-768x574.jpg 768w, https:\/\/www.markusreisen.de\/prag\/wp-content\/uploads\/sites\/16\/2024\/08\/DSC02381-1536x1148.jpg 1536w, https:\/\/www.markusreisen.de\/prag\/wp-content\/uploads\/sites\/16\/2024\/08\/DSC02381-2048x1531.jpg 2048w, https:\/\/www.markusreisen.de\/prag\/wp-content\/uploads\/sites\/16\/2024\/08\/DSC02381-1568x1172.jpg 1568w\" sizes=\"auto, (max-width: 1024px) 100vw, 1024px\" \/><\/a><\/figure>\n\n\n\n<figure class=\"wp-block-image size-large\"><a href=\"https:\/\/www.markusreisen.de\/prag\/wp-content\/uploads\/sites\/16\/2024\/08\/DSC02378-scaled.jpg\"><img loading=\"lazy\" decoding=\"async\" width=\"1024\" height=\"683\" data-id=\"170\" src=\"https:\/\/www.markusreisen.de\/prag\/wp-content\/uploads\/sites\/16\/2024\/08\/DSC02378-1024x683.jpg\" alt=\"\" class=\"wp-image-170\" srcset=\"https:\/\/www.markusreisen.de\/prag\/wp-content\/uploads\/sites\/16\/2024\/08\/DSC02378-1024x683.jpg 1024w, https:\/\/www.markusreisen.de\/prag\/wp-content\/uploads\/sites\/16\/2024\/08\/DSC02378-300x200.jpg 300w, https:\/\/www.markusreisen.de\/prag\/wp-content\/uploads\/sites\/16\/2024\/08\/DSC02378-768x512.jpg 768w, https:\/\/www.markusreisen.de\/prag\/wp-content\/uploads\/sites\/16\/2024\/08\/DSC02378-1536x1024.jpg 1536w, https:\/\/www.markusreisen.de\/prag\/wp-content\/uploads\/sites\/16\/2024\/08\/DSC02378-2048x1365.jpg 2048w, https:\/\/www.markusreisen.de\/prag\/wp-content\/uploads\/sites\/16\/2024\/08\/DSC02378-1568x1045.jpg 1568w\" sizes=\"auto, (max-width: 1024px) 100vw, 1024px\" \/><\/a><figcaption class=\"wp-element-caption\">Das Jan Hus Denkal. <\/figcaption><\/figure>\n\n\n\n<figure class=\"wp-block-image size-large\"><a href=\"https:\/\/www.markusreisen.de\/prag\/wp-content\/uploads\/sites\/16\/2024\/08\/DSC02380-scaled.jpg\"><img loading=\"lazy\" decoding=\"async\" width=\"1024\" height=\"683\" data-id=\"171\" src=\"https:\/\/www.markusreisen.de\/prag\/wp-content\/uploads\/sites\/16\/2024\/08\/DSC02380-1024x683.jpg\" alt=\"\" class=\"wp-image-171\" srcset=\"https:\/\/www.markusreisen.de\/prag\/wp-content\/uploads\/sites\/16\/2024\/08\/DSC02380-1024x683.jpg 1024w, https:\/\/www.markusreisen.de\/prag\/wp-content\/uploads\/sites\/16\/2024\/08\/DSC02380-300x200.jpg 300w, https:\/\/www.markusreisen.de\/prag\/wp-content\/uploads\/sites\/16\/2024\/08\/DSC02380-768x512.jpg 768w, https:\/\/www.markusreisen.de\/prag\/wp-content\/uploads\/sites\/16\/2024\/08\/DSC02380-1536x1024.jpg 1536w, https:\/\/www.markusreisen.de\/prag\/wp-content\/uploads\/sites\/16\/2024\/08\/DSC02380-2048x1365.jpg 2048w, https:\/\/www.markusreisen.de\/prag\/wp-content\/uploads\/sites\/16\/2024\/08\/DSC02380-1568x1045.jpg 1568w\" sizes=\"auto, (max-width: 1024px) 100vw, 1024px\" \/><\/a><figcaption class=\"wp-element-caption\">Prachtfassaden inkl. dem Storch-Haus links mit dem Reiter.<\/figcaption><\/figure>\n<\/figure>\n\n\n\n<p>Danach bin ich noch eine ganze Weile entspannt durch die weniger frequentierten Teile der Altstadt und anderen Bezirken spaziert. Manche Ziele sind aktuell uninteressant: der Pulverturm ist einger\u00fcstet und der Wenzelplatz eine einzige Baustelle. Aber das Kantyna, eine Fleischerei mit, naja, einer Luxuskantine, hatte offen (wenn auch mit 30 Minuten Versp\u00e4tung wegen &#8222;technischer Probleme&#8220;). Da war ich letztes Jahr aus einer Food Tour und wollte noch mal hin.<\/p>\n\n\n\n<figure class=\"wp-block-gallery has-nested-images columns-2 is-cropped wp-block-gallery-11 is-layout-flex wp-block-gallery-is-layout-flex\">\n<figure class=\"wp-block-image size-large\"><a href=\"https:\/\/www.markusreisen.de\/prag\/wp-content\/uploads\/sites\/16\/2024\/08\/PXL_20240816_090104024-scaled.jpg\"><img loading=\"lazy\" decoding=\"async\" width=\"1024\" height=\"771\" data-id=\"189\" src=\"https:\/\/www.markusreisen.de\/prag\/wp-content\/uploads\/sites\/16\/2024\/08\/PXL_20240816_090104024-1024x771.jpg\" alt=\"\" class=\"wp-image-189\" srcset=\"https:\/\/www.markusreisen.de\/prag\/wp-content\/uploads\/sites\/16\/2024\/08\/PXL_20240816_090104024-1024x771.jpg 1024w, https:\/\/www.markusreisen.de\/prag\/wp-content\/uploads\/sites\/16\/2024\/08\/PXL_20240816_090104024-300x226.jpg 300w, https:\/\/www.markusreisen.de\/prag\/wp-content\/uploads\/sites\/16\/2024\/08\/PXL_20240816_090104024-768x578.jpg 768w, https:\/\/www.markusreisen.de\/prag\/wp-content\/uploads\/sites\/16\/2024\/08\/PXL_20240816_090104024-1536x1157.jpg 1536w, https:\/\/www.markusreisen.de\/prag\/wp-content\/uploads\/sites\/16\/2024\/08\/PXL_20240816_090104024-2048x1542.jpg 2048w, https:\/\/www.markusreisen.de\/prag\/wp-content\/uploads\/sites\/16\/2024\/08\/PXL_20240816_090104024-1568x1181.jpg 1568w\" sizes=\"auto, (max-width: 1024px) 100vw, 1024px\" \/><\/a><figcaption class=\"wp-element-caption\">Schaufenster<\/figcaption><\/figure>\n\n\n\n<figure class=\"wp-block-image size-large\"><a href=\"https:\/\/www.markusreisen.de\/prag\/wp-content\/uploads\/sites\/16\/2024\/08\/PXL_20240816_105655679-scaled.jpg\"><img loading=\"lazy\" decoding=\"async\" width=\"1024\" height=\"1020\" data-id=\"191\" src=\"https:\/\/www.markusreisen.de\/prag\/wp-content\/uploads\/sites\/16\/2024\/08\/PXL_20240816_105655679-1024x1020.jpg\" alt=\"\" class=\"wp-image-191\" srcset=\"https:\/\/www.markusreisen.de\/prag\/wp-content\/uploads\/sites\/16\/2024\/08\/PXL_20240816_105655679-1024x1020.jpg 1024w, https:\/\/www.markusreisen.de\/prag\/wp-content\/uploads\/sites\/16\/2024\/08\/PXL_20240816_105655679-300x300.jpg 300w, https:\/\/www.markusreisen.de\/prag\/wp-content\/uploads\/sites\/16\/2024\/08\/PXL_20240816_105655679-150x150.jpg 150w, https:\/\/www.markusreisen.de\/prag\/wp-content\/uploads\/sites\/16\/2024\/08\/PXL_20240816_105655679-768x765.jpg 768w, https:\/\/www.markusreisen.de\/prag\/wp-content\/uploads\/sites\/16\/2024\/08\/PXL_20240816_105655679-1536x1530.jpg 1536w, https:\/\/www.markusreisen.de\/prag\/wp-content\/uploads\/sites\/16\/2024\/08\/PXL_20240816_105655679-2048x2040.jpg 2048w, https:\/\/www.markusreisen.de\/prag\/wp-content\/uploads\/sites\/16\/2024\/08\/PXL_20240816_105655679-1568x1562.jpg 1568w\" sizes=\"auto, (max-width: 1024px) 100vw, 1024px\" \/><\/a><figcaption class=\"wp-element-caption\">Ein k\u00f6stliches Schnitzel aus dem Schweinenacken.<\/figcaption><\/figure>\n\n\n\n<figure class=\"wp-block-image size-large\"><a href=\"https:\/\/www.markusreisen.de\/prag\/wp-content\/uploads\/sites\/16\/2024\/08\/PXL_20240816_105705547-scaled.jpg\"><img loading=\"lazy\" decoding=\"async\" width=\"1024\" height=\"1020\" data-id=\"192\" src=\"https:\/\/www.markusreisen.de\/prag\/wp-content\/uploads\/sites\/16\/2024\/08\/PXL_20240816_105705547-1024x1020.jpg\" alt=\"\" class=\"wp-image-192\" srcset=\"https:\/\/www.markusreisen.de\/prag\/wp-content\/uploads\/sites\/16\/2024\/08\/PXL_20240816_105705547-1024x1020.jpg 1024w, https:\/\/www.markusreisen.de\/prag\/wp-content\/uploads\/sites\/16\/2024\/08\/PXL_20240816_105705547-300x300.jpg 300w, https:\/\/www.markusreisen.de\/prag\/wp-content\/uploads\/sites\/16\/2024\/08\/PXL_20240816_105705547-150x150.jpg 150w, https:\/\/www.markusreisen.de\/prag\/wp-content\/uploads\/sites\/16\/2024\/08\/PXL_20240816_105705547-768x765.jpg 768w, https:\/\/www.markusreisen.de\/prag\/wp-content\/uploads\/sites\/16\/2024\/08\/PXL_20240816_105705547-1536x1531.jpg 1536w, https:\/\/www.markusreisen.de\/prag\/wp-content\/uploads\/sites\/16\/2024\/08\/PXL_20240816_105705547-2048x2041.jpg 2048w, https:\/\/www.markusreisen.de\/prag\/wp-content\/uploads\/sites\/16\/2024\/08\/PXL_20240816_105705547-1568x1562.jpg 1568w\" sizes=\"auto, (max-width: 1024px) 100vw, 1024px\" \/><\/a><figcaption class=\"wp-element-caption\">Dazu Cole Slaw.<\/figcaption><\/figure>\n\n\n\n<figure class=\"wp-block-image size-large\"><a href=\"https:\/\/www.markusreisen.de\/prag\/wp-content\/uploads\/sites\/16\/2024\/08\/PXL_20240816_090447051-scaled.jpg\"><img loading=\"lazy\" decoding=\"async\" width=\"1024\" height=\"863\" data-id=\"190\" src=\"https:\/\/www.markusreisen.de\/prag\/wp-content\/uploads\/sites\/16\/2024\/08\/PXL_20240816_090447051-1024x863.jpg\" alt=\"\" class=\"wp-image-190\" srcset=\"https:\/\/www.markusreisen.de\/prag\/wp-content\/uploads\/sites\/16\/2024\/08\/PXL_20240816_090447051-1024x863.jpg 1024w, https:\/\/www.markusreisen.de\/prag\/wp-content\/uploads\/sites\/16\/2024\/08\/PXL_20240816_090447051-300x253.jpg 300w, https:\/\/www.markusreisen.de\/prag\/wp-content\/uploads\/sites\/16\/2024\/08\/PXL_20240816_090447051-768x647.jpg 768w, https:\/\/www.markusreisen.de\/prag\/wp-content\/uploads\/sites\/16\/2024\/08\/PXL_20240816_090447051-1536x1294.jpg 1536w, https:\/\/www.markusreisen.de\/prag\/wp-content\/uploads\/sites\/16\/2024\/08\/PXL_20240816_090447051-2048x1726.jpg 2048w, https:\/\/www.markusreisen.de\/prag\/wp-content\/uploads\/sites\/16\/2024\/08\/PXL_20240816_090447051-1568x1321.jpg 1568w\" sizes=\"auto, (max-width: 1024px) 100vw, 1024px\" \/><\/a><figcaption class=\"wp-element-caption\">Diese chlebicek (belegte Brote) hatte ich vorher schon im Sisters-Bistro.<\/figcaption><\/figure>\n<\/figure>\n\n\n\n<h2 class=\"wp-block-heading\">17.08.2024<\/h2>\n\n\n\n<p>Heute habe ich ein bisschen l\u00e4nger ausgeschlafen und mein touristisches Tagwerk erst um kurz nach 10 Uhr begonnen. Der Weg f\u00fchrte zur Kleinseite, nach Kampa und in die Prager Neustadt.<\/p>\n\n\n\n<h2 class=\"wp-block-heading\">Kleinseite<\/h2>\n\n\n\n<p>Die Kleinseite ist die Altstadt am Westufer der Moldau, am Fu\u00dfe der Prager Burg. Von hier f\u00fchrt die Karlsbr\u00fccke, die bekannteste Sehensw\u00fcrdigkeit der Stadt in die eigentliche Altstadt am Ostufer. <\/p>\n\n\n\n<p>Nun muss man sagen, die Karlsbr\u00fccke ist \u00fcberbewertet. H\u00fcbsch und alt, aber hoffnungslos \u00fcberlaufen. Was ich aber nicht wusste: der Br\u00fcckenturm auf der Kleinseite hat eine Aussichtsplattform, und die ist nicht \u00fcberlaufen. Stattdessen hat man eine prima Aussicht auf die ikonischsten Anblicke der Stadt.<\/p>\n\n\n\n<figure class=\"wp-block-gallery has-nested-images columns-1 is-cropped wp-block-gallery-12 is-layout-flex wp-block-gallery-is-layout-flex\">\n<figure class=\"wp-block-image size-large\"><a href=\"https:\/\/www.markusreisen.de\/prag\/wp-content\/uploads\/sites\/16\/2024\/08\/DSC02392-scaled.jpg\"><img loading=\"lazy\" decoding=\"async\" width=\"1024\" height=\"683\" data-id=\"196\" src=\"https:\/\/www.markusreisen.de\/prag\/wp-content\/uploads\/sites\/16\/2024\/08\/DSC02392-1024x683.jpg\" alt=\"\" class=\"wp-image-196\" srcset=\"https:\/\/www.markusreisen.de\/prag\/wp-content\/uploads\/sites\/16\/2024\/08\/DSC02392-1024x683.jpg 1024w, https:\/\/www.markusreisen.de\/prag\/wp-content\/uploads\/sites\/16\/2024\/08\/DSC02392-300x200.jpg 300w, https:\/\/www.markusreisen.de\/prag\/wp-content\/uploads\/sites\/16\/2024\/08\/DSC02392-768x512.jpg 768w, https:\/\/www.markusreisen.de\/prag\/wp-content\/uploads\/sites\/16\/2024\/08\/DSC02392-1536x1024.jpg 1536w, https:\/\/www.markusreisen.de\/prag\/wp-content\/uploads\/sites\/16\/2024\/08\/DSC02392-2048x1365.jpg 2048w, https:\/\/www.markusreisen.de\/prag\/wp-content\/uploads\/sites\/16\/2024\/08\/DSC02392-1568x1045.jpg 1568w\" sizes=\"auto, (max-width: 1024px) 100vw, 1024px\" \/><\/a><figcaption class=\"wp-element-caption\">Die Karlsbr\u00fccke um halb elf. Wie die Lemminge. Ich stehe auf einem Turm \u00e4hnlich dem am Ostufer.<\/figcaption><\/figure>\n\n\n\n<figure class=\"wp-block-image size-large\"><a href=\"https:\/\/www.markusreisen.de\/prag\/wp-content\/uploads\/sites\/16\/2024\/08\/DSC02386-scaled.jpg\"><img loading=\"lazy\" decoding=\"async\" width=\"1024\" height=\"683\" data-id=\"195\" src=\"https:\/\/www.markusreisen.de\/prag\/wp-content\/uploads\/sites\/16\/2024\/08\/DSC02386-1024x683.jpg\" alt=\"\" class=\"wp-image-195\" srcset=\"https:\/\/www.markusreisen.de\/prag\/wp-content\/uploads\/sites\/16\/2024\/08\/DSC02386-1024x683.jpg 1024w, https:\/\/www.markusreisen.de\/prag\/wp-content\/uploads\/sites\/16\/2024\/08\/DSC02386-300x200.jpg 300w, https:\/\/www.markusreisen.de\/prag\/wp-content\/uploads\/sites\/16\/2024\/08\/DSC02386-768x512.jpg 768w, https:\/\/www.markusreisen.de\/prag\/wp-content\/uploads\/sites\/16\/2024\/08\/DSC02386-1536x1024.jpg 1536w, https:\/\/www.markusreisen.de\/prag\/wp-content\/uploads\/sites\/16\/2024\/08\/DSC02386-2048x1365.jpg 2048w, https:\/\/www.markusreisen.de\/prag\/wp-content\/uploads\/sites\/16\/2024\/08\/DSC02386-1568x1045.jpg 1568w\" sizes=\"auto, (max-width: 1024px) 100vw, 1024px\" \/><\/a><figcaption class=\"wp-element-caption\">Die Prager Burg mit Veitsdom.<\/figcaption><\/figure>\n\n\n\n<figure class=\"wp-block-image size-large\"><a href=\"https:\/\/www.markusreisen.de\/prag\/wp-content\/uploads\/sites\/16\/2024\/08\/DSC02399-scaled.jpg\"><img loading=\"lazy\" decoding=\"async\" width=\"1024\" height=\"683\" data-id=\"197\" src=\"https:\/\/www.markusreisen.de\/prag\/wp-content\/uploads\/sites\/16\/2024\/08\/DSC02399-1024x683.jpg\" alt=\"\" class=\"wp-image-197\" srcset=\"https:\/\/www.markusreisen.de\/prag\/wp-content\/uploads\/sites\/16\/2024\/08\/DSC02399-1024x683.jpg 1024w, https:\/\/www.markusreisen.de\/prag\/wp-content\/uploads\/sites\/16\/2024\/08\/DSC02399-300x200.jpg 300w, https:\/\/www.markusreisen.de\/prag\/wp-content\/uploads\/sites\/16\/2024\/08\/DSC02399-768x512.jpg 768w, https:\/\/www.markusreisen.de\/prag\/wp-content\/uploads\/sites\/16\/2024\/08\/DSC02399-1536x1024.jpg 1536w, https:\/\/www.markusreisen.de\/prag\/wp-content\/uploads\/sites\/16\/2024\/08\/DSC02399-2048x1365.jpg 2048w, https:\/\/www.markusreisen.de\/prag\/wp-content\/uploads\/sites\/16\/2024\/08\/DSC02399-1568x1045.jpg 1568w\" sizes=\"auto, (max-width: 1024px) 100vw, 1024px\" \/><\/a><figcaption class=\"wp-element-caption\">Die Kleinseite. Ganz hinten links das Strahov-Kloster, <br>von wo aus ich die umgekehrte Aussicht fotografierte.<\/figcaption><\/figure>\n<\/figure>\n\n\n\n<p>Ziemlich versteckt auf der Kleinseite sind die Vrtba-G\u00e4rten. Ich bin glaube ich zweimal dran vorbei gelaufen bevor ich den Zugang fand. Formale G\u00e4rten in Prag sind gerne mal bergauf angelegt, so wie buddhistische Tempel in Japan.<\/p>\n\n\n\n<figure class=\"wp-block-gallery has-nested-images columns-1 is-cropped wp-block-gallery-13 is-layout-flex wp-block-gallery-is-layout-flex\">\n<figure class=\"wp-block-image size-large\"><a href=\"https:\/\/www.markusreisen.de\/prag\/wp-content\/uploads\/sites\/16\/2024\/08\/PXL_20240817_090624591-scaled.jpg\"><img loading=\"lazy\" decoding=\"async\" width=\"1024\" height=\"771\" data-id=\"200\" src=\"https:\/\/www.markusreisen.de\/prag\/wp-content\/uploads\/sites\/16\/2024\/08\/PXL_20240817_090624591-1024x771.jpg\" alt=\"\" class=\"wp-image-200\" srcset=\"https:\/\/www.markusreisen.de\/prag\/wp-content\/uploads\/sites\/16\/2024\/08\/PXL_20240817_090624591-1024x771.jpg 1024w, https:\/\/www.markusreisen.de\/prag\/wp-content\/uploads\/sites\/16\/2024\/08\/PXL_20240817_090624591-300x226.jpg 300w, https:\/\/www.markusreisen.de\/prag\/wp-content\/uploads\/sites\/16\/2024\/08\/PXL_20240817_090624591-768x578.jpg 768w, https:\/\/www.markusreisen.de\/prag\/wp-content\/uploads\/sites\/16\/2024\/08\/PXL_20240817_090624591-1536x1157.jpg 1536w, https:\/\/www.markusreisen.de\/prag\/wp-content\/uploads\/sites\/16\/2024\/08\/PXL_20240817_090624591-2048x1542.jpg 2048w, https:\/\/www.markusreisen.de\/prag\/wp-content\/uploads\/sites\/16\/2024\/08\/PXL_20240817_090624591-1568x1181.jpg 1568w\" sizes=\"auto, (max-width: 1024px) 100vw, 1024px\" \/><\/a><figcaption class=\"wp-element-caption\">Der versteckte Eingang.<\/figcaption><\/figure>\n\n\n\n<figure class=\"wp-block-image size-large\"><a href=\"https:\/\/www.markusreisen.de\/prag\/wp-content\/uploads\/sites\/16\/2024\/08\/DSC02405-scaled.jpg\"><img loading=\"lazy\" decoding=\"async\" width=\"1024\" height=\"683\" data-id=\"198\" src=\"https:\/\/www.markusreisen.de\/prag\/wp-content\/uploads\/sites\/16\/2024\/08\/DSC02405-1024x683.jpg\" alt=\"\" class=\"wp-image-198\" srcset=\"https:\/\/www.markusreisen.de\/prag\/wp-content\/uploads\/sites\/16\/2024\/08\/DSC02405-1024x683.jpg 1024w, https:\/\/www.markusreisen.de\/prag\/wp-content\/uploads\/sites\/16\/2024\/08\/DSC02405-300x200.jpg 300w, https:\/\/www.markusreisen.de\/prag\/wp-content\/uploads\/sites\/16\/2024\/08\/DSC02405-768x512.jpg 768w, https:\/\/www.markusreisen.de\/prag\/wp-content\/uploads\/sites\/16\/2024\/08\/DSC02405-1536x1024.jpg 1536w, https:\/\/www.markusreisen.de\/prag\/wp-content\/uploads\/sites\/16\/2024\/08\/DSC02405-2048x1365.jpg 2048w, https:\/\/www.markusreisen.de\/prag\/wp-content\/uploads\/sites\/16\/2024\/08\/DSC02405-1568x1045.jpg 1568w\" sizes=\"auto, (max-width: 1024px) 100vw, 1024px\" \/><\/a><figcaption class=\"wp-element-caption\">Die unterste Ebene.<\/figcaption><\/figure>\n\n\n\n<figure class=\"wp-block-image size-large\"><a href=\"https:\/\/www.markusreisen.de\/prag\/wp-content\/uploads\/sites\/16\/2024\/08\/PXL_20240817_092351955-scaled.jpg\"><img loading=\"lazy\" decoding=\"async\" width=\"1024\" height=\"771\" data-id=\"201\" src=\"https:\/\/www.markusreisen.de\/prag\/wp-content\/uploads\/sites\/16\/2024\/08\/PXL_20240817_092351955-1024x771.jpg\" alt=\"\" class=\"wp-image-201\" srcset=\"https:\/\/www.markusreisen.de\/prag\/wp-content\/uploads\/sites\/16\/2024\/08\/PXL_20240817_092351955-1024x771.jpg 1024w, https:\/\/www.markusreisen.de\/prag\/wp-content\/uploads\/sites\/16\/2024\/08\/PXL_20240817_092351955-300x226.jpg 300w, https:\/\/www.markusreisen.de\/prag\/wp-content\/uploads\/sites\/16\/2024\/08\/PXL_20240817_092351955-768x578.jpg 768w, https:\/\/www.markusreisen.de\/prag\/wp-content\/uploads\/sites\/16\/2024\/08\/PXL_20240817_092351955-1536x1157.jpg 1536w, https:\/\/www.markusreisen.de\/prag\/wp-content\/uploads\/sites\/16\/2024\/08\/PXL_20240817_092351955-2048x1542.jpg 2048w, https:\/\/www.markusreisen.de\/prag\/wp-content\/uploads\/sites\/16\/2024\/08\/PXL_20240817_092351955-1568x1181.jpg 1568w\" sizes=\"auto, (max-width: 1024px) 100vw, 1024px\" \/><\/a><\/figure>\n\n\n\n<figure class=\"wp-block-image size-large\"><a href=\"https:\/\/www.markusreisen.de\/prag\/wp-content\/uploads\/sites\/16\/2024\/08\/PXL_20240817_092422879-scaled.jpg\"><img loading=\"lazy\" decoding=\"async\" width=\"1024\" height=\"771\" data-id=\"202\" src=\"https:\/\/www.markusreisen.de\/prag\/wp-content\/uploads\/sites\/16\/2024\/08\/PXL_20240817_092422879-1024x771.jpg\" alt=\"\" class=\"wp-image-202\" srcset=\"https:\/\/www.markusreisen.de\/prag\/wp-content\/uploads\/sites\/16\/2024\/08\/PXL_20240817_092422879-1024x771.jpg 1024w, https:\/\/www.markusreisen.de\/prag\/wp-content\/uploads\/sites\/16\/2024\/08\/PXL_20240817_092422879-300x226.jpg 300w, https:\/\/www.markusreisen.de\/prag\/wp-content\/uploads\/sites\/16\/2024\/08\/PXL_20240817_092422879-768x578.jpg 768w, https:\/\/www.markusreisen.de\/prag\/wp-content\/uploads\/sites\/16\/2024\/08\/PXL_20240817_092422879-1536x1157.jpg 1536w, https:\/\/www.markusreisen.de\/prag\/wp-content\/uploads\/sites\/16\/2024\/08\/PXL_20240817_092422879-2048x1542.jpg 2048w, https:\/\/www.markusreisen.de\/prag\/wp-content\/uploads\/sites\/16\/2024\/08\/PXL_20240817_092422879-1568x1181.jpg 1568w\" sizes=\"auto, (max-width: 1024px) 100vw, 1024px\" \/><\/a><\/figure>\n\n\n\n<figure class=\"wp-block-image size-large\"><a href=\"https:\/\/www.markusreisen.de\/prag\/wp-content\/uploads\/sites\/16\/2024\/08\/PXL_20240817_092527687-scaled.jpg\"><img loading=\"lazy\" decoding=\"async\" width=\"1024\" height=\"771\" data-id=\"203\" src=\"https:\/\/www.markusreisen.de\/prag\/wp-content\/uploads\/sites\/16\/2024\/08\/PXL_20240817_092527687-1024x771.jpg\" alt=\"\" class=\"wp-image-203\" srcset=\"https:\/\/www.markusreisen.de\/prag\/wp-content\/uploads\/sites\/16\/2024\/08\/PXL_20240817_092527687-1024x771.jpg 1024w, https:\/\/www.markusreisen.de\/prag\/wp-content\/uploads\/sites\/16\/2024\/08\/PXL_20240817_092527687-300x226.jpg 300w, https:\/\/www.markusreisen.de\/prag\/wp-content\/uploads\/sites\/16\/2024\/08\/PXL_20240817_092527687-768x578.jpg 768w, https:\/\/www.markusreisen.de\/prag\/wp-content\/uploads\/sites\/16\/2024\/08\/PXL_20240817_092527687-1536x1157.jpg 1536w, https:\/\/www.markusreisen.de\/prag\/wp-content\/uploads\/sites\/16\/2024\/08\/PXL_20240817_092527687-2048x1542.jpg 2048w, https:\/\/www.markusreisen.de\/prag\/wp-content\/uploads\/sites\/16\/2024\/08\/PXL_20240817_092527687-1568x1181.jpg 1568w\" sizes=\"auto, (max-width: 1024px) 100vw, 1024px\" \/><\/a><\/figure>\n\n\n\n<figure class=\"wp-block-image size-large\"><a href=\"https:\/\/www.markusreisen.de\/prag\/wp-content\/uploads\/sites\/16\/2024\/08\/PXL_20240817_092705339.LONG_EXPOSURE-scaled.jpg\"><img loading=\"lazy\" decoding=\"async\" width=\"1024\" height=\"771\" data-id=\"204\" src=\"https:\/\/www.markusreisen.de\/prag\/wp-content\/uploads\/sites\/16\/2024\/08\/PXL_20240817_092705339.LONG_EXPOSURE-1024x771.jpg\" alt=\"\" class=\"wp-image-204\" srcset=\"https:\/\/www.markusreisen.de\/prag\/wp-content\/uploads\/sites\/16\/2024\/08\/PXL_20240817_092705339.LONG_EXPOSURE-1024x771.jpg 1024w, https:\/\/www.markusreisen.de\/prag\/wp-content\/uploads\/sites\/16\/2024\/08\/PXL_20240817_092705339.LONG_EXPOSURE-300x226.jpg 300w, https:\/\/www.markusreisen.de\/prag\/wp-content\/uploads\/sites\/16\/2024\/08\/PXL_20240817_092705339.LONG_EXPOSURE-768x578.jpg 768w, https:\/\/www.markusreisen.de\/prag\/wp-content\/uploads\/sites\/16\/2024\/08\/PXL_20240817_092705339.LONG_EXPOSURE-1536x1157.jpg 1536w, https:\/\/www.markusreisen.de\/prag\/wp-content\/uploads\/sites\/16\/2024\/08\/PXL_20240817_092705339.LONG_EXPOSURE-2048x1542.jpg 2048w, https:\/\/www.markusreisen.de\/prag\/wp-content\/uploads\/sites\/16\/2024\/08\/PXL_20240817_092705339.LONG_EXPOSURE-1568x1181.jpg 1568w\" sizes=\"auto, (max-width: 1024px) 100vw, 1024px\" \/><\/a><figcaption class=\"wp-element-caption\">Es geht ganz sch\u00f6n hoch hinauf.<\/figcaption><\/figure>\n\n\n\n<figure class=\"wp-block-image size-large\"><a href=\"https:\/\/www.markusreisen.de\/prag\/wp-content\/uploads\/sites\/16\/2024\/08\/PXL_20240817_093002682-scaled.jpg\"><img loading=\"lazy\" decoding=\"async\" width=\"1024\" height=\"771\" data-id=\"205\" src=\"https:\/\/www.markusreisen.de\/prag\/wp-content\/uploads\/sites\/16\/2024\/08\/PXL_20240817_093002682-1024x771.jpg\" alt=\"\" class=\"wp-image-205\" srcset=\"https:\/\/www.markusreisen.de\/prag\/wp-content\/uploads\/sites\/16\/2024\/08\/PXL_20240817_093002682-1024x771.jpg 1024w, https:\/\/www.markusreisen.de\/prag\/wp-content\/uploads\/sites\/16\/2024\/08\/PXL_20240817_093002682-300x226.jpg 300w, https:\/\/www.markusreisen.de\/prag\/wp-content\/uploads\/sites\/16\/2024\/08\/PXL_20240817_093002682-768x578.jpg 768w, https:\/\/www.markusreisen.de\/prag\/wp-content\/uploads\/sites\/16\/2024\/08\/PXL_20240817_093002682-1536x1157.jpg 1536w, https:\/\/www.markusreisen.de\/prag\/wp-content\/uploads\/sites\/16\/2024\/08\/PXL_20240817_093002682-2048x1542.jpg 2048w, https:\/\/www.markusreisen.de\/prag\/wp-content\/uploads\/sites\/16\/2024\/08\/PXL_20240817_093002682-1568x1181.jpg 1568w\" sizes=\"auto, (max-width: 1024px) 100vw, 1024px\" \/><\/a><figcaption class=\"wp-element-caption\">Daf\u00fcr hat man Aussicht.<\/figcaption><\/figure>\n\n\n\n<figure class=\"wp-block-image size-large\"><a href=\"https:\/\/www.markusreisen.de\/prag\/wp-content\/uploads\/sites\/16\/2024\/08\/PXL_20240817_093012906-scaled.jpg\"><img loading=\"lazy\" decoding=\"async\" width=\"1024\" height=\"771\" data-id=\"206\" src=\"https:\/\/www.markusreisen.de\/prag\/wp-content\/uploads\/sites\/16\/2024\/08\/PXL_20240817_093012906-1024x771.jpg\" alt=\"\" class=\"wp-image-206\" srcset=\"https:\/\/www.markusreisen.de\/prag\/wp-content\/uploads\/sites\/16\/2024\/08\/PXL_20240817_093012906-1024x771.jpg 1024w, https:\/\/www.markusreisen.de\/prag\/wp-content\/uploads\/sites\/16\/2024\/08\/PXL_20240817_093012906-300x226.jpg 300w, https:\/\/www.markusreisen.de\/prag\/wp-content\/uploads\/sites\/16\/2024\/08\/PXL_20240817_093012906-768x578.jpg 768w, https:\/\/www.markusreisen.de\/prag\/wp-content\/uploads\/sites\/16\/2024\/08\/PXL_20240817_093012906-1536x1157.jpg 1536w, https:\/\/www.markusreisen.de\/prag\/wp-content\/uploads\/sites\/16\/2024\/08\/PXL_20240817_093012906-2048x1542.jpg 2048w, https:\/\/www.markusreisen.de\/prag\/wp-content\/uploads\/sites\/16\/2024\/08\/PXL_20240817_093012906-1568x1181.jpg 1568w\" sizes=\"auto, (max-width: 1024px) 100vw, 1024px\" \/><\/a><figcaption class=\"wp-element-caption\">Wie man sieht, war es heute bew\u00f6lkt und hat am Nachmittag auch geregnet.<\/figcaption><\/figure>\n<\/figure>\n\n\n\n<h2 class=\"wp-block-heading\">Kampa<\/h2>\n\n\n\n<p>Wenn man vor der Karlsbr\u00fccke nach S\u00fcden abbiegt, landet man auf der Insel Kampa. Man merkt kaum, dass es eine Insel ist, aber sie liegt zwischen dem kleinen Kanal \u010certovka und der Moldau. Im Prinzip eine Art Uferpromenade, aber schon viel ruhiger als Altstadt oder Kleinseite.<\/p>\n\n\n\n<figure class=\"wp-block-gallery has-nested-images columns-1 is-cropped wp-block-gallery-14 is-layout-flex wp-block-gallery-is-layout-flex\">\n<figure class=\"wp-block-image size-large\"><a href=\"https:\/\/www.markusreisen.de\/prag\/wp-content\/uploads\/sites\/16\/2024\/08\/PXL_20240817_095641218-scaled.jpg\"><img loading=\"lazy\" decoding=\"async\" width=\"1024\" height=\"771\" data-id=\"207\" src=\"https:\/\/www.markusreisen.de\/prag\/wp-content\/uploads\/sites\/16\/2024\/08\/PXL_20240817_095641218-1024x771.jpg\" alt=\"\" class=\"wp-image-207\" srcset=\"https:\/\/www.markusreisen.de\/prag\/wp-content\/uploads\/sites\/16\/2024\/08\/PXL_20240817_095641218-1024x771.jpg 1024w, https:\/\/www.markusreisen.de\/prag\/wp-content\/uploads\/sites\/16\/2024\/08\/PXL_20240817_095641218-300x226.jpg 300w, https:\/\/www.markusreisen.de\/prag\/wp-content\/uploads\/sites\/16\/2024\/08\/PXL_20240817_095641218-768x578.jpg 768w, https:\/\/www.markusreisen.de\/prag\/wp-content\/uploads\/sites\/16\/2024\/08\/PXL_20240817_095641218-1536x1157.jpg 1536w, https:\/\/www.markusreisen.de\/prag\/wp-content\/uploads\/sites\/16\/2024\/08\/PXL_20240817_095641218-2048x1542.jpg 2048w, https:\/\/www.markusreisen.de\/prag\/wp-content\/uploads\/sites\/16\/2024\/08\/PXL_20240817_095641218-1568x1181.jpg 1568w\" sizes=\"auto, (max-width: 1024px) 100vw, 1024px\" \/><\/a><\/figure>\n\n\n\n<figure class=\"wp-block-image size-large\"><a href=\"https:\/\/www.markusreisen.de\/prag\/wp-content\/uploads\/sites\/16\/2024\/08\/PXL_20240817_095851041-scaled.jpg\"><img loading=\"lazy\" decoding=\"async\" width=\"1024\" height=\"771\" data-id=\"208\" src=\"https:\/\/www.markusreisen.de\/prag\/wp-content\/uploads\/sites\/16\/2024\/08\/PXL_20240817_095851041-1024x771.jpg\" alt=\"\" class=\"wp-image-208\" srcset=\"https:\/\/www.markusreisen.de\/prag\/wp-content\/uploads\/sites\/16\/2024\/08\/PXL_20240817_095851041-1024x771.jpg 1024w, https:\/\/www.markusreisen.de\/prag\/wp-content\/uploads\/sites\/16\/2024\/08\/PXL_20240817_095851041-300x226.jpg 300w, https:\/\/www.markusreisen.de\/prag\/wp-content\/uploads\/sites\/16\/2024\/08\/PXL_20240817_095851041-768x578.jpg 768w, https:\/\/www.markusreisen.de\/prag\/wp-content\/uploads\/sites\/16\/2024\/08\/PXL_20240817_095851041-1536x1157.jpg 1536w, https:\/\/www.markusreisen.de\/prag\/wp-content\/uploads\/sites\/16\/2024\/08\/PXL_20240817_095851041-2048x1542.jpg 2048w, https:\/\/www.markusreisen.de\/prag\/wp-content\/uploads\/sites\/16\/2024\/08\/PXL_20240817_095851041-1568x1181.jpg 1568w\" sizes=\"auto, (max-width: 1024px) 100vw, 1024px\" \/><\/a><figcaption class=\"wp-element-caption\">Was wollen nur die gelben Pinguine?<\/figcaption><\/figure>\n\n\n\n<figure class=\"wp-block-image size-large\"><a href=\"https:\/\/www.markusreisen.de\/prag\/wp-content\/uploads\/sites\/16\/2024\/08\/PXL_20240817_100012737-scaled.jpg\"><img loading=\"lazy\" decoding=\"async\" width=\"1024\" height=\"771\" data-id=\"209\" src=\"https:\/\/www.markusreisen.de\/prag\/wp-content\/uploads\/sites\/16\/2024\/08\/PXL_20240817_100012737-1024x771.jpg\" alt=\"\" class=\"wp-image-209\" srcset=\"https:\/\/www.markusreisen.de\/prag\/wp-content\/uploads\/sites\/16\/2024\/08\/PXL_20240817_100012737-1024x771.jpg 1024w, https:\/\/www.markusreisen.de\/prag\/wp-content\/uploads\/sites\/16\/2024\/08\/PXL_20240817_100012737-300x226.jpg 300w, https:\/\/www.markusreisen.de\/prag\/wp-content\/uploads\/sites\/16\/2024\/08\/PXL_20240817_100012737-768x578.jpg 768w, https:\/\/www.markusreisen.de\/prag\/wp-content\/uploads\/sites\/16\/2024\/08\/PXL_20240817_100012737-1536x1157.jpg 1536w, https:\/\/www.markusreisen.de\/prag\/wp-content\/uploads\/sites\/16\/2024\/08\/PXL_20240817_100012737-2048x1542.jpg 2048w, https:\/\/www.markusreisen.de\/prag\/wp-content\/uploads\/sites\/16\/2024\/08\/PXL_20240817_100012737-1568x1181.jpg 1568w\" sizes=\"auto, (max-width: 1024px) 100vw, 1024px\" \/><\/a><figcaption class=\"wp-element-caption\">Um Miho zu zitieren: &#8222;Creepy!&#8220;<\/figcaption><\/figure>\n\n\n\n<figure class=\"wp-block-image size-large\"><a href=\"https:\/\/www.markusreisen.de\/prag\/wp-content\/uploads\/sites\/16\/2024\/08\/PXL_20240817_102040639-scaled.jpg\"><img loading=\"lazy\" decoding=\"async\" width=\"1024\" height=\"771\" data-id=\"210\" src=\"https:\/\/www.markusreisen.de\/prag\/wp-content\/uploads\/sites\/16\/2024\/08\/PXL_20240817_102040639-1024x771.jpg\" alt=\"\" class=\"wp-image-210\" srcset=\"https:\/\/www.markusreisen.de\/prag\/wp-content\/uploads\/sites\/16\/2024\/08\/PXL_20240817_102040639-1024x771.jpg 1024w, https:\/\/www.markusreisen.de\/prag\/wp-content\/uploads\/sites\/16\/2024\/08\/PXL_20240817_102040639-300x226.jpg 300w, https:\/\/www.markusreisen.de\/prag\/wp-content\/uploads\/sites\/16\/2024\/08\/PXL_20240817_102040639-768x578.jpg 768w, https:\/\/www.markusreisen.de\/prag\/wp-content\/uploads\/sites\/16\/2024\/08\/PXL_20240817_102040639-1536x1157.jpg 1536w, https:\/\/www.markusreisen.de\/prag\/wp-content\/uploads\/sites\/16\/2024\/08\/PXL_20240817_102040639-2048x1542.jpg 2048w, https:\/\/www.markusreisen.de\/prag\/wp-content\/uploads\/sites\/16\/2024\/08\/PXL_20240817_102040639-1568x1181.jpg 1568w\" sizes=\"auto, (max-width: 1024px) 100vw, 1024px\" \/><\/a><figcaption class=\"wp-element-caption\">Dieses Mini-Sommerfest mit Singer-Songwriter war dann schon auf der Insel St\u0159eleck\u00fd, ein St\u00fcck weiter s\u00fcdlich in der Mitte der Moldau gelegen.<\/figcaption><\/figure>\n<\/figure>\n\n\n\n<h2 class=\"wp-block-heading\">Neustadt<\/h2>\n\n\n\n<p>Auf der anderen Seite der Moldau liegt dann die Prager Neustadt (s\u00fcdlich der Altstadt). Dahin habe ich noch einen kurzen Abstecher gemacht und das Nationale Denkmal f\u00fcr die Helden des Heydrich-Terrors gesehen. Hier wird der tschechischen Widerstandsk\u00e4mpfer gedacht, die 1942 dem Nazi-Statthalter Reinhard Heydrich von &#8222;B\u00f6hmen und M\u00e4hren&#8220; den Garaus machten. Das Attentat gelang, doch die Widerstandsk\u00e4mpfer bezahlten den Erfolg mit dem Leben. Sie konnten sich in Prag in der Krypta einer tschechisch-orthodoxen Kirche verstecken, doch letztlich wurden sie verraten und t\u00f6teten sich nach erbittertem Widerstand selber.<\/p>\n\n\n\n<p>Das Ganze hatte eine wichtige Auswirkung f\u00fcr die Nachkriegs-Tschechoslowakei: die Briten (mit deren Hilfe die Widerstandsk\u00e4mpfer ins Land gekommen waren) distanzierten sich endlich vom M\u00fcnchner Abkommen (was sie vorher nicht getan hatten) und unterst\u00fctzen die Restaurierung der Tschechoslowakei in ihren Grenzen von 1938, vor der Annexion des Sudetenlandes.<\/p>\n\n\n\n<figure class=\"wp-block-image size-large\"><a href=\"https:\/\/www.markusreisen.de\/prag\/wp-content\/uploads\/sites\/16\/2024\/08\/PXL_20240817_114516416.NIGHT_-scaled.jpg\"><img loading=\"lazy\" decoding=\"async\" width=\"1024\" height=\"771\" src=\"http:\/\/www.markusreisen.de\/prag\/wp-content\/uploads\/sites\/16\/2024\/08\/PXL_20240817_114516416.NIGHT_-1024x771.jpg\" alt=\"\" class=\"wp-image-214\" srcset=\"https:\/\/www.markusreisen.de\/prag\/wp-content\/uploads\/sites\/16\/2024\/08\/PXL_20240817_114516416.NIGHT_-1024x771.jpg 1024w, https:\/\/www.markusreisen.de\/prag\/wp-content\/uploads\/sites\/16\/2024\/08\/PXL_20240817_114516416.NIGHT_-300x226.jpg 300w, https:\/\/www.markusreisen.de\/prag\/wp-content\/uploads\/sites\/16\/2024\/08\/PXL_20240817_114516416.NIGHT_-768x578.jpg 768w, https:\/\/www.markusreisen.de\/prag\/wp-content\/uploads\/sites\/16\/2024\/08\/PXL_20240817_114516416.NIGHT_-1536x1157.jpg 1536w, https:\/\/www.markusreisen.de\/prag\/wp-content\/uploads\/sites\/16\/2024\/08\/PXL_20240817_114516416.NIGHT_-2048x1542.jpg 2048w, https:\/\/www.markusreisen.de\/prag\/wp-content\/uploads\/sites\/16\/2024\/08\/PXL_20240817_114516416.NIGHT_-1568x1181.jpg 1568w\" sizes=\"auto, (max-width: 1024px) 100vw, 1024px\" \/><\/a><figcaption class=\"wp-element-caption\">Viel zu fotografieren gibt es da nicht. Die armen Kerle harrten fast drei Wochen in dieser Krypta aus.<\/figcaption><\/figure>\n\n\n\n<p>Ganz in der N\u00e4he (und auch ein Grund, warum ich die Moldau \u00fcberquerte) ist die &#8222;Real Meat Society&#8220;. Das ist ein Biometzger mit kleinem Lokal, der wirklich ganz hervorragendes Fleisch verkauft und leckere Speisen daraus macht. Der Chef kommt urspr\u00fcnglich aus Gro\u00dfbritannien.<\/p>\n\n\n\n<figure class=\"wp-block-gallery has-nested-images columns-2 is-cropped wp-block-gallery-15 is-layout-flex wp-block-gallery-is-layout-flex\">\n<figure class=\"wp-block-image size-large\"><a href=\"https:\/\/www.markusreisen.de\/prag\/wp-content\/uploads\/sites\/16\/2024\/08\/PXL_20240817_112812707-scaled.jpg\"><img loading=\"lazy\" decoding=\"async\" width=\"1024\" height=\"771\" data-id=\"213\" src=\"https:\/\/www.markusreisen.de\/prag\/wp-content\/uploads\/sites\/16\/2024\/08\/PXL_20240817_112812707-1024x771.jpg\" alt=\"\" class=\"wp-image-213\" srcset=\"https:\/\/www.markusreisen.de\/prag\/wp-content\/uploads\/sites\/16\/2024\/08\/PXL_20240817_112812707-1024x771.jpg 1024w, https:\/\/www.markusreisen.de\/prag\/wp-content\/uploads\/sites\/16\/2024\/08\/PXL_20240817_112812707-300x226.jpg 300w, https:\/\/www.markusreisen.de\/prag\/wp-content\/uploads\/sites\/16\/2024\/08\/PXL_20240817_112812707-768x578.jpg 768w, https:\/\/www.markusreisen.de\/prag\/wp-content\/uploads\/sites\/16\/2024\/08\/PXL_20240817_112812707-1536x1157.jpg 1536w, https:\/\/www.markusreisen.de\/prag\/wp-content\/uploads\/sites\/16\/2024\/08\/PXL_20240817_112812707-2048x1542.jpg 2048w, https:\/\/www.markusreisen.de\/prag\/wp-content\/uploads\/sites\/16\/2024\/08\/PXL_20240817_112812707-1568x1181.jpg 1568w\" sizes=\"auto, (max-width: 1024px) 100vw, 1024px\" \/><\/a><figcaption class=\"wp-element-caption\">Ein Traum f\u00fcr Fleischesser, ein Alptraum f\u00fcr Veganer.<\/figcaption><\/figure>\n\n\n\n<figure class=\"wp-block-image size-large\"><a href=\"https:\/\/www.markusreisen.de\/prag\/wp-content\/uploads\/sites\/16\/2024\/08\/PXL_20240817_105350127-scaled.jpg\"><img loading=\"lazy\" decoding=\"async\" width=\"1024\" height=\"1011\" data-id=\"211\" src=\"https:\/\/www.markusreisen.de\/prag\/wp-content\/uploads\/sites\/16\/2024\/08\/PXL_20240817_105350127-1024x1011.jpg\" alt=\"\" class=\"wp-image-211\" srcset=\"https:\/\/www.markusreisen.de\/prag\/wp-content\/uploads\/sites\/16\/2024\/08\/PXL_20240817_105350127-1024x1011.jpg 1024w, https:\/\/www.markusreisen.de\/prag\/wp-content\/uploads\/sites\/16\/2024\/08\/PXL_20240817_105350127-300x296.jpg 300w, https:\/\/www.markusreisen.de\/prag\/wp-content\/uploads\/sites\/16\/2024\/08\/PXL_20240817_105350127-768x758.jpg 768w, https:\/\/www.markusreisen.de\/prag\/wp-content\/uploads\/sites\/16\/2024\/08\/PXL_20240817_105350127-1536x1516.jpg 1536w, https:\/\/www.markusreisen.de\/prag\/wp-content\/uploads\/sites\/16\/2024\/08\/PXL_20240817_105350127-2048x2021.jpg 2048w, https:\/\/www.markusreisen.de\/prag\/wp-content\/uploads\/sites\/16\/2024\/08\/PXL_20240817_105350127-1568x1547.jpg 1568w\" sizes=\"auto, (max-width: 1024px) 100vw, 1024px\" \/><\/a><figcaption class=\"wp-element-caption\">Scotch Egg<\/figcaption><\/figure>\n\n\n\n<figure class=\"wp-block-image size-large\"><a href=\"https:\/\/www.markusreisen.de\/prag\/wp-content\/uploads\/sites\/16\/2024\/08\/PXL_20240817_105909693-scaled.jpg\"><img loading=\"lazy\" decoding=\"async\" width=\"1024\" height=\"892\" data-id=\"212\" src=\"https:\/\/www.markusreisen.de\/prag\/wp-content\/uploads\/sites\/16\/2024\/08\/PXL_20240817_105909693-1024x892.jpg\" alt=\"\" class=\"wp-image-212\" srcset=\"https:\/\/www.markusreisen.de\/prag\/wp-content\/uploads\/sites\/16\/2024\/08\/PXL_20240817_105909693-1024x892.jpg 1024w, https:\/\/www.markusreisen.de\/prag\/wp-content\/uploads\/sites\/16\/2024\/08\/PXL_20240817_105909693-300x261.jpg 300w, https:\/\/www.markusreisen.de\/prag\/wp-content\/uploads\/sites\/16\/2024\/08\/PXL_20240817_105909693-768x669.jpg 768w, https:\/\/www.markusreisen.de\/prag\/wp-content\/uploads\/sites\/16\/2024\/08\/PXL_20240817_105909693-1536x1338.jpg 1536w, https:\/\/www.markusreisen.de\/prag\/wp-content\/uploads\/sites\/16\/2024\/08\/PXL_20240817_105909693-2048x1784.jpg 2048w, https:\/\/www.markusreisen.de\/prag\/wp-content\/uploads\/sites\/16\/2024\/08\/PXL_20240817_105909693-1568x1366.jpg 1568w\" sizes=\"auto, (max-width: 1024px) 100vw, 1024px\" \/><\/a><figcaption class=\"wp-element-caption\">Ein k\u00f6stlicher Meatloaf-Sandwich.<\/figcaption><\/figure>\n\n\n\n<figure class=\"wp-block-image size-large\"><a href=\"https:\/\/www.markusreisen.de\/prag\/wp-content\/uploads\/sites\/16\/2024\/08\/PXL_20240816_165037457-scaled.jpg\"><img loading=\"lazy\" decoding=\"async\" width=\"1024\" height=\"986\" data-id=\"199\" src=\"https:\/\/www.markusreisen.de\/prag\/wp-content\/uploads\/sites\/16\/2024\/08\/PXL_20240816_165037457-1024x986.jpg\" alt=\"\" class=\"wp-image-199\" srcset=\"https:\/\/www.markusreisen.de\/prag\/wp-content\/uploads\/sites\/16\/2024\/08\/PXL_20240816_165037457-1024x986.jpg 1024w, https:\/\/www.markusreisen.de\/prag\/wp-content\/uploads\/sites\/16\/2024\/08\/PXL_20240816_165037457-300x289.jpg 300w, https:\/\/www.markusreisen.de\/prag\/wp-content\/uploads\/sites\/16\/2024\/08\/PXL_20240816_165037457-768x739.jpg 768w, https:\/\/www.markusreisen.de\/prag\/wp-content\/uploads\/sites\/16\/2024\/08\/PXL_20240816_165037457-1536x1478.jpg 1536w, https:\/\/www.markusreisen.de\/prag\/wp-content\/uploads\/sites\/16\/2024\/08\/PXL_20240816_165037457-2048x1971.jpg 2048w, https:\/\/www.markusreisen.de\/prag\/wp-content\/uploads\/sites\/16\/2024\/08\/PXL_20240816_165037457-1568x1509.jpg 1568w\" sizes=\"auto, (max-width: 1024px) 100vw, 1024px\" \/><\/a><figcaption class=\"wp-element-caption\">Dagegen nimmt sich das Tatar von gestern Abend an der Hotelbar schon fast lasch aus.<\/figcaption><\/figure>\n<\/figure>\n","protected":false},"excerpt":{"rendered":"<p>15.08.2024 Mein Job ist im August besonders stressig, da brauche ich immer mal wieder eine Auszeit und in Prag gef\u00e4llt es mir gut. Zumal ich nach 2011 und 2022 zum dritten Mal hier bin und die ganz gro\u00dfen Sehensw\u00fcrdigkeiten (Altstadt, Burg, Hochburg) schon kenne. Ich bin wieder im selben Hotel wie 2022 in Andel abgestiegen,&hellip; <a class=\"more-link\" href=\"https:\/\/www.markusreisen.de\/prag\/2024\/08\/15\/rueckkehr-nach-prag\/\"><span class=\"screen-reader-text\">R\u00fcckkehr nach Prag August 2024<\/span> weiterlesen<\/a><\/p>\n","protected":false},"author":1,"featured_media":0,"comment_status":"open","ping_status":"open","sticky":false,"template":"","format":"standard","meta":{"footnotes":""},"categories":[1],"tags":[],"class_list":["post-154","post","type-post","status-publish","format-standard","hentry","category-allgemein","entry"],"_links":{"self":[{"href":"https:\/\/www.markusreisen.de\/prag\/wp-json\/wp\/v2\/posts\/154","targetHints":{"allow":["GET"]}}],"collection":[{"href":"https:\/\/www.markusreisen.de\/prag\/wp-json\/wp\/v2\/posts"}],"about":[{"href":"https:\/\/www.markusreisen.de\/prag\/wp-json\/wp\/v2\/types\/post"}],"author":[{"embeddable":true,"href":"https:\/\/www.markusreisen.de\/prag\/wp-json\/wp\/v2\/users\/1"}],"replies":[{"embeddable":true,"href":"https:\/\/www.markusreisen.de\/prag\/wp-json\/wp\/v2\/comments?post=154"}],"version-history":[{"count":4,"href":"https:\/\/www.markusreisen.de\/prag\/wp-json\/wp\/v2\/posts\/154\/revisions"}],"predecessor-version":[{"id":215,"href":"https:\/\/www.markusreisen.de\/prag\/wp-json\/wp\/v2\/posts\/154\/revisions\/215"}],"wp:attachment":[{"href":"https:\/\/www.markusreisen.de\/prag\/wp-json\/wp\/v2\/media?parent=154"}],"wp:term":[{"taxonomy":"category","embeddable":true,"href":"https:\/\/www.markusreisen.de\/prag\/wp-json\/wp\/v2\/categories?post=154"},{"taxonomy":"post_tag","embeddable":true,"href":"https:\/\/www.markusreisen.de\/prag\/wp-json\/wp\/v2\/tags?post=154"}],"curies":[{"name":"wp","href":"https:\/\/api.w.org\/{rel}","templated":true}]}}