{"id":1,"date":"2022-08-14T16:58:54","date_gmt":"2022-08-14T14:58:54","guid":{"rendered":"https:\/\/www.markusreisen.de\/prag\/?p=1"},"modified":"2024-08-16T17:52:04","modified_gmt":"2024-08-16T15:52:04","slug":"hallo-welt","status":"publish","type":"post","link":"https:\/\/www.markusreisen.de\/prag\/2022\/08\/14\/hallo-welt\/","title":{"rendered":"Kurztrip nach Prag August 2022"},"content":{"rendered":"<p>Meine eigentliche Urlaubsreise dieses Jahr nach D\u00e4nemark war ja schon im Juni, drum wollte ich \u00fcber das verl\u00e4ngerte Wochenende von Mari\u00e4 Himmelfahrt noch einen kleinen Trip machen. In anderen Jahren hat mich der Weg um diese Zeit nach Wien, Budapest und Bratislava gef\u00fchrt &#8211; also ganz im Zeichen des KuK. Nun war ich auch schon mal in Prag, das ist aber 11 Jahre her und war im Winter, also auf ins Auto und ab in die Hauptstadt von Tschechien!<\/p>\n<p>Mittlerweile bin ich wieder zur\u00fcck in M\u00fcnchen und schreibe diesen kurzen Reisebericht. Anstatt dem chronologischen &#8222;Tag f\u00fcr Tag&#8220; Format ordne ich die Fotos diesmal thematisch.<\/p>\n<h2>Aussichten<\/h2>\n<p>Mein Weg f\u00fchrte mich diesmal zu verschiedenen Aussichtspunkten: diverse Br\u00fccken und H\u00fcgel rund um Prag (z.B. die Burg, der Sommerpalast, die Bastion, der Vy\u0161ehrad, etc.) Hier einfach mal vergleichsweise unsortiert die Aussichten.<\/p>\n\n\n<figure class=\"wp-block-image size-large\"><a href=\"https:\/\/www.markusreisen.de\/prag\/wp-content\/uploads\/sites\/16\/2022\/08\/DSC05353_ShiftN-scaled.jpg\"><img loading=\"lazy\" decoding=\"async\" width=\"1024\" height=\"685\" src=\"http:\/\/www.markusreisen.de\/prag\/wp-content\/uploads\/sites\/16\/2022\/08\/DSC05353_ShiftN-1024x685.jpg\" alt=\"\" class=\"wp-image-4\" srcset=\"https:\/\/www.markusreisen.de\/prag\/wp-content\/uploads\/sites\/16\/2022\/08\/DSC05353_ShiftN-1024x685.jpg 1024w, https:\/\/www.markusreisen.de\/prag\/wp-content\/uploads\/sites\/16\/2022\/08\/DSC05353_ShiftN-300x201.jpg 300w, https:\/\/www.markusreisen.de\/prag\/wp-content\/uploads\/sites\/16\/2022\/08\/DSC05353_ShiftN-768x514.jpg 768w, https:\/\/www.markusreisen.de\/prag\/wp-content\/uploads\/sites\/16\/2022\/08\/DSC05353_ShiftN-1536x1027.jpg 1536w, https:\/\/www.markusreisen.de\/prag\/wp-content\/uploads\/sites\/16\/2022\/08\/DSC05353_ShiftN-2048x1370.jpg 2048w\" sizes=\"auto, (max-width: 1024px) 100vw, 1024px\" \/><\/a><figcaption>Aussicht auf den Vy\u0161ehrad, die alte Festung Prags.<\/figcaption><\/figure>\n\n\n\n<figure class=\"wp-block-image size-large\"><a href=\"https:\/\/www.markusreisen.de\/prag\/wp-content\/uploads\/sites\/16\/2022\/08\/DSC05359_ShiftN-scaled.jpg\"><img loading=\"lazy\" decoding=\"async\" width=\"1024\" height=\"719\" src=\"http:\/\/www.markusreisen.de\/prag\/wp-content\/uploads\/sites\/16\/2022\/08\/DSC05359_ShiftN-1024x719.jpg\" alt=\"\" class=\"wp-image-5\" srcset=\"https:\/\/www.markusreisen.de\/prag\/wp-content\/uploads\/sites\/16\/2022\/08\/DSC05359_ShiftN-1024x719.jpg 1024w, https:\/\/www.markusreisen.de\/prag\/wp-content\/uploads\/sites\/16\/2022\/08\/DSC05359_ShiftN-300x211.jpg 300w, https:\/\/www.markusreisen.de\/prag\/wp-content\/uploads\/sites\/16\/2022\/08\/DSC05359_ShiftN-768x540.jpg 768w, https:\/\/www.markusreisen.de\/prag\/wp-content\/uploads\/sites\/16\/2022\/08\/DSC05359_ShiftN-1536x1079.jpg 1536w, https:\/\/www.markusreisen.de\/prag\/wp-content\/uploads\/sites\/16\/2022\/08\/DSC05359_ShiftN-2048x1439.jpg 2048w\" sizes=\"auto, (max-width: 1024px) 100vw, 1024px\" \/><\/a><figcaption>Aussicht \u00fcber die Moldau auf die Prager Neustadt.<\/figcaption><\/figure>\n\n\n\n<figure class=\"wp-block-image size-large\"><a href=\"https:\/\/www.markusreisen.de\/prag\/wp-content\/uploads\/sites\/16\/2022\/08\/DSC05432_ShiftN-scaled.jpg\"><img loading=\"lazy\" decoding=\"async\" width=\"1024\" height=\"688\" src=\"http:\/\/www.markusreisen.de\/prag\/wp-content\/uploads\/sites\/16\/2022\/08\/DSC05432_ShiftN-1024x688.jpg\" alt=\"\" class=\"wp-image-19\" srcset=\"https:\/\/www.markusreisen.de\/prag\/wp-content\/uploads\/sites\/16\/2022\/08\/DSC05432_ShiftN-1024x688.jpg 1024w, https:\/\/www.markusreisen.de\/prag\/wp-content\/uploads\/sites\/16\/2022\/08\/DSC05432_ShiftN-300x202.jpg 300w, https:\/\/www.markusreisen.de\/prag\/wp-content\/uploads\/sites\/16\/2022\/08\/DSC05432_ShiftN-768x516.jpg 768w, https:\/\/www.markusreisen.de\/prag\/wp-content\/uploads\/sites\/16\/2022\/08\/DSC05432_ShiftN-1536x1032.jpg 1536w, https:\/\/www.markusreisen.de\/prag\/wp-content\/uploads\/sites\/16\/2022\/08\/DSC05432_ShiftN-2048x1376.jpg 2048w\" sizes=\"auto, (max-width: 1024px) 100vw, 1024px\" \/><\/a><figcaption>Aussicht vom Prager Metronom (s.u.) nach S\u00fcden. Die zweite Br\u00fccke im Hintergrund ist die Karlsbr\u00fccke.<\/figcaption><\/figure>\n\n\n\n<figure class=\"wp-block-image size-large\"><a href=\"https:\/\/www.markusreisen.de\/prag\/wp-content\/uploads\/sites\/16\/2022\/08\/DSC05437_ShiftN-scaled.jpg\"><img loading=\"lazy\" decoding=\"async\" width=\"1024\" height=\"683\" src=\"http:\/\/www.markusreisen.de\/prag\/wp-content\/uploads\/sites\/16\/2022\/08\/DSC05437_ShiftN-1024x683.jpg\" alt=\"\" class=\"wp-image-20\" srcset=\"https:\/\/www.markusreisen.de\/prag\/wp-content\/uploads\/sites\/16\/2022\/08\/DSC05437_ShiftN-1024x683.jpg 1024w, https:\/\/www.markusreisen.de\/prag\/wp-content\/uploads\/sites\/16\/2022\/08\/DSC05437_ShiftN-300x200.jpg 300w, https:\/\/www.markusreisen.de\/prag\/wp-content\/uploads\/sites\/16\/2022\/08\/DSC05437_ShiftN-768x512.jpg 768w, https:\/\/www.markusreisen.de\/prag\/wp-content\/uploads\/sites\/16\/2022\/08\/DSC05437_ShiftN-1536x1024.jpg 1536w, https:\/\/www.markusreisen.de\/prag\/wp-content\/uploads\/sites\/16\/2022\/08\/DSC05437_ShiftN-2048x1366.jpg 2048w\" sizes=\"auto, (max-width: 1024px) 100vw, 1024px\" \/><\/a><figcaption>\u00c4hnliche Aussicht, aber noch weiter die Moldau nach S\u00fcden entlang blickend. Links im Bild also Altstadt und Neustadt, rechts die Kleinseite.<\/figcaption><\/figure>\n\n\n\n<figure class=\"wp-block-image size-large\"><a href=\"https:\/\/www.markusreisen.de\/prag\/wp-content\/uploads\/sites\/16\/2022\/08\/DSC05412_ShiftN-scaled.jpg\"><img loading=\"lazy\" decoding=\"async\" width=\"1024\" height=\"688\" src=\"http:\/\/www.markusreisen.de\/prag\/wp-content\/uploads\/sites\/16\/2022\/08\/DSC05412_ShiftN-1024x688.jpg\" alt=\"\" class=\"wp-image-14\" srcset=\"https:\/\/www.markusreisen.de\/prag\/wp-content\/uploads\/sites\/16\/2022\/08\/DSC05412_ShiftN-1024x688.jpg 1024w, https:\/\/www.markusreisen.de\/prag\/wp-content\/uploads\/sites\/16\/2022\/08\/DSC05412_ShiftN-300x201.jpg 300w, https:\/\/www.markusreisen.de\/prag\/wp-content\/uploads\/sites\/16\/2022\/08\/DSC05412_ShiftN-768x516.jpg 768w, https:\/\/www.markusreisen.de\/prag\/wp-content\/uploads\/sites\/16\/2022\/08\/DSC05412_ShiftN-1536x1031.jpg 1536w, https:\/\/www.markusreisen.de\/prag\/wp-content\/uploads\/sites\/16\/2022\/08\/DSC05412_ShiftN-2048x1375.jpg 2048w\" sizes=\"auto, (max-width: 1024px) 100vw, 1024px\" \/><\/a><figcaption>Aussicht von besagter Karlsbr\u00fccke auf die Kleinseite und die Prager Burg mit dem Veitsdom.<\/figcaption><\/figure>\n\n\n\n<figure class=\"wp-block-image size-large\"><a href=\"https:\/\/www.markusreisen.de\/prag\/wp-content\/uploads\/sites\/16\/2022\/08\/PXL_20220813_093259017_ShiftN-scaled.jpg\"><img loading=\"lazy\" decoding=\"async\" width=\"1024\" height=\"780\" src=\"http:\/\/www.markusreisen.de\/prag\/wp-content\/uploads\/sites\/16\/2022\/08\/PXL_20220813_093259017_ShiftN-1024x780.jpg\" alt=\"\" class=\"wp-image-57\" srcset=\"https:\/\/www.markusreisen.de\/prag\/wp-content\/uploads\/sites\/16\/2022\/08\/PXL_20220813_093259017_ShiftN-1024x780.jpg 1024w, https:\/\/www.markusreisen.de\/prag\/wp-content\/uploads\/sites\/16\/2022\/08\/PXL_20220813_093259017_ShiftN-300x229.jpg 300w, https:\/\/www.markusreisen.de\/prag\/wp-content\/uploads\/sites\/16\/2022\/08\/PXL_20220813_093259017_ShiftN-768x585.jpg 768w, https:\/\/www.markusreisen.de\/prag\/wp-content\/uploads\/sites\/16\/2022\/08\/PXL_20220813_093259017_ShiftN-1536x1170.jpg 1536w, https:\/\/www.markusreisen.de\/prag\/wp-content\/uploads\/sites\/16\/2022\/08\/PXL_20220813_093259017_ShiftN-2048x1560.jpg 2048w\" sizes=\"auto, (max-width: 1024px) 100vw, 1024px\" \/><\/a><figcaption>Aussicht auf die Karlsbr\u00fccke.<\/figcaption><\/figure>\n\n\n\n<figure class=\"wp-block-image size-large\"><a href=\"https:\/\/www.markusreisen.de\/prag\/wp-content\/uploads\/sites\/16\/2022\/08\/PXL_20220814_084051767_ShiftN-scaled.jpg\"><img loading=\"lazy\" decoding=\"async\" width=\"1024\" height=\"777\" src=\"http:\/\/www.markusreisen.de\/prag\/wp-content\/uploads\/sites\/16\/2022\/08\/PXL_20220814_084051767_ShiftN-1024x777.jpg\" alt=\"\" class=\"wp-image-82\" srcset=\"https:\/\/www.markusreisen.de\/prag\/wp-content\/uploads\/sites\/16\/2022\/08\/PXL_20220814_084051767_ShiftN-1024x777.jpg 1024w, https:\/\/www.markusreisen.de\/prag\/wp-content\/uploads\/sites\/16\/2022\/08\/PXL_20220814_084051767_ShiftN-300x228.jpg 300w, https:\/\/www.markusreisen.de\/prag\/wp-content\/uploads\/sites\/16\/2022\/08\/PXL_20220814_084051767_ShiftN-768x583.jpg 768w, https:\/\/www.markusreisen.de\/prag\/wp-content\/uploads\/sites\/16\/2022\/08\/PXL_20220814_084051767_ShiftN-1536x1166.jpg 1536w, https:\/\/www.markusreisen.de\/prag\/wp-content\/uploads\/sites\/16\/2022\/08\/PXL_20220814_084051767_ShiftN-2048x1555.jpg 2048w\" sizes=\"auto, (max-width: 1024px) 100vw, 1024px\" \/><\/a><figcaption>Diese Aussicht ist vom Vy\u0161ehrad grob nach Nord(-westen), ganz im Hintergrund die Prager Burg.<\/figcaption><\/figure>\n\n\n\n<figure class=\"wp-block-image size-large\"><a href=\"https:\/\/www.markusreisen.de\/prag\/wp-content\/uploads\/sites\/16\/2022\/08\/PXL_20220814_084344813_ShiftN-scaled.jpg\"><img loading=\"lazy\" decoding=\"async\" width=\"1024\" height=\"770\" src=\"http:\/\/www.markusreisen.de\/prag\/wp-content\/uploads\/sites\/16\/2022\/08\/PXL_20220814_084344813_ShiftN-1024x770.jpg\" alt=\"\" class=\"wp-image-83\" srcset=\"https:\/\/www.markusreisen.de\/prag\/wp-content\/uploads\/sites\/16\/2022\/08\/PXL_20220814_084344813_ShiftN-1024x770.jpg 1024w, https:\/\/www.markusreisen.de\/prag\/wp-content\/uploads\/sites\/16\/2022\/08\/PXL_20220814_084344813_ShiftN-300x226.jpg 300w, https:\/\/www.markusreisen.de\/prag\/wp-content\/uploads\/sites\/16\/2022\/08\/PXL_20220814_084344813_ShiftN-768x577.jpg 768w, https:\/\/www.markusreisen.de\/prag\/wp-content\/uploads\/sites\/16\/2022\/08\/PXL_20220814_084344813_ShiftN-1536x1155.jpg 1536w, https:\/\/www.markusreisen.de\/prag\/wp-content\/uploads\/sites\/16\/2022\/08\/PXL_20220814_084344813_ShiftN-2048x1540.jpg 2048w\" sizes=\"auto, (max-width: 1024px) 100vw, 1024px\" \/><\/a><figcaption>Vom Vy\u0161ehrad nach Nordosten.<\/figcaption><\/figure>\n\n\n\n<figure class=\"wp-block-image size-large\"><a href=\"https:\/\/www.markusreisen.de\/prag\/wp-content\/uploads\/sites\/16\/2022\/08\/PXL_20220814_084905127_ShiftN-scaled.jpg\"><img loading=\"lazy\" decoding=\"async\" width=\"1024\" height=\"785\" src=\"http:\/\/www.markusreisen.de\/prag\/wp-content\/uploads\/sites\/16\/2022\/08\/PXL_20220814_084905127_ShiftN-1024x785.jpg\" alt=\"\" class=\"wp-image-84\" srcset=\"https:\/\/www.markusreisen.de\/prag\/wp-content\/uploads\/sites\/16\/2022\/08\/PXL_20220814_084905127_ShiftN-1024x785.jpg 1024w, https:\/\/www.markusreisen.de\/prag\/wp-content\/uploads\/sites\/16\/2022\/08\/PXL_20220814_084905127_ShiftN-300x230.jpg 300w, https:\/\/www.markusreisen.de\/prag\/wp-content\/uploads\/sites\/16\/2022\/08\/PXL_20220814_084905127_ShiftN-768x589.jpg 768w, https:\/\/www.markusreisen.de\/prag\/wp-content\/uploads\/sites\/16\/2022\/08\/PXL_20220814_084905127_ShiftN-1536x1177.jpg 1536w, https:\/\/www.markusreisen.de\/prag\/wp-content\/uploads\/sites\/16\/2022\/08\/PXL_20220814_084905127_ShiftN-2048x1569.jpg 2048w\" sizes=\"auto, (max-width: 1024px) 100vw, 1024px\" \/><\/a><figcaption>Vom Vy\u0161ehrad nach S\u00fcden. Kaum endet Prag sieht man auch schon keine Br\u00fccken mehr. <\/figcaption><\/figure>\n\n\n\n<h2 class=\"wp-block-heading\">Hotel Vienna House Prague Andel<\/h2>\n\n\n\n<p>Untergekommen bin ich im besagten Hotel im Ortsteil Andel auf dem westlichen Moldauufer s\u00fcdlich der Kleinseite. Ich hatte ein &#8222;Executive Doppelzimmer&#8220; gebucht wurde dann aber auf ein Apartment upgraded. Das hatte schon was f\u00fcr sich:<\/p>\n\n\n\n<figure class=\"wp-block-image size-large\"><a href=\"https:\/\/www.markusreisen.de\/prag\/wp-content\/uploads\/sites\/16\/2022\/08\/PXL_20220812_150631270_ShiftN-scaled.jpg\"><img loading=\"lazy\" decoding=\"async\" width=\"1024\" height=\"774\" src=\"http:\/\/www.markusreisen.de\/prag\/wp-content\/uploads\/sites\/16\/2022\/08\/PXL_20220812_150631270_ShiftN-1024x774.jpg\" alt=\"\" class=\"wp-image-34\" srcset=\"https:\/\/www.markusreisen.de\/prag\/wp-content\/uploads\/sites\/16\/2022\/08\/PXL_20220812_150631270_ShiftN-1024x774.jpg 1024w, https:\/\/www.markusreisen.de\/prag\/wp-content\/uploads\/sites\/16\/2022\/08\/PXL_20220812_150631270_ShiftN-300x227.jpg 300w, https:\/\/www.markusreisen.de\/prag\/wp-content\/uploads\/sites\/16\/2022\/08\/PXL_20220812_150631270_ShiftN-768x581.jpg 768w, https:\/\/www.markusreisen.de\/prag\/wp-content\/uploads\/sites\/16\/2022\/08\/PXL_20220812_150631270_ShiftN-1536x1162.jpg 1536w, https:\/\/www.markusreisen.de\/prag\/wp-content\/uploads\/sites\/16\/2022\/08\/PXL_20220812_150631270_ShiftN-2048x1549.jpg 2048w\" sizes=\"auto, (max-width: 1024px) 100vw, 1024px\" \/><\/a><figcaption>Mit eigenem Wohnzimmer&#8230;<\/figcaption><\/figure>\n\n\n\n<figure class=\"wp-block-image size-large\"><a href=\"https:\/\/www.markusreisen.de\/prag\/wp-content\/uploads\/sites\/16\/2022\/08\/PXL_20220812_150645463_ShiftN-scaled.jpg\"><img loading=\"lazy\" decoding=\"async\" width=\"1024\" height=\"777\" src=\"http:\/\/www.markusreisen.de\/prag\/wp-content\/uploads\/sites\/16\/2022\/08\/PXL_20220812_150645463_ShiftN-1024x777.jpg\" alt=\"\" class=\"wp-image-35\" srcset=\"https:\/\/www.markusreisen.de\/prag\/wp-content\/uploads\/sites\/16\/2022\/08\/PXL_20220812_150645463_ShiftN-1024x777.jpg 1024w, https:\/\/www.markusreisen.de\/prag\/wp-content\/uploads\/sites\/16\/2022\/08\/PXL_20220812_150645463_ShiftN-300x228.jpg 300w, https:\/\/www.markusreisen.de\/prag\/wp-content\/uploads\/sites\/16\/2022\/08\/PXL_20220812_150645463_ShiftN-768x583.jpg 768w, https:\/\/www.markusreisen.de\/prag\/wp-content\/uploads\/sites\/16\/2022\/08\/PXL_20220812_150645463_ShiftN-1536x1166.jpg 1536w, https:\/\/www.markusreisen.de\/prag\/wp-content\/uploads\/sites\/16\/2022\/08\/PXL_20220812_150645463_ShiftN-2048x1555.jpg 2048w\" sizes=\"auto, (max-width: 1024px) 100vw, 1024px\" \/><\/a><figcaption>&#8230;Schlafzimmer&#8230;<\/figcaption><\/figure>\n\n\n\n<figure class=\"wp-block-image size-large\"><a href=\"https:\/\/www.markusreisen.de\/prag\/wp-content\/uploads\/sites\/16\/2022\/08\/PXL_20220812_150723405_ShiftN-scaled.jpg\"><img loading=\"lazy\" decoding=\"async\" width=\"1024\" height=\"773\" src=\"http:\/\/www.markusreisen.de\/prag\/wp-content\/uploads\/sites\/16\/2022\/08\/PXL_20220812_150723405_ShiftN-1024x773.jpg\" alt=\"\" class=\"wp-image-36\" srcset=\"https:\/\/www.markusreisen.de\/prag\/wp-content\/uploads\/sites\/16\/2022\/08\/PXL_20220812_150723405_ShiftN-1024x773.jpg 1024w, https:\/\/www.markusreisen.de\/prag\/wp-content\/uploads\/sites\/16\/2022\/08\/PXL_20220812_150723405_ShiftN-300x227.jpg 300w, https:\/\/www.markusreisen.de\/prag\/wp-content\/uploads\/sites\/16\/2022\/08\/PXL_20220812_150723405_ShiftN-768x580.jpg 768w, https:\/\/www.markusreisen.de\/prag\/wp-content\/uploads\/sites\/16\/2022\/08\/PXL_20220812_150723405_ShiftN-1536x1160.jpg 1536w, https:\/\/www.markusreisen.de\/prag\/wp-content\/uploads\/sites\/16\/2022\/08\/PXL_20220812_150723405_ShiftN-2048x1546.jpg 2048w\" sizes=\"auto, (max-width: 1024px) 100vw, 1024px\" \/><\/a><figcaption>&#8230;und K\u00fcchenzeile.<\/figcaption><\/figure>\n\n\n\n<p>Anders als viele, die ihr Hotelzimmer haupts\u00e4chlich zum Duschen und Schlafen brauchen, ist mir ein komfortables Zimmer lieber. Denn nach 8 Stunden harter Touristenarbeit am Tage gehe ich abends normalerweise nur nochmal zum Essen raus und relaxe danach gerne auf dem Zimmer. Au\u00dferdem habe ich sehr gerne einen richtigen Schreibtisch, weil ich ja auch meine Fotos bearbeiten muss.<\/p>\n\n\n\n<h2 class=\"wp-block-heading\">Sehenw\u00fcrdigkeiten<\/h2>\n\n\n\n<p>Hier nun die Auswahl an Sights, die ich in den faktisch zwei Tagen geschafft habe anzusehen.<\/p>\n\n\n\n<h3 class=\"wp-block-heading\">Karlsbr\u00fccke<\/h3>\n\n\n\n<figure class=\"wp-block-image size-large is-resized\"><a href=\"https:\/\/www.markusreisen.de\/prag\/wp-content\/uploads\/sites\/16\/2022\/08\/DSC05408_ShiftN-scaled.jpg\"><img loading=\"lazy\" decoding=\"async\" src=\"http:\/\/www.markusreisen.de\/prag\/wp-content\/uploads\/sites\/16\/2022\/08\/DSC05408_ShiftN-1024x686.jpg\" alt=\"\" class=\"wp-image-12\" width=\"610\" height=\"408\" srcset=\"https:\/\/www.markusreisen.de\/prag\/wp-content\/uploads\/sites\/16\/2022\/08\/DSC05408_ShiftN-1024x686.jpg 1024w, https:\/\/www.markusreisen.de\/prag\/wp-content\/uploads\/sites\/16\/2022\/08\/DSC05408_ShiftN-300x201.jpg 300w, https:\/\/www.markusreisen.de\/prag\/wp-content\/uploads\/sites\/16\/2022\/08\/DSC05408_ShiftN-768x514.jpg 768w, https:\/\/www.markusreisen.de\/prag\/wp-content\/uploads\/sites\/16\/2022\/08\/DSC05408_ShiftN-1536x1029.jpg 1536w, https:\/\/www.markusreisen.de\/prag\/wp-content\/uploads\/sites\/16\/2022\/08\/DSC05408_ShiftN-2048x1372.jpg 2048w\" sizes=\"auto, (max-width: 610px) 100vw, 610px\" \/><\/a><figcaption>Aber nat\u00fcrlich ist das Ziel Nr. 1 in Prag die Altstadt. Der bekannteste Weg dorthin ist \u00fcber die Karlsbr\u00fccke. Die hat nur einen Nachteil: sie ist von Touris \u00fcberrannt. Man muss also morgens hin und da hat man, von der Kleinseite (Westufer) aus kommend naturgem\u00e4\u00df Gegenlicht.<\/figcaption><\/figure>\n\n\n\n<figure class=\"wp-block-image size-large\"><a href=\"https:\/\/www.markusreisen.de\/prag\/wp-content\/uploads\/sites\/16\/2022\/08\/PXL_20220813_063055246-scaled.jpg\"><img loading=\"lazy\" decoding=\"async\" width=\"1024\" height=\"771\" src=\"http:\/\/www.markusreisen.de\/prag\/wp-content\/uploads\/sites\/16\/2022\/08\/PXL_20220813_063055246-1024x771.jpg\" alt=\"\" class=\"wp-image-42\" srcset=\"https:\/\/www.markusreisen.de\/prag\/wp-content\/uploads\/sites\/16\/2022\/08\/PXL_20220813_063055246-1024x771.jpg 1024w, https:\/\/www.markusreisen.de\/prag\/wp-content\/uploads\/sites\/16\/2022\/08\/PXL_20220813_063055246-300x226.jpg 300w, https:\/\/www.markusreisen.de\/prag\/wp-content\/uploads\/sites\/16\/2022\/08\/PXL_20220813_063055246-768x578.jpg 768w, https:\/\/www.markusreisen.de\/prag\/wp-content\/uploads\/sites\/16\/2022\/08\/PXL_20220813_063055246-1536x1157.jpg 1536w, https:\/\/www.markusreisen.de\/prag\/wp-content\/uploads\/sites\/16\/2022\/08\/PXL_20220813_063055246-2048x1542.jpg 2048w\" sizes=\"auto, (max-width: 1024px) 100vw, 1024px\" \/><\/a><figcaption>So auch hier.<\/figcaption><\/figure>\n\n\n\n<figure class=\"wp-block-image size-large\"><a href=\"https:\/\/www.markusreisen.de\/prag\/wp-content\/uploads\/sites\/16\/2022\/08\/DSC05404-scaled.jpg\"><img loading=\"lazy\" decoding=\"async\" width=\"1024\" height=\"683\" src=\"http:\/\/www.markusreisen.de\/prag\/wp-content\/uploads\/sites\/16\/2022\/08\/DSC05404-1024x683.jpg\" alt=\"\" class=\"wp-image-11\" srcset=\"https:\/\/www.markusreisen.de\/prag\/wp-content\/uploads\/sites\/16\/2022\/08\/DSC05404-1024x683.jpg 1024w, https:\/\/www.markusreisen.de\/prag\/wp-content\/uploads\/sites\/16\/2022\/08\/DSC05404-300x200.jpg 300w, https:\/\/www.markusreisen.de\/prag\/wp-content\/uploads\/sites\/16\/2022\/08\/DSC05404-768x512.jpg 768w, https:\/\/www.markusreisen.de\/prag\/wp-content\/uploads\/sites\/16\/2022\/08\/DSC05404-1536x1024.jpg 1536w, https:\/\/www.markusreisen.de\/prag\/wp-content\/uploads\/sites\/16\/2022\/08\/DSC05404-2048x1365.jpg 2048w\" sizes=\"auto, (max-width: 1024px) 100vw, 1024px\" \/><\/a><figcaption>In die andere Richtung fotografiert es sich besser.<\/figcaption><\/figure>\n\n\n\n<figure class=\"wp-block-image size-large\"><a href=\"https:\/\/www.markusreisen.de\/prag\/wp-content\/uploads\/sites\/16\/2022\/08\/DSC05417_ShiftN-scaled.jpg\"><img loading=\"lazy\" decoding=\"async\" width=\"1024\" height=\"685\" src=\"http:\/\/www.markusreisen.de\/prag\/wp-content\/uploads\/sites\/16\/2022\/08\/DSC05417_ShiftN-1024x685.jpg\" alt=\"\" class=\"wp-image-15\" srcset=\"https:\/\/www.markusreisen.de\/prag\/wp-content\/uploads\/sites\/16\/2022\/08\/DSC05417_ShiftN-1024x685.jpg 1024w, https:\/\/www.markusreisen.de\/prag\/wp-content\/uploads\/sites\/16\/2022\/08\/DSC05417_ShiftN-300x201.jpg 300w, https:\/\/www.markusreisen.de\/prag\/wp-content\/uploads\/sites\/16\/2022\/08\/DSC05417_ShiftN-768x514.jpg 768w, https:\/\/www.markusreisen.de\/prag\/wp-content\/uploads\/sites\/16\/2022\/08\/DSC05417_ShiftN-1536x1028.jpg 1536w, https:\/\/www.markusreisen.de\/prag\/wp-content\/uploads\/sites\/16\/2022\/08\/DSC05417_ShiftN-2048x1371.jpg 2048w\" sizes=\"auto, (max-width: 1024px) 100vw, 1024px\" \/><\/a><figcaption>Blick von der Karlsbr\u00fccke auf die Burg&#8230;<\/figcaption><\/figure>\n\n\n\n<figure class=\"wp-block-image size-large\"><a href=\"https:\/\/www.markusreisen.de\/prag\/wp-content\/uploads\/sites\/16\/2022\/08\/DSC05411-scaled.jpg\"><img loading=\"lazy\" decoding=\"async\" width=\"1024\" height=\"683\" src=\"http:\/\/www.markusreisen.de\/prag\/wp-content\/uploads\/sites\/16\/2022\/08\/DSC05411-1024x683.jpg\" alt=\"\" class=\"wp-image-13\" srcset=\"https:\/\/www.markusreisen.de\/prag\/wp-content\/uploads\/sites\/16\/2022\/08\/DSC05411-1024x683.jpg 1024w, https:\/\/www.markusreisen.de\/prag\/wp-content\/uploads\/sites\/16\/2022\/08\/DSC05411-300x200.jpg 300w, https:\/\/www.markusreisen.de\/prag\/wp-content\/uploads\/sites\/16\/2022\/08\/DSC05411-768x512.jpg 768w, https:\/\/www.markusreisen.de\/prag\/wp-content\/uploads\/sites\/16\/2022\/08\/DSC05411-1536x1024.jpg 1536w, https:\/\/www.markusreisen.de\/prag\/wp-content\/uploads\/sites\/16\/2022\/08\/DSC05411-2048x1365.jpg 2048w\" sizes=\"auto, (max-width: 1024px) 100vw, 1024px\" \/><\/a><figcaption>&#8230;und dieses Geb\u00e4ude, wohl das Bedrich Smetana Museum.<\/figcaption><\/figure>\n\n\n\n<h3 class=\"wp-block-heading\">Altstadt<\/h3>\n\n\n\n<figure class=\"wp-block-image size-large\"><a href=\"https:\/\/www.markusreisen.de\/prag\/wp-content\/uploads\/sites\/16\/2022\/08\/DSC05418_ShiftN-scaled.jpg\"><img loading=\"lazy\" decoding=\"async\" width=\"1024\" height=\"684\" src=\"http:\/\/www.markusreisen.de\/prag\/wp-content\/uploads\/sites\/16\/2022\/08\/DSC05418_ShiftN-1024x684.jpg\" alt=\"\" class=\"wp-image-16\" srcset=\"https:\/\/www.markusreisen.de\/prag\/wp-content\/uploads\/sites\/16\/2022\/08\/DSC05418_ShiftN-1024x684.jpg 1024w, https:\/\/www.markusreisen.de\/prag\/wp-content\/uploads\/sites\/16\/2022\/08\/DSC05418_ShiftN-300x200.jpg 300w, https:\/\/www.markusreisen.de\/prag\/wp-content\/uploads\/sites\/16\/2022\/08\/DSC05418_ShiftN-768x513.jpg 768w, https:\/\/www.markusreisen.de\/prag\/wp-content\/uploads\/sites\/16\/2022\/08\/DSC05418_ShiftN-1536x1026.jpg 1536w, https:\/\/www.markusreisen.de\/prag\/wp-content\/uploads\/sites\/16\/2022\/08\/DSC05418_ShiftN-2048x1368.jpg 2048w\" sizes=\"auto, (max-width: 1024px) 100vw, 1024px\" \/><\/a><figcaption>Das ist jetzt aber tats\u00e4chlich die Altstadt wenn man von der Karlsbr\u00fccke runterkommt. Hier sind alle willkommen, au\u00dfer Putin (s. Transparent an dem Geb\u00e4ude).<\/figcaption><\/figure>\n\n\n\n<figure class=\"wp-block-image size-large\"><a href=\"https:\/\/www.markusreisen.de\/prag\/wp-content\/uploads\/sites\/16\/2022\/08\/PXL_20220813_065329376_ShiftN-scaled.jpg\"><img loading=\"lazy\" decoding=\"async\" width=\"725\" height=\"1024\" src=\"http:\/\/www.markusreisen.de\/prag\/wp-content\/uploads\/sites\/16\/2022\/08\/PXL_20220813_065329376_ShiftN-725x1024.jpg\" alt=\"\" class=\"wp-image-46\" srcset=\"https:\/\/www.markusreisen.de\/prag\/wp-content\/uploads\/sites\/16\/2022\/08\/PXL_20220813_065329376_ShiftN-725x1024.jpg 725w, https:\/\/www.markusreisen.de\/prag\/wp-content\/uploads\/sites\/16\/2022\/08\/PXL_20220813_065329376_ShiftN-212x300.jpg 212w, https:\/\/www.markusreisen.de\/prag\/wp-content\/uploads\/sites\/16\/2022\/08\/PXL_20220813_065329376_ShiftN-768x1084.jpg 768w, https:\/\/www.markusreisen.de\/prag\/wp-content\/uploads\/sites\/16\/2022\/08\/PXL_20220813_065329376_ShiftN-1088x1536.jpg 1088w, https:\/\/www.markusreisen.de\/prag\/wp-content\/uploads\/sites\/16\/2022\/08\/PXL_20220813_065329376_ShiftN-1450x2048.jpg 1450w, https:\/\/www.markusreisen.de\/prag\/wp-content\/uploads\/sites\/16\/2022\/08\/PXL_20220813_065329376_ShiftN-scaled.jpg 1813w\" sizes=\"auto, (max-width: 725px) 100vw, 725px\" \/><\/a><figcaption>Im Zentrum der Altstadt befindet sich das Prager Rathaus&#8230;<\/figcaption><\/figure>\n\n\n\n<figure class=\"wp-block-image size-large\"><a href=\"https:\/\/www.markusreisen.de\/prag\/wp-content\/uploads\/sites\/16\/2022\/08\/DSC05421_ShiftN-scaled.jpg\"><img loading=\"lazy\" decoding=\"async\" width=\"471\" height=\"1024\" src=\"http:\/\/www.markusreisen.de\/prag\/wp-content\/uploads\/sites\/16\/2022\/08\/DSC05421_ShiftN-471x1024.jpg\" alt=\"\" class=\"wp-image-17\" srcset=\"https:\/\/www.markusreisen.de\/prag\/wp-content\/uploads\/sites\/16\/2022\/08\/DSC05421_ShiftN-471x1024.jpg 471w, https:\/\/www.markusreisen.de\/prag\/wp-content\/uploads\/sites\/16\/2022\/08\/DSC05421_ShiftN-138x300.jpg 138w, https:\/\/www.markusreisen.de\/prag\/wp-content\/uploads\/sites\/16\/2022\/08\/DSC05421_ShiftN-768x1671.jpg 768w, https:\/\/www.markusreisen.de\/prag\/wp-content\/uploads\/sites\/16\/2022\/08\/DSC05421_ShiftN-706x1536.jpg 706w, https:\/\/www.markusreisen.de\/prag\/wp-content\/uploads\/sites\/16\/2022\/08\/DSC05421_ShiftN-942x2048.jpg 942w, https:\/\/www.markusreisen.de\/prag\/wp-content\/uploads\/sites\/16\/2022\/08\/DSC05421_ShiftN-scaled.jpg 1177w\" sizes=\"auto, (max-width: 471px) 100vw, 471px\" \/><\/a><figcaption>&#8230;mit der astronomischen Uhr (im Bild oben w\u00e4re das die linke Seite des Geb\u00e4udes).<\/figcaption><\/figure>\n\n\n\n<figure class=\"wp-block-image size-large\"><a href=\"https:\/\/www.markusreisen.de\/prag\/wp-content\/uploads\/sites\/16\/2022\/08\/PXL_20220813_065439612_ShiftN-scaled.jpg\"><img loading=\"lazy\" decoding=\"async\" width=\"1024\" height=\"772\" src=\"http:\/\/www.markusreisen.de\/prag\/wp-content\/uploads\/sites\/16\/2022\/08\/PXL_20220813_065439612_ShiftN-1024x772.jpg\" alt=\"\" class=\"wp-image-47\" srcset=\"https:\/\/www.markusreisen.de\/prag\/wp-content\/uploads\/sites\/16\/2022\/08\/PXL_20220813_065439612_ShiftN-1024x772.jpg 1024w, https:\/\/www.markusreisen.de\/prag\/wp-content\/uploads\/sites\/16\/2022\/08\/PXL_20220813_065439612_ShiftN-300x226.jpg 300w, https:\/\/www.markusreisen.de\/prag\/wp-content\/uploads\/sites\/16\/2022\/08\/PXL_20220813_065439612_ShiftN-768x579.jpg 768w, https:\/\/www.markusreisen.de\/prag\/wp-content\/uploads\/sites\/16\/2022\/08\/PXL_20220813_065439612_ShiftN-1536x1158.jpg 1536w, https:\/\/www.markusreisen.de\/prag\/wp-content\/uploads\/sites\/16\/2022\/08\/PXL_20220813_065439612_ShiftN-2048x1544.jpg 2048w\" sizes=\"auto, (max-width: 1024px) 100vw, 1024px\" \/><\/a><figcaption>Am selben Platz, dem &#8222;Altst\u00e4dter Ring&#8220; steht auch eine Statue zu Ehren&#8230;<\/figcaption><\/figure>\n\n\n\n<figure class=\"wp-block-image size-large\"><a href=\"https:\/\/www.markusreisen.de\/prag\/wp-content\/uploads\/sites\/16\/2022\/08\/PXL_20220813_065144310_ShiftN-scaled.jpg\"><img loading=\"lazy\" decoding=\"async\" width=\"1024\" height=\"776\" src=\"http:\/\/www.markusreisen.de\/prag\/wp-content\/uploads\/sites\/16\/2022\/08\/PXL_20220813_065144310_ShiftN-1024x776.jpg\" alt=\"\" class=\"wp-image-44\" srcset=\"https:\/\/www.markusreisen.de\/prag\/wp-content\/uploads\/sites\/16\/2022\/08\/PXL_20220813_065144310_ShiftN-1024x776.jpg 1024w, https:\/\/www.markusreisen.de\/prag\/wp-content\/uploads\/sites\/16\/2022\/08\/PXL_20220813_065144310_ShiftN-300x227.jpg 300w, https:\/\/www.markusreisen.de\/prag\/wp-content\/uploads\/sites\/16\/2022\/08\/PXL_20220813_065144310_ShiftN-768x582.jpg 768w, https:\/\/www.markusreisen.de\/prag\/wp-content\/uploads\/sites\/16\/2022\/08\/PXL_20220813_065144310_ShiftN-1536x1163.jpg 1536w, https:\/\/www.markusreisen.de\/prag\/wp-content\/uploads\/sites\/16\/2022\/08\/PXL_20220813_065144310_ShiftN-2048x1551.jpg 2048w\" sizes=\"auto, (max-width: 1024px) 100vw, 1024px\" \/><\/a><figcaption>&#8230;des Fr\u00fchreformators Jan Hus (1369-1415), ca. hundert Jahre vor Luther und Calvin. Dem ist aber eine Reise nach Konstanz nicht bekommen&#8230;<\/figcaption><\/figure>\n\n\n\n<figure class=\"wp-block-image size-large\"><a href=\"https:\/\/www.markusreisen.de\/prag\/wp-content\/uploads\/sites\/16\/2022\/08\/PXL_20220813_065246126_ShiftN-scaled.jpg\"><img loading=\"lazy\" decoding=\"async\" width=\"750\" height=\"1024\" src=\"http:\/\/www.markusreisen.de\/prag\/wp-content\/uploads\/sites\/16\/2022\/08\/PXL_20220813_065246126_ShiftN-750x1024.jpg\" alt=\"\" class=\"wp-image-45\" srcset=\"https:\/\/www.markusreisen.de\/prag\/wp-content\/uploads\/sites\/16\/2022\/08\/PXL_20220813_065246126_ShiftN-750x1024.jpg 750w, https:\/\/www.markusreisen.de\/prag\/wp-content\/uploads\/sites\/16\/2022\/08\/PXL_20220813_065246126_ShiftN-220x300.jpg 220w, https:\/\/www.markusreisen.de\/prag\/wp-content\/uploads\/sites\/16\/2022\/08\/PXL_20220813_065246126_ShiftN-768x1049.jpg 768w, https:\/\/www.markusreisen.de\/prag\/wp-content\/uploads\/sites\/16\/2022\/08\/PXL_20220813_065246126_ShiftN-1125x1536.jpg 1125w, https:\/\/www.markusreisen.de\/prag\/wp-content\/uploads\/sites\/16\/2022\/08\/PXL_20220813_065246126_ShiftN-1500x2048.jpg 1500w, https:\/\/www.markusreisen.de\/prag\/wp-content\/uploads\/sites\/16\/2022\/08\/PXL_20220813_065246126_ShiftN-scaled.jpg 1875w\" sizes=\"auto, (max-width: 750px) 100vw, 750px\" \/><\/a><figcaption>Ein Gro\u00dfteil des Charmes von Prag kommt von den sch\u00f6nen Fassaden. Diese hier ist besonders pr\u00e4chtig.<\/figcaption><\/figure>\n\n\n\n<figure class=\"wp-block-image size-large\"><a href=\"https:\/\/www.markusreisen.de\/prag\/wp-content\/uploads\/sites\/16\/2022\/08\/PXL_20220813_064630641_ShiftN-scaled.jpg\"><img loading=\"lazy\" decoding=\"async\" width=\"741\" height=\"1024\" src=\"http:\/\/www.markusreisen.de\/prag\/wp-content\/uploads\/sites\/16\/2022\/08\/PXL_20220813_064630641_ShiftN-741x1024.jpg\" alt=\"\" class=\"wp-image-43\" srcset=\"https:\/\/www.markusreisen.de\/prag\/wp-content\/uploads\/sites\/16\/2022\/08\/PXL_20220813_064630641_ShiftN-741x1024.jpg 741w, https:\/\/www.markusreisen.de\/prag\/wp-content\/uploads\/sites\/16\/2022\/08\/PXL_20220813_064630641_ShiftN-217x300.jpg 217w, https:\/\/www.markusreisen.de\/prag\/wp-content\/uploads\/sites\/16\/2022\/08\/PXL_20220813_064630641_ShiftN-768x1061.jpg 768w, https:\/\/www.markusreisen.de\/prag\/wp-content\/uploads\/sites\/16\/2022\/08\/PXL_20220813_064630641_ShiftN-1112x1536.jpg 1112w, https:\/\/www.markusreisen.de\/prag\/wp-content\/uploads\/sites\/16\/2022\/08\/PXL_20220813_064630641_ShiftN-1483x2048.jpg 1483w, https:\/\/www.markusreisen.de\/prag\/wp-content\/uploads\/sites\/16\/2022\/08\/PXL_20220813_064630641_ShiftN-scaled.jpg 1853w\" sizes=\"auto, (max-width: 741px) 100vw, 741px\" \/><\/a><figcaption>Noch eine Prachtfassade.<\/figcaption><\/figure>\n\n\n\n<figure class=\"wp-block-image size-large\"><a href=\"https:\/\/www.markusreisen.de\/prag\/wp-content\/uploads\/sites\/16\/2022\/08\/PXL_20220814_113338211_ShiftN.jpg\"><img loading=\"lazy\" decoding=\"async\" width=\"586\" height=\"1024\" src=\"http:\/\/www.markusreisen.de\/prag\/wp-content\/uploads\/sites\/16\/2022\/08\/PXL_20220814_113338211_ShiftN-586x1024.jpg\" alt=\"\" class=\"wp-image-89\" srcset=\"https:\/\/www.markusreisen.de\/prag\/wp-content\/uploads\/sites\/16\/2022\/08\/PXL_20220814_113338211_ShiftN-586x1024.jpg 586w, https:\/\/www.markusreisen.de\/prag\/wp-content\/uploads\/sites\/16\/2022\/08\/PXL_20220814_113338211_ShiftN-172x300.jpg 172w, https:\/\/www.markusreisen.de\/prag\/wp-content\/uploads\/sites\/16\/2022\/08\/PXL_20220814_113338211_ShiftN-768x1342.jpg 768w, https:\/\/www.markusreisen.de\/prag\/wp-content\/uploads\/sites\/16\/2022\/08\/PXL_20220814_113338211_ShiftN-879x1536.jpg 879w, https:\/\/www.markusreisen.de\/prag\/wp-content\/uploads\/sites\/16\/2022\/08\/PXL_20220814_113338211_ShiftN-1172x2048.jpg 1172w, https:\/\/www.markusreisen.de\/prag\/wp-content\/uploads\/sites\/16\/2022\/08\/PXL_20220814_113338211_ShiftN.jpg 1242w\" sizes=\"auto, (max-width: 586px) 100vw, 586px\" \/><\/a><figcaption>Das Pulvertor am anderen Ende (von der Karlsbr\u00fccke aus gesehen) der Altstadt.<\/figcaption><\/figure>\n\n\n\n<figure class=\"wp-block-image size-large\"><a href=\"https:\/\/www.markusreisen.de\/prag\/wp-content\/uploads\/sites\/16\/2022\/08\/PXL_20220814_113527402_ShiftN-scaled.jpg\"><img loading=\"lazy\" decoding=\"async\" width=\"627\" height=\"1024\" src=\"http:\/\/www.markusreisen.de\/prag\/wp-content\/uploads\/sites\/16\/2022\/08\/PXL_20220814_113527402_ShiftN-627x1024.jpg\" alt=\"\" class=\"wp-image-90\" srcset=\"https:\/\/www.markusreisen.de\/prag\/wp-content\/uploads\/sites\/16\/2022\/08\/PXL_20220814_113527402_ShiftN-627x1024.jpg 627w, https:\/\/www.markusreisen.de\/prag\/wp-content\/uploads\/sites\/16\/2022\/08\/PXL_20220814_113527402_ShiftN-184x300.jpg 184w, https:\/\/www.markusreisen.de\/prag\/wp-content\/uploads\/sites\/16\/2022\/08\/PXL_20220814_113527402_ShiftN-768x1255.jpg 768w, https:\/\/www.markusreisen.de\/prag\/wp-content\/uploads\/sites\/16\/2022\/08\/PXL_20220814_113527402_ShiftN-940x1536.jpg 940w, https:\/\/www.markusreisen.de\/prag\/wp-content\/uploads\/sites\/16\/2022\/08\/PXL_20220814_113527402_ShiftN-1253x2048.jpg 1253w, https:\/\/www.markusreisen.de\/prag\/wp-content\/uploads\/sites\/16\/2022\/08\/PXL_20220814_113527402_ShiftN-scaled.jpg 1567w\" sizes=\"auto, (max-width: 627px) 100vw, 627px\" \/><\/a><figcaption>Nochmal von der anderen Seite aus gesehen.<\/figcaption><\/figure>\n\n\n\n<figure class=\"wp-block-image size-large\"><a href=\"https:\/\/www.markusreisen.de\/prag\/wp-content\/uploads\/sites\/16\/2022\/08\/PXL_20220814_113714753_ShiftN.jpg\"><img loading=\"lazy\" decoding=\"async\" width=\"1021\" height=\"1024\" src=\"http:\/\/www.markusreisen.de\/prag\/wp-content\/uploads\/sites\/16\/2022\/08\/PXL_20220814_113714753_ShiftN-1021x1024.jpg\" alt=\"\" class=\"wp-image-91\" srcset=\"https:\/\/www.markusreisen.de\/prag\/wp-content\/uploads\/sites\/16\/2022\/08\/PXL_20220814_113714753_ShiftN-1021x1024.jpg 1021w, https:\/\/www.markusreisen.de\/prag\/wp-content\/uploads\/sites\/16\/2022\/08\/PXL_20220814_113714753_ShiftN-300x300.jpg 300w, https:\/\/www.markusreisen.de\/prag\/wp-content\/uploads\/sites\/16\/2022\/08\/PXL_20220814_113714753_ShiftN-150x150.jpg 150w, https:\/\/www.markusreisen.de\/prag\/wp-content\/uploads\/sites\/16\/2022\/08\/PXL_20220814_113714753_ShiftN-768x770.jpg 768w, https:\/\/www.markusreisen.de\/prag\/wp-content\/uploads\/sites\/16\/2022\/08\/PXL_20220814_113714753_ShiftN-1532x1536.jpg 1532w, https:\/\/www.markusreisen.de\/prag\/wp-content\/uploads\/sites\/16\/2022\/08\/PXL_20220814_113714753_ShiftN-2042x2048.jpg 2042w\" sizes=\"auto, (max-width: 1021px) 100vw, 1021px\" \/><\/a><figcaption>Das Obecn\u00ed d\u016fm (&#8222;Gemeindehaus&#8220;) direkt daneben, heute Sitz des Prager Symphonieorchesters.<\/figcaption><\/figure>\n\n\n\n<h3 class=\"wp-block-heading\">J\u00fcdisches Viertel<\/h3>\n\n\n\n<figure class=\"wp-block-image size-large\"><a href=\"https:\/\/www.markusreisen.de\/prag\/wp-content\/uploads\/sites\/16\/2022\/08\/PXL_20220813_070038884_ShiftN-scaled.jpg\"><img loading=\"lazy\" decoding=\"async\" width=\"1024\" height=\"885\" src=\"http:\/\/www.markusreisen.de\/prag\/wp-content\/uploads\/sites\/16\/2022\/08\/PXL_20220813_070038884_ShiftN-1024x885.jpg\" alt=\"\" class=\"wp-image-49\" srcset=\"https:\/\/www.markusreisen.de\/prag\/wp-content\/uploads\/sites\/16\/2022\/08\/PXL_20220813_070038884_ShiftN-1024x885.jpg 1024w, https:\/\/www.markusreisen.de\/prag\/wp-content\/uploads\/sites\/16\/2022\/08\/PXL_20220813_070038884_ShiftN-300x259.jpg 300w, https:\/\/www.markusreisen.de\/prag\/wp-content\/uploads\/sites\/16\/2022\/08\/PXL_20220813_070038884_ShiftN-768x663.jpg 768w, https:\/\/www.markusreisen.de\/prag\/wp-content\/uploads\/sites\/16\/2022\/08\/PXL_20220813_070038884_ShiftN-1536x1327.jpg 1536w, https:\/\/www.markusreisen.de\/prag\/wp-content\/uploads\/sites\/16\/2022\/08\/PXL_20220813_070038884_ShiftN-2048x1769.jpg 2048w\" sizes=\"auto, (max-width: 1024px) 100vw, 1024px\" \/><\/a><figcaption>Das j\u00fcdische Viertel liegt (wie eigentlich immer) einen Ticken au\u00dferhalb der innersten Altstadt aber aus moderner Sicht immer noch im Zentrum. Hier die sog. Spanische Synagoge.<\/figcaption><\/figure>\n\n\n\n<figure class=\"wp-block-image size-large\"><a href=\"https:\/\/www.markusreisen.de\/prag\/wp-content\/uploads\/sites\/16\/2022\/08\/PXL_20220813_070732462_ShiftN-scaled.jpg\"><img loading=\"lazy\" decoding=\"async\" width=\"700\" height=\"1024\" src=\"http:\/\/www.markusreisen.de\/prag\/wp-content\/uploads\/sites\/16\/2022\/08\/PXL_20220813_070732462_ShiftN-700x1024.jpg\" alt=\"\" class=\"wp-image-51\" srcset=\"https:\/\/www.markusreisen.de\/prag\/wp-content\/uploads\/sites\/16\/2022\/08\/PXL_20220813_070732462_ShiftN-700x1024.jpg 700w, https:\/\/www.markusreisen.de\/prag\/wp-content\/uploads\/sites\/16\/2022\/08\/PXL_20220813_070732462_ShiftN-205x300.jpg 205w, https:\/\/www.markusreisen.de\/prag\/wp-content\/uploads\/sites\/16\/2022\/08\/PXL_20220813_070732462_ShiftN-768x1124.jpg 768w, https:\/\/www.markusreisen.de\/prag\/wp-content\/uploads\/sites\/16\/2022\/08\/PXL_20220813_070732462_ShiftN-1050x1536.jpg 1050w, https:\/\/www.markusreisen.de\/prag\/wp-content\/uploads\/sites\/16\/2022\/08\/PXL_20220813_070732462_ShiftN-1400x2048.jpg 1400w, https:\/\/www.markusreisen.de\/prag\/wp-content\/uploads\/sites\/16\/2022\/08\/PXL_20220813_070732462_ShiftN-scaled.jpg 1750w\" sizes=\"auto, (max-width: 700px) 100vw, 700px\" \/><\/a><figcaption>Das ber\u00fchmteste Geb\u00e4ude des j\u00fcdischen Viertels ist aber die Altneu-Synagoge, die \u00e4lteste unzerst\u00f6rt erhaltene Synagoge in Europa, urspr\u00fcnglich aus dem 13. Jahrhundert.<\/figcaption><\/figure>\n\n\n\n<figure class=\"wp-block-image size-large\"><a href=\"https:\/\/www.markusreisen.de\/prag\/wp-content\/uploads\/sites\/16\/2022\/08\/PXL_20220813_070604268-scaled.jpg\"><img loading=\"lazy\" decoding=\"async\" width=\"771\" height=\"1024\" src=\"http:\/\/www.markusreisen.de\/prag\/wp-content\/uploads\/sites\/16\/2022\/08\/PXL_20220813_070604268-771x1024.jpg\" alt=\"\" class=\"wp-image-50\" srcset=\"https:\/\/www.markusreisen.de\/prag\/wp-content\/uploads\/sites\/16\/2022\/08\/PXL_20220813_070604268-771x1024.jpg 771w, https:\/\/www.markusreisen.de\/prag\/wp-content\/uploads\/sites\/16\/2022\/08\/PXL_20220813_070604268-226x300.jpg 226w, https:\/\/www.markusreisen.de\/prag\/wp-content\/uploads\/sites\/16\/2022\/08\/PXL_20220813_070604268-768x1020.jpg 768w, https:\/\/www.markusreisen.de\/prag\/wp-content\/uploads\/sites\/16\/2022\/08\/PXL_20220813_070604268-1157x1536.jpg 1157w, https:\/\/www.markusreisen.de\/prag\/wp-content\/uploads\/sites\/16\/2022\/08\/PXL_20220813_070604268-1542x2048.jpg 1542w, https:\/\/www.markusreisen.de\/prag\/wp-content\/uploads\/sites\/16\/2022\/08\/PXL_20220813_070604268-scaled.jpg 1928w\" sizes=\"auto, (max-width: 771px) 100vw, 771px\" \/><\/a><figcaption>Um diese Synagoge rankt sich auch die Legende vom Golem. An der R\u00fcckseite sieht man die Leiter zu einem Dachboden, von dem aus der Golem ausr\u00fcckte um die Peiniger der Juden zu bestrafen. Quasi wie Batman.<\/figcaption><\/figure>\n\n\n\n<p>Mittlerweile war es dann aber auch 10 Uhr und die Altstadt f\u00fcllte sich mit Touristen. Zeit woanders hin zu gehen.<\/p>\n\n\n\n<h3 class=\"wp-block-heading\">Prager Metronom<\/h3>\n\n\n\n<p>Direkt vom j\u00fcdischen Viertel kann man eine Moldaubr\u00fccke \u00fcberqueren und steht vor einem H\u00fcgel mit Park.<\/p>\n\n\n\n<figure class=\"wp-block-image size-large\"><a href=\"https:\/\/www.markusreisen.de\/prag\/wp-content\/uploads\/sites\/16\/2022\/08\/DSC05426_ShiftN-scaled.jpg\"><img loading=\"lazy\" decoding=\"async\" width=\"1024\" height=\"775\" src=\"http:\/\/www.markusreisen.de\/prag\/wp-content\/uploads\/sites\/16\/2022\/08\/DSC05426_ShiftN-1024x775.jpg\" alt=\"\" class=\"wp-image-18\" srcset=\"https:\/\/www.markusreisen.de\/prag\/wp-content\/uploads\/sites\/16\/2022\/08\/DSC05426_ShiftN-1024x775.jpg 1024w, https:\/\/www.markusreisen.de\/prag\/wp-content\/uploads\/sites\/16\/2022\/08\/DSC05426_ShiftN-300x227.jpg 300w, https:\/\/www.markusreisen.de\/prag\/wp-content\/uploads\/sites\/16\/2022\/08\/DSC05426_ShiftN-768x581.jpg 768w, https:\/\/www.markusreisen.de\/prag\/wp-content\/uploads\/sites\/16\/2022\/08\/DSC05426_ShiftN-1536x1162.jpg 1536w, https:\/\/www.markusreisen.de\/prag\/wp-content\/uploads\/sites\/16\/2022\/08\/DSC05426_ShiftN-2048x1550.jpg 2048w\" sizes=\"auto, (max-width: 1024px) 100vw, 1024px\" \/><\/a><figcaption>Und oben auf dem H\u00fcgel steht der Prager Metronom (das Ding mit dem roten &#8222;Arm&#8220;). Ein Aussichtspunkt, zu dem man aber ganz sch\u00f6n klettern muss.<\/figcaption><\/figure>\n\n\n\n<figure class=\"wp-block-image size-large\"><a href=\"https:\/\/www.markusreisen.de\/prag\/wp-content\/uploads\/sites\/16\/2022\/08\/PXL_20220813_072623674-scaled.jpg\"><img loading=\"lazy\" decoding=\"async\" width=\"771\" height=\"1024\" src=\"http:\/\/www.markusreisen.de\/prag\/wp-content\/uploads\/sites\/16\/2022\/08\/PXL_20220813_072623674-771x1024.jpg\" alt=\"\" class=\"wp-image-52\" srcset=\"https:\/\/www.markusreisen.de\/prag\/wp-content\/uploads\/sites\/16\/2022\/08\/PXL_20220813_072623674-771x1024.jpg 771w, https:\/\/www.markusreisen.de\/prag\/wp-content\/uploads\/sites\/16\/2022\/08\/PXL_20220813_072623674-226x300.jpg 226w, https:\/\/www.markusreisen.de\/prag\/wp-content\/uploads\/sites\/16\/2022\/08\/PXL_20220813_072623674-768x1020.jpg 768w, https:\/\/www.markusreisen.de\/prag\/wp-content\/uploads\/sites\/16\/2022\/08\/PXL_20220813_072623674-1157x1536.jpg 1157w, https:\/\/www.markusreisen.de\/prag\/wp-content\/uploads\/sites\/16\/2022\/08\/PXL_20220813_072623674-1542x2048.jpg 1542w, https:\/\/www.markusreisen.de\/prag\/wp-content\/uploads\/sites\/16\/2022\/08\/PXL_20220813_072623674-scaled.jpg 1928w\" sizes=\"auto, (max-width: 771px) 100vw, 771px\" \/><\/a><figcaption>So sieht er dann aus der N\u00e4he aus. Leider gibt der Metronom keinen Takt vor, er bewegt sich nicht. Die Regenbogenfahne hat mit der Prague Pride Week zu tun, s.u. Von hier aus habe ich einige der Aussichten (s.o.) geschossen.<\/figcaption><\/figure>\n\n\n\n<p>Angesichts der ziemlich heftigen Treppenkletterei, die es brauchte, um zum Metronom zu kommen, war ich sehr darauf bedacht, die hart erk\u00e4mpften H\u00f6henmeter nicht ohne Not aufzugeben. Gl\u00fccklicherweise kann man oben im Park entlang gehen und kommt \u00fcber eine Br\u00fccke zum n\u00e4chsten H\u00fcgel.<\/p>\n\n\n\n<h3 class=\"wp-block-heading\">Lusthaus der K\u00f6nigin Anna und K\u00f6niglicher Garten<\/h3>\n\n\n\n<figure class=\"wp-block-image size-large\"><a href=\"https:\/\/www.markusreisen.de\/prag\/wp-content\/uploads\/sites\/16\/2022\/08\/DSC05446_ShiftN-scaled.jpg\"><img loading=\"lazy\" decoding=\"async\" width=\"1024\" height=\"697\" src=\"http:\/\/www.markusreisen.de\/prag\/wp-content\/uploads\/sites\/16\/2022\/08\/DSC05446_ShiftN-1024x697.jpg\" alt=\"\" class=\"wp-image-22\" srcset=\"https:\/\/www.markusreisen.de\/prag\/wp-content\/uploads\/sites\/16\/2022\/08\/DSC05446_ShiftN-1024x697.jpg 1024w, https:\/\/www.markusreisen.de\/prag\/wp-content\/uploads\/sites\/16\/2022\/08\/DSC05446_ShiftN-300x204.jpg 300w, https:\/\/www.markusreisen.de\/prag\/wp-content\/uploads\/sites\/16\/2022\/08\/DSC05446_ShiftN-768x523.jpg 768w, https:\/\/www.markusreisen.de\/prag\/wp-content\/uploads\/sites\/16\/2022\/08\/DSC05446_ShiftN-1536x1046.jpg 1536w, https:\/\/www.markusreisen.de\/prag\/wp-content\/uploads\/sites\/16\/2022\/08\/DSC05446_ShiftN-2048x1395.jpg 2048w\" sizes=\"auto, (max-width: 1024px) 100vw, 1024px\" \/><\/a><figcaption>Dort befindet sich besagtes k\u00f6nigliches Sommerhaus, ein Renaissanceschloss&#8230;<\/figcaption><\/figure>\n\n\n\n<figure class=\"wp-block-image size-large\"><a href=\"https:\/\/www.markusreisen.de\/prag\/wp-content\/uploads\/sites\/16\/2022\/08\/DSC05442-scaled.jpg\"><img loading=\"lazy\" decoding=\"async\" width=\"1024\" height=\"683\" src=\"http:\/\/www.markusreisen.de\/prag\/wp-content\/uploads\/sites\/16\/2022\/08\/DSC05442-1024x683.jpg\" alt=\"\" class=\"wp-image-21\" srcset=\"https:\/\/www.markusreisen.de\/prag\/wp-content\/uploads\/sites\/16\/2022\/08\/DSC05442-1024x683.jpg 1024w, https:\/\/www.markusreisen.de\/prag\/wp-content\/uploads\/sites\/16\/2022\/08\/DSC05442-300x200.jpg 300w, https:\/\/www.markusreisen.de\/prag\/wp-content\/uploads\/sites\/16\/2022\/08\/DSC05442-768x512.jpg 768w, https:\/\/www.markusreisen.de\/prag\/wp-content\/uploads\/sites\/16\/2022\/08\/DSC05442-1536x1024.jpg 1536w, https:\/\/www.markusreisen.de\/prag\/wp-content\/uploads\/sites\/16\/2022\/08\/DSC05442-2048x1365.jpg 2048w\" sizes=\"auto, (max-width: 1024px) 100vw, 1024px\" \/><\/a><figcaption>&#8230;inmitten des k\u00f6niglichen Gartens. Die Gartenanlage selbst ist nicht \u00fcbertrieben pr\u00e4chtig, aber da stehen eine Menge sehr alter B\u00e4ume.<\/figcaption><\/figure>\n\n\n\n<p>Aber der eigentliche Grund, da hin zu gehen, ist dass man nur durch den sog. &#8222;Hirschgraben&#8220; von der eigentlichen Prager Burg getrennt ist. Und von dieser Seite kann man wesentlich tollere Aufnahmen von der Prager Burg und vom Veitsdom machen als von unten. Der normale Tourist sieht die Burg und den Dom nur von unten oder von direkt davor, beides keine idealen Perspektiven.<\/p>\n\n\n\n<h3 class=\"wp-block-heading\">Prager Burg und Veitsdom<\/h3>\n\n\n\n<p>Von den G\u00e4rten aus hingegen kann man die riesige Anlage und Kirche zwar nicht in ihrer Gesamtheit fotografieren, aber eben doch wesentlich besser also von unten oder direkt davor: <\/p>\n\n\n\n<figure class=\"wp-block-image size-large\"><a href=\"https:\/\/www.markusreisen.de\/prag\/wp-content\/uploads\/sites\/16\/2022\/08\/DSC05448_ShiftN-scaled.jpg\"><img loading=\"lazy\" decoding=\"async\" width=\"1024\" height=\"697\" src=\"http:\/\/www.markusreisen.de\/prag\/wp-content\/uploads\/sites\/16\/2022\/08\/DSC05448_ShiftN-1024x697.jpg\" alt=\"\" class=\"wp-image-23\" srcset=\"https:\/\/www.markusreisen.de\/prag\/wp-content\/uploads\/sites\/16\/2022\/08\/DSC05448_ShiftN-1024x697.jpg 1024w, https:\/\/www.markusreisen.de\/prag\/wp-content\/uploads\/sites\/16\/2022\/08\/DSC05448_ShiftN-300x204.jpg 300w, https:\/\/www.markusreisen.de\/prag\/wp-content\/uploads\/sites\/16\/2022\/08\/DSC05448_ShiftN-768x523.jpg 768w, https:\/\/www.markusreisen.de\/prag\/wp-content\/uploads\/sites\/16\/2022\/08\/DSC05448_ShiftN-1536x1046.jpg 1536w, https:\/\/www.markusreisen.de\/prag\/wp-content\/uploads\/sites\/16\/2022\/08\/DSC05448_ShiftN-2048x1395.jpg 2048w\" sizes=\"auto, (max-width: 1024px) 100vw, 1024px\" \/><\/a><\/figure>\n\n\n\n<figure class=\"wp-block-image size-large\"><a href=\"https:\/\/www.markusreisen.de\/prag\/wp-content\/uploads\/sites\/16\/2022\/08\/DSC05449_ShiftN-scaled.jpg\"><img loading=\"lazy\" decoding=\"async\" width=\"1024\" height=\"755\" src=\"http:\/\/www.markusreisen.de\/prag\/wp-content\/uploads\/sites\/16\/2022\/08\/DSC05449_ShiftN-1024x755.jpg\" alt=\"\" class=\"wp-image-24\" srcset=\"https:\/\/www.markusreisen.de\/prag\/wp-content\/uploads\/sites\/16\/2022\/08\/DSC05449_ShiftN-1024x755.jpg 1024w, https:\/\/www.markusreisen.de\/prag\/wp-content\/uploads\/sites\/16\/2022\/08\/DSC05449_ShiftN-300x221.jpg 300w, https:\/\/www.markusreisen.de\/prag\/wp-content\/uploads\/sites\/16\/2022\/08\/DSC05449_ShiftN-768x566.jpg 768w, https:\/\/www.markusreisen.de\/prag\/wp-content\/uploads\/sites\/16\/2022\/08\/DSC05449_ShiftN-1536x1132.jpg 1536w, https:\/\/www.markusreisen.de\/prag\/wp-content\/uploads\/sites\/16\/2022\/08\/DSC05449_ShiftN-2048x1509.jpg 2048w\" sizes=\"auto, (max-width: 1024px) 100vw, 1024px\" \/><\/a><\/figure>\n\n\n\n<figure class=\"wp-block-image size-large\"><a href=\"https:\/\/www.markusreisen.de\/prag\/wp-content\/uploads\/sites\/16\/2022\/08\/PXL_20220813_081604095_ShiftN-scaled.jpg\"><img loading=\"lazy\" decoding=\"async\" width=\"1024\" height=\"883\" src=\"http:\/\/www.markusreisen.de\/prag\/wp-content\/uploads\/sites\/16\/2022\/08\/PXL_20220813_081604095_ShiftN-1024x883.jpg\" alt=\"\" class=\"wp-image-54\" srcset=\"https:\/\/www.markusreisen.de\/prag\/wp-content\/uploads\/sites\/16\/2022\/08\/PXL_20220813_081604095_ShiftN-1024x883.jpg 1024w, https:\/\/www.markusreisen.de\/prag\/wp-content\/uploads\/sites\/16\/2022\/08\/PXL_20220813_081604095_ShiftN-300x259.jpg 300w, https:\/\/www.markusreisen.de\/prag\/wp-content\/uploads\/sites\/16\/2022\/08\/PXL_20220813_081604095_ShiftN-768x663.jpg 768w, https:\/\/www.markusreisen.de\/prag\/wp-content\/uploads\/sites\/16\/2022\/08\/PXL_20220813_081604095_ShiftN-1536x1325.jpg 1536w, https:\/\/www.markusreisen.de\/prag\/wp-content\/uploads\/sites\/16\/2022\/08\/PXL_20220813_081604095_ShiftN-2048x1767.jpg 2048w\" sizes=\"auto, (max-width: 1024px) 100vw, 1024px\" \/><\/a><figcaption>Zwischenzeitlich kamen sogar mal ein paar Wolken auf&#8230;<\/figcaption><\/figure>\n\n\n\n<figure class=\"wp-block-image size-large\"><a href=\"https:\/\/www.markusreisen.de\/prag\/wp-content\/uploads\/sites\/16\/2022\/08\/PXL_20220813_081207412_ShiftN-scaled.jpg\"><img loading=\"lazy\" decoding=\"async\" width=\"1024\" height=\"787\" src=\"http:\/\/www.markusreisen.de\/prag\/wp-content\/uploads\/sites\/16\/2022\/08\/PXL_20220813_081207412_ShiftN-1024x787.jpg\" alt=\"\" class=\"wp-image-53\" srcset=\"https:\/\/www.markusreisen.de\/prag\/wp-content\/uploads\/sites\/16\/2022\/08\/PXL_20220813_081207412_ShiftN-1024x787.jpg 1024w, https:\/\/www.markusreisen.de\/prag\/wp-content\/uploads\/sites\/16\/2022\/08\/PXL_20220813_081207412_ShiftN-300x231.jpg 300w, https:\/\/www.markusreisen.de\/prag\/wp-content\/uploads\/sites\/16\/2022\/08\/PXL_20220813_081207412_ShiftN-768x591.jpg 768w, https:\/\/www.markusreisen.de\/prag\/wp-content\/uploads\/sites\/16\/2022\/08\/PXL_20220813_081207412_ShiftN-1536x1181.jpg 1536w, https:\/\/www.markusreisen.de\/prag\/wp-content\/uploads\/sites\/16\/2022\/08\/PXL_20220813_081207412_ShiftN-2048x1575.jpg 2048w\" sizes=\"auto, (max-width: 1024px) 100vw, 1024px\" \/><\/a><figcaption>&#8230;aber nur f\u00fcr den dramatischen Effekt.<\/figcaption><\/figure>\n\n\n\n<figure class=\"wp-block-image size-large\"><a href=\"https:\/\/www.markusreisen.de\/prag\/wp-content\/uploads\/sites\/16\/2022\/08\/PXL_20220813_082844211-scaled.jpg\"><img loading=\"lazy\" decoding=\"async\" width=\"1024\" height=\"771\" src=\"http:\/\/www.markusreisen.de\/prag\/wp-content\/uploads\/sites\/16\/2022\/08\/PXL_20220813_082844211-1024x771.jpg\" alt=\"\" class=\"wp-image-56\" srcset=\"https:\/\/www.markusreisen.de\/prag\/wp-content\/uploads\/sites\/16\/2022\/08\/PXL_20220813_082844211-1024x771.jpg 1024w, https:\/\/www.markusreisen.de\/prag\/wp-content\/uploads\/sites\/16\/2022\/08\/PXL_20220813_082844211-300x226.jpg 300w, https:\/\/www.markusreisen.de\/prag\/wp-content\/uploads\/sites\/16\/2022\/08\/PXL_20220813_082844211-768x578.jpg 768w, https:\/\/www.markusreisen.de\/prag\/wp-content\/uploads\/sites\/16\/2022\/08\/PXL_20220813_082844211-1536x1157.jpg 1536w, https:\/\/www.markusreisen.de\/prag\/wp-content\/uploads\/sites\/16\/2022\/08\/PXL_20220813_082844211-2048x1542.jpg 2048w\" sizes=\"auto, (max-width: 1024px) 100vw, 1024px\" \/><\/a><figcaption>Wenn man direkt zur Burg geht, kann man den Dom nur so fotografieren. Eine Korrektur der st\u00fcrzenden Linien f\u00fchrt dann zu extremen Verzerrungen.<\/figcaption><\/figure>\n\n\n\n<figure class=\"wp-block-image size-large\"><a href=\"https:\/\/www.markusreisen.de\/prag\/wp-content\/uploads\/sites\/16\/2022\/08\/PXL_20220813_082531163_ShiftN-scaled.jpg\"><img loading=\"lazy\" decoding=\"async\" width=\"742\" height=\"1024\" src=\"http:\/\/www.markusreisen.de\/prag\/wp-content\/uploads\/sites\/16\/2022\/08\/PXL_20220813_082531163_ShiftN-742x1024.jpg\" alt=\"\" class=\"wp-image-55\" srcset=\"https:\/\/www.markusreisen.de\/prag\/wp-content\/uploads\/sites\/16\/2022\/08\/PXL_20220813_082531163_ShiftN-742x1024.jpg 742w, https:\/\/www.markusreisen.de\/prag\/wp-content\/uploads\/sites\/16\/2022\/08\/PXL_20220813_082531163_ShiftN-218x300.jpg 218w, https:\/\/www.markusreisen.de\/prag\/wp-content\/uploads\/sites\/16\/2022\/08\/PXL_20220813_082531163_ShiftN-768x1059.jpg 768w, https:\/\/www.markusreisen.de\/prag\/wp-content\/uploads\/sites\/16\/2022\/08\/PXL_20220813_082531163_ShiftN-1114x1536.jpg 1114w, https:\/\/www.markusreisen.de\/prag\/wp-content\/uploads\/sites\/16\/2022\/08\/PXL_20220813_082531163_ShiftN-1485x2048.jpg 1485w, https:\/\/www.markusreisen.de\/prag\/wp-content\/uploads\/sites\/16\/2022\/08\/PXL_20220813_082531163_ShiftN-scaled.jpg 1856w\" sizes=\"auto, (max-width: 742px) 100vw, 742px\" \/><\/a><figcaption>Ich bin nicht in die verschiedenen Museen und Ausstellungen in der Burg rein, auch weil ich da 2011 schon mal war. Aber hier zumindest ein Buntglasfenster im Veitsdom.<\/figcaption><\/figure>\n\n\n\n<p>Hier noch ein paar weitere Ansichten der weitl\u00e4ufigen Burganlage:<\/p>\n\n\n\n<figure class=\"wp-block-image size-large\"><a href=\"https:\/\/www.markusreisen.de\/prag\/wp-content\/uploads\/sites\/16\/2022\/08\/DSC05451-scaled.jpg\"><img loading=\"lazy\" decoding=\"async\" width=\"1024\" height=\"683\" src=\"http:\/\/www.markusreisen.de\/prag\/wp-content\/uploads\/sites\/16\/2022\/08\/DSC05451-1024x683.jpg\" alt=\"\" class=\"wp-image-25\" srcset=\"https:\/\/www.markusreisen.de\/prag\/wp-content\/uploads\/sites\/16\/2022\/08\/DSC05451-1024x683.jpg 1024w, https:\/\/www.markusreisen.de\/prag\/wp-content\/uploads\/sites\/16\/2022\/08\/DSC05451-300x200.jpg 300w, https:\/\/www.markusreisen.de\/prag\/wp-content\/uploads\/sites\/16\/2022\/08\/DSC05451-768x512.jpg 768w, https:\/\/www.markusreisen.de\/prag\/wp-content\/uploads\/sites\/16\/2022\/08\/DSC05451-1536x1024.jpg 1536w, https:\/\/www.markusreisen.de\/prag\/wp-content\/uploads\/sites\/16\/2022\/08\/DSC05451-2048x1365.jpg 2048w\" sizes=\"auto, (max-width: 1024px) 100vw, 1024px\" \/><\/a><\/figure>\n\n\n\n<figure class=\"wp-block-image size-large\"><a href=\"https:\/\/www.markusreisen.de\/prag\/wp-content\/uploads\/sites\/16\/2022\/08\/DSC05452_ShiftN-scaled.jpg\"><img loading=\"lazy\" decoding=\"async\" width=\"1024\" height=\"683\" src=\"http:\/\/www.markusreisen.de\/prag\/wp-content\/uploads\/sites\/16\/2022\/08\/DSC05452_ShiftN-1024x683.jpg\" alt=\"\" class=\"wp-image-26\" srcset=\"https:\/\/www.markusreisen.de\/prag\/wp-content\/uploads\/sites\/16\/2022\/08\/DSC05452_ShiftN-1024x683.jpg 1024w, https:\/\/www.markusreisen.de\/prag\/wp-content\/uploads\/sites\/16\/2022\/08\/DSC05452_ShiftN-300x200.jpg 300w, https:\/\/www.markusreisen.de\/prag\/wp-content\/uploads\/sites\/16\/2022\/08\/DSC05452_ShiftN-768x513.jpg 768w, https:\/\/www.markusreisen.de\/prag\/wp-content\/uploads\/sites\/16\/2022\/08\/DSC05452_ShiftN-1536x1025.jpg 1536w, https:\/\/www.markusreisen.de\/prag\/wp-content\/uploads\/sites\/16\/2022\/08\/DSC05452_ShiftN-2048x1367.jpg 2048w\" sizes=\"auto, (max-width: 1024px) 100vw, 1024px\" \/><\/a><\/figure>\n\n\n\n<figure class=\"wp-block-image size-large\"><a href=\"https:\/\/www.markusreisen.de\/prag\/wp-content\/uploads\/sites\/16\/2022\/08\/DSC05456_ShiftN-scaled.jpg\"><img loading=\"lazy\" decoding=\"async\" width=\"1024\" height=\"743\" src=\"http:\/\/www.markusreisen.de\/prag\/wp-content\/uploads\/sites\/16\/2022\/08\/DSC05456_ShiftN-1024x743.jpg\" alt=\"\" class=\"wp-image-27\" srcset=\"https:\/\/www.markusreisen.de\/prag\/wp-content\/uploads\/sites\/16\/2022\/08\/DSC05456_ShiftN-1024x743.jpg 1024w, https:\/\/www.markusreisen.de\/prag\/wp-content\/uploads\/sites\/16\/2022\/08\/DSC05456_ShiftN-300x218.jpg 300w, https:\/\/www.markusreisen.de\/prag\/wp-content\/uploads\/sites\/16\/2022\/08\/DSC05456_ShiftN-768x557.jpg 768w, https:\/\/www.markusreisen.de\/prag\/wp-content\/uploads\/sites\/16\/2022\/08\/DSC05456_ShiftN-1536x1114.jpg 1536w, https:\/\/www.markusreisen.de\/prag\/wp-content\/uploads\/sites\/16\/2022\/08\/DSC05456_ShiftN-2048x1485.jpg 2048w\" sizes=\"auto, (max-width: 1024px) 100vw, 1024px\" \/><\/a><\/figure>\n\n\n\n<figure class=\"wp-block-image size-large\"><a href=\"https:\/\/www.markusreisen.de\/prag\/wp-content\/uploads\/sites\/16\/2022\/08\/DSC05457_ShiftN-scaled.jpg\"><img loading=\"lazy\" decoding=\"async\" width=\"1024\" height=\"705\" src=\"http:\/\/www.markusreisen.de\/prag\/wp-content\/uploads\/sites\/16\/2022\/08\/DSC05457_ShiftN-1024x705.jpg\" alt=\"\" class=\"wp-image-28\" srcset=\"https:\/\/www.markusreisen.de\/prag\/wp-content\/uploads\/sites\/16\/2022\/08\/DSC05457_ShiftN-1024x705.jpg 1024w, https:\/\/www.markusreisen.de\/prag\/wp-content\/uploads\/sites\/16\/2022\/08\/DSC05457_ShiftN-300x207.jpg 300w, https:\/\/www.markusreisen.de\/prag\/wp-content\/uploads\/sites\/16\/2022\/08\/DSC05457_ShiftN-768x529.jpg 768w, https:\/\/www.markusreisen.de\/prag\/wp-content\/uploads\/sites\/16\/2022\/08\/DSC05457_ShiftN-1536x1057.jpg 1536w, https:\/\/www.markusreisen.de\/prag\/wp-content\/uploads\/sites\/16\/2022\/08\/DSC05457_ShiftN-2048x1410.jpg 2048w\" sizes=\"auto, (max-width: 1024px) 100vw, 1024px\" \/><\/a><\/figure>\n\n\n\n<h3 class=\"wp-block-heading\">G\u00e4rten der Burg<\/h3>\n\n\n\n<p>Von der Burg aus geht man dann wieder einen steilen Weg runter ins Tal. Von dort aus wiederum kann man zu den G\u00e4rten der Burg &#8211; das sind allerdings nicht die k\u00f6niglichen G\u00e4rten, sondern vielmehr die der Adeligen und Reichen, die sich an den H\u00e4ngen des Burgh\u00fcgels Anwesen errichteten. Es steht auch am Eingang ganz dick und fett, dass man von hier aus nicht zur Burg kommt. Gute Warnung, denn die Kletterei ist substantiell und wer meint, hier eine Abk\u00fcrzung zur Burg zu finden, wird sich ganz sch\u00f6n \u00e4rgern. Hier ein paar Eindr\u00fccke:<\/p>\n\n\n\n<figure class=\"wp-block-image size-large\"><a href=\"https:\/\/www.markusreisen.de\/prag\/wp-content\/uploads\/sites\/16\/2022\/08\/DSC05460-scaled.jpg\"><img loading=\"lazy\" decoding=\"async\" width=\"1024\" height=\"683\" src=\"http:\/\/www.markusreisen.de\/prag\/wp-content\/uploads\/sites\/16\/2022\/08\/DSC05460-1024x683.jpg\" alt=\"\" class=\"wp-image-29\" srcset=\"https:\/\/www.markusreisen.de\/prag\/wp-content\/uploads\/sites\/16\/2022\/08\/DSC05460-1024x683.jpg 1024w, https:\/\/www.markusreisen.de\/prag\/wp-content\/uploads\/sites\/16\/2022\/08\/DSC05460-300x200.jpg 300w, https:\/\/www.markusreisen.de\/prag\/wp-content\/uploads\/sites\/16\/2022\/08\/DSC05460-768x512.jpg 768w, https:\/\/www.markusreisen.de\/prag\/wp-content\/uploads\/sites\/16\/2022\/08\/DSC05460-1536x1024.jpg 1536w, https:\/\/www.markusreisen.de\/prag\/wp-content\/uploads\/sites\/16\/2022\/08\/DSC05460-2048x1365.jpg 2048w\" sizes=\"auto, (max-width: 1024px) 100vw, 1024px\" \/><\/a><\/figure>\n\n\n\n<figure class=\"wp-block-image size-large\"><a href=\"https:\/\/www.markusreisen.de\/prag\/wp-content\/uploads\/sites\/16\/2022\/08\/DSC05462_ShiftN-scaled.jpg\"><img loading=\"lazy\" decoding=\"async\" width=\"1024\" height=\"708\" src=\"http:\/\/www.markusreisen.de\/prag\/wp-content\/uploads\/sites\/16\/2022\/08\/DSC05462_ShiftN-1024x708.jpg\" alt=\"\" class=\"wp-image-30\" srcset=\"https:\/\/www.markusreisen.de\/prag\/wp-content\/uploads\/sites\/16\/2022\/08\/DSC05462_ShiftN-1024x708.jpg 1024w, https:\/\/www.markusreisen.de\/prag\/wp-content\/uploads\/sites\/16\/2022\/08\/DSC05462_ShiftN-300x207.jpg 300w, https:\/\/www.markusreisen.de\/prag\/wp-content\/uploads\/sites\/16\/2022\/08\/DSC05462_ShiftN-768x531.jpg 768w, https:\/\/www.markusreisen.de\/prag\/wp-content\/uploads\/sites\/16\/2022\/08\/DSC05462_ShiftN-1536x1062.jpg 1536w, https:\/\/www.markusreisen.de\/prag\/wp-content\/uploads\/sites\/16\/2022\/08\/DSC05462_ShiftN-2048x1416.jpg 2048w\" sizes=\"auto, (max-width: 1024px) 100vw, 1024px\" \/><\/a><\/figure>\n\n\n\n<figure class=\"wp-block-image size-large\"><a href=\"https:\/\/www.markusreisen.de\/prag\/wp-content\/uploads\/sites\/16\/2022\/08\/DSC05465_ShiftN-scaled.jpg\"><img loading=\"lazy\" decoding=\"async\" width=\"1024\" height=\"708\" src=\"http:\/\/www.markusreisen.de\/prag\/wp-content\/uploads\/sites\/16\/2022\/08\/DSC05465_ShiftN-1024x708.jpg\" alt=\"\" class=\"wp-image-31\" srcset=\"https:\/\/www.markusreisen.de\/prag\/wp-content\/uploads\/sites\/16\/2022\/08\/DSC05465_ShiftN-1024x708.jpg 1024w, https:\/\/www.markusreisen.de\/prag\/wp-content\/uploads\/sites\/16\/2022\/08\/DSC05465_ShiftN-300x207.jpg 300w, https:\/\/www.markusreisen.de\/prag\/wp-content\/uploads\/sites\/16\/2022\/08\/DSC05465_ShiftN-768x531.jpg 768w, https:\/\/www.markusreisen.de\/prag\/wp-content\/uploads\/sites\/16\/2022\/08\/DSC05465_ShiftN-1536x1062.jpg 1536w, https:\/\/www.markusreisen.de\/prag\/wp-content\/uploads\/sites\/16\/2022\/08\/DSC05465_ShiftN-2048x1416.jpg 2048w\" sizes=\"auto, (max-width: 1024px) 100vw, 1024px\" \/><\/a><\/figure>\n\n\n\n<figure class=\"wp-block-image size-large\"><a href=\"https:\/\/www.markusreisen.de\/prag\/wp-content\/uploads\/sites\/16\/2022\/08\/DSC05467-scaled.jpg\"><img loading=\"lazy\" decoding=\"async\" width=\"1024\" height=\"683\" src=\"http:\/\/www.markusreisen.de\/prag\/wp-content\/uploads\/sites\/16\/2022\/08\/DSC05467-1024x683.jpg\" alt=\"\" class=\"wp-image-32\" srcset=\"https:\/\/www.markusreisen.de\/prag\/wp-content\/uploads\/sites\/16\/2022\/08\/DSC05467-1024x683.jpg 1024w, https:\/\/www.markusreisen.de\/prag\/wp-content\/uploads\/sites\/16\/2022\/08\/DSC05467-300x200.jpg 300w, https:\/\/www.markusreisen.de\/prag\/wp-content\/uploads\/sites\/16\/2022\/08\/DSC05467-768x512.jpg 768w, https:\/\/www.markusreisen.de\/prag\/wp-content\/uploads\/sites\/16\/2022\/08\/DSC05467-1536x1024.jpg 1536w, https:\/\/www.markusreisen.de\/prag\/wp-content\/uploads\/sites\/16\/2022\/08\/DSC05467-2048x1365.jpg 2048w\" sizes=\"auto, (max-width: 1024px) 100vw, 1024px\" \/><\/a><\/figure>\n\n\n\n<figure class=\"wp-block-image size-large\"><a href=\"https:\/\/www.markusreisen.de\/prag\/wp-content\/uploads\/sites\/16\/2022\/08\/DSC05469_ShiftN-scaled.jpg\"><img loading=\"lazy\" decoding=\"async\" width=\"1024\" height=\"686\" src=\"http:\/\/www.markusreisen.de\/prag\/wp-content\/uploads\/sites\/16\/2022\/08\/DSC05469_ShiftN-1024x686.jpg\" alt=\"\" class=\"wp-image-33\" srcset=\"https:\/\/www.markusreisen.de\/prag\/wp-content\/uploads\/sites\/16\/2022\/08\/DSC05469_ShiftN-1024x686.jpg 1024w, https:\/\/www.markusreisen.de\/prag\/wp-content\/uploads\/sites\/16\/2022\/08\/DSC05469_ShiftN-300x201.jpg 300w, https:\/\/www.markusreisen.de\/prag\/wp-content\/uploads\/sites\/16\/2022\/08\/DSC05469_ShiftN-768x514.jpg 768w, https:\/\/www.markusreisen.de\/prag\/wp-content\/uploads\/sites\/16\/2022\/08\/DSC05469_ShiftN-1536x1028.jpg 1536w, https:\/\/www.markusreisen.de\/prag\/wp-content\/uploads\/sites\/16\/2022\/08\/DSC05469_ShiftN-2048x1371.jpg 2048w\" sizes=\"auto, (max-width: 1024px) 100vw, 1024px\" \/><\/a><\/figure>\n\n\n\n<h3 class=\"wp-block-heading\">Neustadt<\/h3>\n\n\n\n<p>Die meisten Touris kommen \u00fcber die Altstadt plus Kleinseite und Burg nicht hinaus, doch Prag ist nat\u00fcrlich noch viel gr\u00f6\u00dfer. Auch die sog. Neustadt ist ziemlich alt und geht bis ins Mittelalter und die fr\u00fche Neuzeit zur\u00fcck. <\/p>\n\n\n\n<figure class=\"wp-block-image size-large\"><a href=\"https:\/\/www.markusreisen.de\/prag\/wp-content\/uploads\/sites\/16\/2022\/08\/DSC05373_ShiftN-scaled.jpg\"><img loading=\"lazy\" decoding=\"async\" width=\"1024\" height=\"686\" src=\"http:\/\/www.markusreisen.de\/prag\/wp-content\/uploads\/sites\/16\/2022\/08\/DSC05373_ShiftN-1024x686.jpg\" alt=\"\" class=\"wp-image-8\" srcset=\"https:\/\/www.markusreisen.de\/prag\/wp-content\/uploads\/sites\/16\/2022\/08\/DSC05373_ShiftN-1024x686.jpg 1024w, https:\/\/www.markusreisen.de\/prag\/wp-content\/uploads\/sites\/16\/2022\/08\/DSC05373_ShiftN-300x201.jpg 300w, https:\/\/www.markusreisen.de\/prag\/wp-content\/uploads\/sites\/16\/2022\/08\/DSC05373_ShiftN-768x515.jpg 768w, https:\/\/www.markusreisen.de\/prag\/wp-content\/uploads\/sites\/16\/2022\/08\/DSC05373_ShiftN-1536x1029.jpg 1536w, https:\/\/www.markusreisen.de\/prag\/wp-content\/uploads\/sites\/16\/2022\/08\/DSC05373_ShiftN-2048x1372.jpg 2048w\" sizes=\"auto, (max-width: 1024px) 100vw, 1024px\" \/><\/a><figcaption>Eigentlich geht man nach Prag ja vor allem wegen der wirklich pr\u00e4chtigen Architektur vergangener Zeiten. Aber es gibt auch Modernes&#8230;<\/figcaption><\/figure>\n\n\n\n<figure class=\"wp-block-image size-large\"><a href=\"https:\/\/www.markusreisen.de\/prag\/wp-content\/uploads\/sites\/16\/2022\/08\/DSC05382_ShiftN-scaled.jpg\"><img loading=\"lazy\" decoding=\"async\" width=\"1024\" height=\"698\" src=\"http:\/\/www.markusreisen.de\/prag\/wp-content\/uploads\/sites\/16\/2022\/08\/DSC05382_ShiftN-1024x698.jpg\" alt=\"\" class=\"wp-image-9\" srcset=\"https:\/\/www.markusreisen.de\/prag\/wp-content\/uploads\/sites\/16\/2022\/08\/DSC05382_ShiftN-1024x698.jpg 1024w, https:\/\/www.markusreisen.de\/prag\/wp-content\/uploads\/sites\/16\/2022\/08\/DSC05382_ShiftN-300x204.jpg 300w, https:\/\/www.markusreisen.de\/prag\/wp-content\/uploads\/sites\/16\/2022\/08\/DSC05382_ShiftN-768x523.jpg 768w, https:\/\/www.markusreisen.de\/prag\/wp-content\/uploads\/sites\/16\/2022\/08\/DSC05382_ShiftN-1536x1047.jpg 1536w, https:\/\/www.markusreisen.de\/prag\/wp-content\/uploads\/sites\/16\/2022\/08\/DSC05382_ShiftN-2048x1396.jpg 2048w\" sizes=\"auto, (max-width: 1024px) 100vw, 1024px\" \/><\/a><figcaption>&#8230;wie das sog. Tanzende Haus am Moldauufer der Prager Neustadt. Hat sich aber ganz gut in das bestehende Ensemble eingef\u00fcgt, finde ich.<\/figcaption><\/figure>\n\n\n\n<figure class=\"wp-block-image size-large\"><a href=\"https:\/\/www.markusreisen.de\/prag\/wp-content\/uploads\/sites\/16\/2022\/08\/PXL_20220813_110507831_ShiftN-scaled.jpg\"><img loading=\"lazy\" decoding=\"async\" width=\"637\" height=\"1024\" src=\"http:\/\/www.markusreisen.de\/prag\/wp-content\/uploads\/sites\/16\/2022\/08\/PXL_20220813_110507831_ShiftN-637x1024.jpg\" alt=\"\" class=\"wp-image-63\" srcset=\"https:\/\/www.markusreisen.de\/prag\/wp-content\/uploads\/sites\/16\/2022\/08\/PXL_20220813_110507831_ShiftN-637x1024.jpg 637w, https:\/\/www.markusreisen.de\/prag\/wp-content\/uploads\/sites\/16\/2022\/08\/PXL_20220813_110507831_ShiftN-187x300.jpg 187w, https:\/\/www.markusreisen.de\/prag\/wp-content\/uploads\/sites\/16\/2022\/08\/PXL_20220813_110507831_ShiftN-768x1234.jpg 768w, https:\/\/www.markusreisen.de\/prag\/wp-content\/uploads\/sites\/16\/2022\/08\/PXL_20220813_110507831_ShiftN-956x1536.jpg 956w, https:\/\/www.markusreisen.de\/prag\/wp-content\/uploads\/sites\/16\/2022\/08\/PXL_20220813_110507831_ShiftN-1275x2048.jpg 1275w, https:\/\/www.markusreisen.de\/prag\/wp-content\/uploads\/sites\/16\/2022\/08\/PXL_20220813_110507831_ShiftN-scaled.jpg 1594w\" sizes=\"auto, (max-width: 637px) 100vw, 637px\" \/><\/a><figcaption>Auch in der Neustadt gibt es klassische Prachtfassaden.<\/figcaption><\/figure>\n\n\n\n<figure class=\"wp-block-image size-large\"><a href=\"https:\/\/www.markusreisen.de\/prag\/wp-content\/uploads\/sites\/16\/2022\/08\/PXL_20220814_100953360_ShiftN-scaled.jpg\"><img loading=\"lazy\" decoding=\"async\" width=\"1024\" height=\"785\" src=\"http:\/\/www.markusreisen.de\/prag\/wp-content\/uploads\/sites\/16\/2022\/08\/PXL_20220814_100953360_ShiftN-1024x785.jpg\" alt=\"\" class=\"wp-image-86\" srcset=\"https:\/\/www.markusreisen.de\/prag\/wp-content\/uploads\/sites\/16\/2022\/08\/PXL_20220814_100953360_ShiftN-1024x785.jpg 1024w, https:\/\/www.markusreisen.de\/prag\/wp-content\/uploads\/sites\/16\/2022\/08\/PXL_20220814_100953360_ShiftN-300x230.jpg 300w, https:\/\/www.markusreisen.de\/prag\/wp-content\/uploads\/sites\/16\/2022\/08\/PXL_20220814_100953360_ShiftN-768x589.jpg 768w, https:\/\/www.markusreisen.de\/prag\/wp-content\/uploads\/sites\/16\/2022\/08\/PXL_20220814_100953360_ShiftN-1536x1177.jpg 1536w, https:\/\/www.markusreisen.de\/prag\/wp-content\/uploads\/sites\/16\/2022\/08\/PXL_20220814_100953360_ShiftN-2048x1570.jpg 2048w\" sizes=\"auto, (max-width: 1024px) 100vw, 1024px\" \/><\/a><figcaption>In der Neustadt befindet sich auch der Wenzelsplatz, eher so eine Mischung aus Platz und Prachtstra\u00dfe. Sieht nicht unbedingt spektakul\u00e4r aus, hat aber viel Raum f\u00fcr gro\u00dfe \u00f6ffentliche Veranstaltungen und vor allem auch Demonstrationen, so wie 1968 und 1989. Nach dem Ende des Prager Fr\u00fchlings 1968 wurden die Zufahrtstra\u00dfen so erweitert, dass Panzer gut hingelangen k\u00f6nnen. Gl\u00fccklicherweise rollten die dann 1989 nicht.<\/figcaption><\/figure>\n\n\n\n<figure class=\"wp-block-image size-large\"><a href=\"https:\/\/www.markusreisen.de\/prag\/wp-content\/uploads\/sites\/16\/2022\/08\/PXL_20220814_100910181_ShiftN-scaled.jpg\"><img loading=\"lazy\" decoding=\"async\" width=\"1024\" height=\"682\" src=\"http:\/\/www.markusreisen.de\/prag\/wp-content\/uploads\/sites\/16\/2022\/08\/PXL_20220814_100910181_ShiftN-1024x682.jpg\" alt=\"\" class=\"wp-image-85\" srcset=\"https:\/\/www.markusreisen.de\/prag\/wp-content\/uploads\/sites\/16\/2022\/08\/PXL_20220814_100910181_ShiftN-1024x682.jpg 1024w, https:\/\/www.markusreisen.de\/prag\/wp-content\/uploads\/sites\/16\/2022\/08\/PXL_20220814_100910181_ShiftN-300x200.jpg 300w, https:\/\/www.markusreisen.de\/prag\/wp-content\/uploads\/sites\/16\/2022\/08\/PXL_20220814_100910181_ShiftN-768x511.jpg 768w, https:\/\/www.markusreisen.de\/prag\/wp-content\/uploads\/sites\/16\/2022\/08\/PXL_20220814_100910181_ShiftN-1536x1023.jpg 1536w, https:\/\/www.markusreisen.de\/prag\/wp-content\/uploads\/sites\/16\/2022\/08\/PXL_20220814_100910181_ShiftN-2048x1364.jpg 2048w\" sizes=\"auto, (max-width: 1024px) 100vw, 1024px\" \/><\/a><figcaption>Nochmal der Wenzelsplatz in die andere Richtung fotografiert. Hinten das Nationalmuseum und davor die Reiterstatue des besagten <a href=\"https:\/\/de.wikipedia.org\/wiki\/Wenzel_von_B%C3%B6hmen\" data-type=\"URL\" data-id=\"https:\/\/de.wikipedia.org\/wiki\/Wenzel_von_B%C3%B6hmen\" target=\"_blank\" rel=\"noreferrer noopener\">Heiligen Wenzel von B\u00f6hmen<\/a>.<\/figcaption><\/figure>\n\n\n\n<h3 class=\"wp-block-heading\">Vy\u0161ehrad (Prager Hochburg)<\/h3>\n\n\n\n<p>Die Prager Burg ist bekannter, aber die eigentliche Festung Prags war der <a rel=\"noreferrer noopener\" href=\"https:\/\/de.wikipedia.org\/wiki\/Vy%C5%A1ehrad\" data-type=\"URL\" data-id=\"https:\/\/de.wikipedia.org\/wiki\/Vy%C5%A1ehrad\" target=\"_blank\">Vy\u0161ehrad<\/a>, der auch deutlich \u00e4lter ist und aufs 10. Jahrhundert zur\u00fcckgeht. Sie ist s\u00fcdlich der Neustadt am \u00f6stlichen Moldauufer gelegen. Allerdings wurde es im Laufe des 17. Jahrhunderts immer klarer, dass diese Befestigung nicht mehr viel bringt, entsprechend sieht das Ganze aus der Ferne nicht so beeindruckend aus wie die Prager Burg mit dem Veitsdom. <\/p>\n\n\n\n<figure class=\"wp-block-image size-large\"><a href=\"https:\/\/www.markusreisen.de\/prag\/wp-content\/uploads\/sites\/16\/2022\/08\/PXL_20220814_075844877_ShiftN-scaled.jpg\"><img loading=\"lazy\" decoding=\"async\" width=\"1024\" height=\"893\" src=\"http:\/\/www.markusreisen.de\/prag\/wp-content\/uploads\/sites\/16\/2022\/08\/PXL_20220814_075844877_ShiftN-1024x893.jpg\" alt=\"\" class=\"wp-image-76\" srcset=\"https:\/\/www.markusreisen.de\/prag\/wp-content\/uploads\/sites\/16\/2022\/08\/PXL_20220814_075844877_ShiftN-1024x893.jpg 1024w, https:\/\/www.markusreisen.de\/prag\/wp-content\/uploads\/sites\/16\/2022\/08\/PXL_20220814_075844877_ShiftN-300x262.jpg 300w, https:\/\/www.markusreisen.de\/prag\/wp-content\/uploads\/sites\/16\/2022\/08\/PXL_20220814_075844877_ShiftN-768x670.jpg 768w, https:\/\/www.markusreisen.de\/prag\/wp-content\/uploads\/sites\/16\/2022\/08\/PXL_20220814_075844877_ShiftN-1536x1339.jpg 1536w, https:\/\/www.markusreisen.de\/prag\/wp-content\/uploads\/sites\/16\/2022\/08\/PXL_20220814_075844877_ShiftN-2048x1786.jpg 2048w\" sizes=\"auto, (max-width: 1024px) 100vw, 1024px\" \/><\/a><figcaption>Aber es gibt immer noch Tore&#8230;<\/figcaption><\/figure>\n\n\n\n<figure class=\"wp-block-image size-large\"><a href=\"https:\/\/www.markusreisen.de\/prag\/wp-content\/uploads\/sites\/16\/2022\/08\/PXL_20220814_083504866_ShiftN-scaled.jpg\"><img loading=\"lazy\" decoding=\"async\" width=\"936\" height=\"1024\" src=\"http:\/\/www.markusreisen.de\/prag\/wp-content\/uploads\/sites\/16\/2022\/08\/PXL_20220814_083504866_ShiftN-936x1024.jpg\" alt=\"\" class=\"wp-image-81\" srcset=\"https:\/\/www.markusreisen.de\/prag\/wp-content\/uploads\/sites\/16\/2022\/08\/PXL_20220814_083504866_ShiftN-936x1024.jpg 936w, https:\/\/www.markusreisen.de\/prag\/wp-content\/uploads\/sites\/16\/2022\/08\/PXL_20220814_083504866_ShiftN-274x300.jpg 274w, https:\/\/www.markusreisen.de\/prag\/wp-content\/uploads\/sites\/16\/2022\/08\/PXL_20220814_083504866_ShiftN-768x840.jpg 768w, https:\/\/www.markusreisen.de\/prag\/wp-content\/uploads\/sites\/16\/2022\/08\/PXL_20220814_083504866_ShiftN-1405x1536.jpg 1405w, https:\/\/www.markusreisen.de\/prag\/wp-content\/uploads\/sites\/16\/2022\/08\/PXL_20220814_083504866_ShiftN-1873x2048.jpg 1873w\" sizes=\"auto, (max-width: 936px) 100vw, 936px\" \/><\/a><figcaption>&#8230;und Mauern.<\/figcaption><\/figure>\n\n\n\n<p>Und in den Mauern gibt es Kasematten &#8211; das hat nichts mit K\u00e4seherstellung zu tun, es handelt sich vielmehr um G\u00e4nge innerhalb der dicken Mauern zur schnellen Verlegung von Truppen.<\/p>\n\n\n\n<figure class=\"wp-block-image size-large\"><a href=\"https:\/\/www.markusreisen.de\/prag\/wp-content\/uploads\/sites\/16\/2022\/08\/PXL_20220814_083123619-scaled.jpg\"><img loading=\"lazy\" decoding=\"async\" width=\"771\" height=\"1024\" src=\"http:\/\/www.markusreisen.de\/prag\/wp-content\/uploads\/sites\/16\/2022\/08\/PXL_20220814_083123619-771x1024.jpg\" alt=\"\" class=\"wp-image-80\" srcset=\"https:\/\/www.markusreisen.de\/prag\/wp-content\/uploads\/sites\/16\/2022\/08\/PXL_20220814_083123619-771x1024.jpg 771w, https:\/\/www.markusreisen.de\/prag\/wp-content\/uploads\/sites\/16\/2022\/08\/PXL_20220814_083123619-226x300.jpg 226w, https:\/\/www.markusreisen.de\/prag\/wp-content\/uploads\/sites\/16\/2022\/08\/PXL_20220814_083123619-768x1020.jpg 768w, https:\/\/www.markusreisen.de\/prag\/wp-content\/uploads\/sites\/16\/2022\/08\/PXL_20220814_083123619-1157x1536.jpg 1157w, https:\/\/www.markusreisen.de\/prag\/wp-content\/uploads\/sites\/16\/2022\/08\/PXL_20220814_083123619-1542x2048.jpg 1542w, https:\/\/www.markusreisen.de\/prag\/wp-content\/uploads\/sites\/16\/2022\/08\/PXL_20220814_083123619-scaled.jpg 1928w\" sizes=\"auto, (max-width: 771px) 100vw, 771px\" \/><\/a><figcaption>Und die kann man besichtigen.<\/figcaption><\/figure>\n\n\n\n<figure class=\"wp-block-image size-large\"><a href=\"https:\/\/www.markusreisen.de\/prag\/wp-content\/uploads\/sites\/16\/2022\/08\/PXL_20220814_081035678-scaled.jpg\"><img loading=\"lazy\" decoding=\"async\" width=\"771\" height=\"1024\" src=\"http:\/\/www.markusreisen.de\/prag\/wp-content\/uploads\/sites\/16\/2022\/08\/PXL_20220814_081035678-771x1024.jpg\" alt=\"\" class=\"wp-image-77\" srcset=\"https:\/\/www.markusreisen.de\/prag\/wp-content\/uploads\/sites\/16\/2022\/08\/PXL_20220814_081035678-771x1024.jpg 771w, https:\/\/www.markusreisen.de\/prag\/wp-content\/uploads\/sites\/16\/2022\/08\/PXL_20220814_081035678-226x300.jpg 226w, https:\/\/www.markusreisen.de\/prag\/wp-content\/uploads\/sites\/16\/2022\/08\/PXL_20220814_081035678-768x1020.jpg 768w, https:\/\/www.markusreisen.de\/prag\/wp-content\/uploads\/sites\/16\/2022\/08\/PXL_20220814_081035678-1157x1536.jpg 1157w, https:\/\/www.markusreisen.de\/prag\/wp-content\/uploads\/sites\/16\/2022\/08\/PXL_20220814_081035678-1542x2048.jpg 1542w, https:\/\/www.markusreisen.de\/prag\/wp-content\/uploads\/sites\/16\/2022\/08\/PXL_20220814_081035678-scaled.jpg 1928w\" sizes=\"auto, (max-width: 771px) 100vw, 771px\" \/><\/a><\/figure>\n\n\n\n<figure class=\"wp-block-image size-large\"><a href=\"https:\/\/www.markusreisen.de\/prag\/wp-content\/uploads\/sites\/16\/2022\/08\/PXL_20220814_081615295_ShiftN-scaled.jpg\"><img loading=\"lazy\" decoding=\"async\" width=\"1024\" height=\"827\" src=\"http:\/\/www.markusreisen.de\/prag\/wp-content\/uploads\/sites\/16\/2022\/08\/PXL_20220814_081615295_ShiftN-1024x827.jpg\" alt=\"\" class=\"wp-image-78\" srcset=\"https:\/\/www.markusreisen.de\/prag\/wp-content\/uploads\/sites\/16\/2022\/08\/PXL_20220814_081615295_ShiftN-1024x827.jpg 1024w, https:\/\/www.markusreisen.de\/prag\/wp-content\/uploads\/sites\/16\/2022\/08\/PXL_20220814_081615295_ShiftN-300x242.jpg 300w, https:\/\/www.markusreisen.de\/prag\/wp-content\/uploads\/sites\/16\/2022\/08\/PXL_20220814_081615295_ShiftN-768x621.jpg 768w, https:\/\/www.markusreisen.de\/prag\/wp-content\/uploads\/sites\/16\/2022\/08\/PXL_20220814_081615295_ShiftN-1536x1241.jpg 1536w, https:\/\/www.markusreisen.de\/prag\/wp-content\/uploads\/sites\/16\/2022\/08\/PXL_20220814_081615295_ShiftN-2048x1655.jpg 2048w\" sizes=\"auto, (max-width: 1024px) 100vw, 1024px\" \/><\/a><figcaption>Das hier sollte eigentlich mal eine unterirdische Kaserne werden. Dann gab man aber den Ausbau der Hochburg auf, weil sie milit\u00e4risch nicht mehr relevant war, und der Raum wurde als Kartoffelkeller genutzt. In den 1990er Jahren brachte man dann Sandsteinstatuen rein, um sie vor dem sauren Regen zu sch\u00fctzen. Das war aber so aufw\u00e4ndig und teuer, dass man es auch wieder aufgab. Nun kann man sich diese sog. G\u00f6rlitz-Halle als Tourist ansehen. Und eine Szene in Mission Impossible 4 wurde anscheinend hier gedreht.<\/figcaption><\/figure>\n\n\n\n<figure class=\"wp-block-image size-large\"><a href=\"https:\/\/www.markusreisen.de\/prag\/wp-content\/uploads\/sites\/16\/2022\/08\/PXL_20220814_083055911_ShiftN-scaled.jpg\"><img loading=\"lazy\" decoding=\"async\" width=\"750\" height=\"1024\" src=\"http:\/\/www.markusreisen.de\/prag\/wp-content\/uploads\/sites\/16\/2022\/08\/PXL_20220814_083055911_ShiftN-750x1024.jpg\" alt=\"\" class=\"wp-image-79\" srcset=\"https:\/\/www.markusreisen.de\/prag\/wp-content\/uploads\/sites\/16\/2022\/08\/PXL_20220814_083055911_ShiftN-750x1024.jpg 750w, https:\/\/www.markusreisen.de\/prag\/wp-content\/uploads\/sites\/16\/2022\/08\/PXL_20220814_083055911_ShiftN-220x300.jpg 220w, https:\/\/www.markusreisen.de\/prag\/wp-content\/uploads\/sites\/16\/2022\/08\/PXL_20220814_083055911_ShiftN-768x1048.jpg 768w, https:\/\/www.markusreisen.de\/prag\/wp-content\/uploads\/sites\/16\/2022\/08\/PXL_20220814_083055911_ShiftN-1125x1536.jpg 1125w, https:\/\/www.markusreisen.de\/prag\/wp-content\/uploads\/sites\/16\/2022\/08\/PXL_20220814_083055911_ShiftN-1500x2048.jpg 1500w, https:\/\/www.markusreisen.de\/prag\/wp-content\/uploads\/sites\/16\/2022\/08\/PXL_20220814_083055911_ShiftN-scaled.jpg 1875w\" sizes=\"auto, (max-width: 750px) 100vw, 750px\" \/><\/a><figcaption>Um die Statuen hier durch zu kriegen musste man sie in zwei Teile s\u00e4gen.<\/figcaption><\/figure>\n\n\n\n<h2 class=\"wp-block-heading\">Kafkaeskes und \u00dcberraschendes<\/h2>\n\n\n\n<p>Nat\u00fcrlich ehrt man in Prag auch den ber\u00fchmtesten literarischen Sohn der Stadt, Franz Kafka, unter anderem mit Statuen.<\/p>\n\n\n\n<figure class=\"wp-block-image size-large\"><a href=\"https:\/\/www.markusreisen.de\/prag\/wp-content\/uploads\/sites\/16\/2022\/08\/PXL_20220813_065919070_ShiftN-scaled.jpg\"><img loading=\"lazy\" decoding=\"async\" width=\"769\" height=\"1024\" src=\"http:\/\/www.markusreisen.de\/prag\/wp-content\/uploads\/sites\/16\/2022\/08\/PXL_20220813_065919070_ShiftN-769x1024.jpg\" alt=\"\" class=\"wp-image-48\" srcset=\"https:\/\/www.markusreisen.de\/prag\/wp-content\/uploads\/sites\/16\/2022\/08\/PXL_20220813_065919070_ShiftN-769x1024.jpg 769w, https:\/\/www.markusreisen.de\/prag\/wp-content\/uploads\/sites\/16\/2022\/08\/PXL_20220813_065919070_ShiftN-225x300.jpg 225w, https:\/\/www.markusreisen.de\/prag\/wp-content\/uploads\/sites\/16\/2022\/08\/PXL_20220813_065919070_ShiftN-768x1023.jpg 768w, https:\/\/www.markusreisen.de\/prag\/wp-content\/uploads\/sites\/16\/2022\/08\/PXL_20220813_065919070_ShiftN-1153x1536.jpg 1153w, https:\/\/www.markusreisen.de\/prag\/wp-content\/uploads\/sites\/16\/2022\/08\/PXL_20220813_065919070_ShiftN-1537x2048.jpg 1537w, https:\/\/www.markusreisen.de\/prag\/wp-content\/uploads\/sites\/16\/2022\/08\/PXL_20220813_065919070_ShiftN-scaled.jpg 1921w\" sizes=\"auto, (max-width: 769px) 100vw, 769px\" \/><\/a><figcaption>Diese sind dann passenderweise eher schr\u00e4g.<\/figcaption><\/figure>\n\n\n\n<figure class=\"wp-block-gallery has-nested-images columns-default is-cropped wp-block-gallery-1 is-layout-flex wp-block-gallery-is-layout-flex\">\n<figure class=\"wp-block-image size-large\"><img loading=\"lazy\" decoding=\"async\" width=\"1766\" height=\"2560\" data-id=\"88\" src=\"http:\/\/www.markusreisen.de\/prag\/wp-content\/uploads\/sites\/16\/2022\/08\/PXL_20220814_110741944_ShiftN-scaled.jpg\" alt=\"\" class=\"wp-image-88\" srcset=\"https:\/\/www.markusreisen.de\/prag\/wp-content\/uploads\/sites\/16\/2022\/08\/PXL_20220814_110741944_ShiftN-scaled.jpg 1766w, https:\/\/www.markusreisen.de\/prag\/wp-content\/uploads\/sites\/16\/2022\/08\/PXL_20220814_110741944_ShiftN-207x300.jpg 207w, https:\/\/www.markusreisen.de\/prag\/wp-content\/uploads\/sites\/16\/2022\/08\/PXL_20220814_110741944_ShiftN-707x1024.jpg 707w, https:\/\/www.markusreisen.de\/prag\/wp-content\/uploads\/sites\/16\/2022\/08\/PXL_20220814_110741944_ShiftN-768x1113.jpg 768w, https:\/\/www.markusreisen.de\/prag\/wp-content\/uploads\/sites\/16\/2022\/08\/PXL_20220814_110741944_ShiftN-1060x1536.jpg 1060w, https:\/\/www.markusreisen.de\/prag\/wp-content\/uploads\/sites\/16\/2022\/08\/PXL_20220814_110741944_ShiftN-1413x2048.jpg 1413w\" sizes=\"auto, (max-width: 1766px) 100vw, 1766px\" \/><figcaption>Dieser Kafkakopf aus Scheiben&#8230;<\/figcaption><\/figure>\n\n\n\n<figure class=\"wp-block-image size-large\"><img loading=\"lazy\" decoding=\"async\" width=\"1714\" height=\"2560\" data-id=\"87\" src=\"http:\/\/www.markusreisen.de\/prag\/wp-content\/uploads\/sites\/16\/2022\/08\/PXL_20220814_110646579_ShiftN-scaled.jpg\" alt=\"\" class=\"wp-image-87\" srcset=\"https:\/\/www.markusreisen.de\/prag\/wp-content\/uploads\/sites\/16\/2022\/08\/PXL_20220814_110646579_ShiftN-scaled.jpg 1714w, https:\/\/www.markusreisen.de\/prag\/wp-content\/uploads\/sites\/16\/2022\/08\/PXL_20220814_110646579_ShiftN-201x300.jpg 201w, https:\/\/www.markusreisen.de\/prag\/wp-content\/uploads\/sites\/16\/2022\/08\/PXL_20220814_110646579_ShiftN-686x1024.jpg 686w, https:\/\/www.markusreisen.de\/prag\/wp-content\/uploads\/sites\/16\/2022\/08\/PXL_20220814_110646579_ShiftN-768x1147.jpg 768w, https:\/\/www.markusreisen.de\/prag\/wp-content\/uploads\/sites\/16\/2022\/08\/PXL_20220814_110646579_ShiftN-1028x1536.jpg 1028w, https:\/\/www.markusreisen.de\/prag\/wp-content\/uploads\/sites\/16\/2022\/08\/PXL_20220814_110646579_ShiftN-1371x2048.jpg 1371w\" sizes=\"auto, (max-width: 1714px) 100vw, 1714px\" \/><figcaption>&#8230;rotiert einmal in der Stunde.<\/figcaption><\/figure>\n<\/figure>\n\n\n\n<p>Bl\u00f6derweise war ich kurz nach der vollen Stunde da und hatte keine Lust bis zur n\u00e4chsten Rotation zu warten. Aber wozu gibt es Youtube?<\/p>\n\n\n\n<figure class=\"wp-block-embed is-type-video is-provider-youtube wp-block-embed-youtube wp-embed-aspect-16-9 wp-has-aspect-ratio\"><div class=\"wp-block-embed__wrapper\">\n<iframe loading=\"lazy\" title=\"The Franz Kafka Head in Prague, Czech Republic\" width=\"750\" height=\"422\" src=\"https:\/\/www.youtube.com\/embed\/uZjoORdPKcE?feature=oembed\" frameborder=\"0\" allow=\"accelerometer; autoplay; clipboard-write; encrypted-media; gyroscope; picture-in-picture\" allowfullscreen><\/iframe>\n<\/div><\/figure>\n\n\n\n<p>Nat\u00fcrlich hatte ich in Prag nicht mit der spanischen Inquisition gerechnet und die tauchte auch nicht auf. Daf\u00fcr war aber \u00fcberraschenderweise die Prague Pride Week &#8211; fast einen Monat nach dem Christopher Street Day. Warum die Prager LGBTQ-Szene fast einen Monat sp\u00e4ter dran ist als die meisten solcher Events konnte ich nicht herausfinden.<\/p>\n\n\n\n<figure class=\"wp-block-image size-large\"><a href=\"https:\/\/www.markusreisen.de\/prag\/wp-content\/uploads\/sites\/16\/2022\/08\/DSC05400-scaled.jpg\"><img loading=\"lazy\" decoding=\"async\" width=\"1024\" height=\"683\" src=\"http:\/\/www.markusreisen.de\/prag\/wp-content\/uploads\/sites\/16\/2022\/08\/DSC05400-1024x683.jpg\" alt=\"\" class=\"wp-image-10\" srcset=\"https:\/\/www.markusreisen.de\/prag\/wp-content\/uploads\/sites\/16\/2022\/08\/DSC05400-1024x683.jpg 1024w, https:\/\/www.markusreisen.de\/prag\/wp-content\/uploads\/sites\/16\/2022\/08\/DSC05400-300x200.jpg 300w, https:\/\/www.markusreisen.de\/prag\/wp-content\/uploads\/sites\/16\/2022\/08\/DSC05400-768x512.jpg 768w, https:\/\/www.markusreisen.de\/prag\/wp-content\/uploads\/sites\/16\/2022\/08\/DSC05400-1536x1024.jpg 1536w, https:\/\/www.markusreisen.de\/prag\/wp-content\/uploads\/sites\/16\/2022\/08\/DSC05400-2048x1365.jpg 2048w\" sizes=\"auto, (max-width: 1024px) 100vw, 1024px\" \/><\/a><figcaption>Es war aber recht viel los, mit Festival auf einer Moldauinsel&#8230;<\/figcaption><\/figure>\n\n\n\n<figure class=\"wp-block-image size-large\"><a href=\"https:\/\/www.markusreisen.de\/prag\/wp-content\/uploads\/sites\/16\/2022\/08\/PXL_20220813_111050304-scaled.jpg\"><img loading=\"lazy\" decoding=\"async\" width=\"1024\" height=\"771\" src=\"http:\/\/www.markusreisen.de\/prag\/wp-content\/uploads\/sites\/16\/2022\/08\/PXL_20220813_111050304-1024x771.jpg\" alt=\"\" class=\"wp-image-64\" srcset=\"https:\/\/www.markusreisen.de\/prag\/wp-content\/uploads\/sites\/16\/2022\/08\/PXL_20220813_111050304-1024x771.jpg 1024w, https:\/\/www.markusreisen.de\/prag\/wp-content\/uploads\/sites\/16\/2022\/08\/PXL_20220813_111050304-300x226.jpg 300w, https:\/\/www.markusreisen.de\/prag\/wp-content\/uploads\/sites\/16\/2022\/08\/PXL_20220813_111050304-768x578.jpg 768w, https:\/\/www.markusreisen.de\/prag\/wp-content\/uploads\/sites\/16\/2022\/08\/PXL_20220813_111050304-1536x1157.jpg 1536w, https:\/\/www.markusreisen.de\/prag\/wp-content\/uploads\/sites\/16\/2022\/08\/PXL_20220813_111050304-2048x1542.jpg 2048w\" sizes=\"auto, (max-width: 1024px) 100vw, 1024px\" \/><\/a><figcaption>&#8230;und gro\u00dfer Parade, aus Umweltgr\u00fcnden ohne motorisierte Umzugsw\u00e4gen.<\/figcaption><\/figure>\n\n\n\n<p>Auch die Tierwelt konnte \u00fcberraschen:<\/p>\n\n\n\n<figure class=\"wp-block-image size-large\"><a href=\"https:\/\/www.markusreisen.de\/prag\/wp-content\/uploads\/sites\/16\/2022\/08\/DSC05363-scaled.jpg\"><img loading=\"lazy\" decoding=\"async\" width=\"1024\" height=\"683\" src=\"http:\/\/www.markusreisen.de\/prag\/wp-content\/uploads\/sites\/16\/2022\/08\/DSC05363-1024x683.jpg\" alt=\"\" class=\"wp-image-7\" srcset=\"https:\/\/www.markusreisen.de\/prag\/wp-content\/uploads\/sites\/16\/2022\/08\/DSC05363-1024x683.jpg 1024w, https:\/\/www.markusreisen.de\/prag\/wp-content\/uploads\/sites\/16\/2022\/08\/DSC05363-300x200.jpg 300w, https:\/\/www.markusreisen.de\/prag\/wp-content\/uploads\/sites\/16\/2022\/08\/DSC05363-768x512.jpg 768w, https:\/\/www.markusreisen.de\/prag\/wp-content\/uploads\/sites\/16\/2022\/08\/DSC05363-1536x1024.jpg 1536w, https:\/\/www.markusreisen.de\/prag\/wp-content\/uploads\/sites\/16\/2022\/08\/DSC05363-2048x1365.jpg 2048w\" sizes=\"auto, (max-width: 1024px) 100vw, 1024px\" \/><\/a><figcaption>So gibt es in Prag wirklich Unmengen von Schw\u00e4nen (das hier ist nur ein kleiner Teil, da waren bestimmt \u00fcber hundert)&#8230;<\/figcaption><\/figure>\n\n\n\n<figure class=\"wp-block-image size-large\"><a href=\"https:\/\/www.markusreisen.de\/prag\/wp-content\/uploads\/sites\/16\/2022\/08\/DSC05361-scaled.jpg\"><img loading=\"lazy\" decoding=\"async\" width=\"1024\" height=\"683\" src=\"http:\/\/www.markusreisen.de\/prag\/wp-content\/uploads\/sites\/16\/2022\/08\/DSC05361-1024x683.jpg\" alt=\"\" class=\"wp-image-6\" srcset=\"https:\/\/www.markusreisen.de\/prag\/wp-content\/uploads\/sites\/16\/2022\/08\/DSC05361-1024x683.jpg 1024w, https:\/\/www.markusreisen.de\/prag\/wp-content\/uploads\/sites\/16\/2022\/08\/DSC05361-300x200.jpg 300w, https:\/\/www.markusreisen.de\/prag\/wp-content\/uploads\/sites\/16\/2022\/08\/DSC05361-768x512.jpg 768w, https:\/\/www.markusreisen.de\/prag\/wp-content\/uploads\/sites\/16\/2022\/08\/DSC05361-1536x1024.jpg 1536w, https:\/\/www.markusreisen.de\/prag\/wp-content\/uploads\/sites\/16\/2022\/08\/DSC05361-2048x1365.jpg 2048w\" sizes=\"auto, (max-width: 1024px) 100vw, 1024px\" \/><\/a><figcaption>&#8230;aber nur eine einzige Bisamratte, oder ist&#8217;s ein Nutria? Schnell, ist ein Zoologe im Saal?<\/figcaption><\/figure>\n\n\n\n<h2 class=\"wp-block-heading\">Essen und Trinken<\/h2>\n\n\n\n<p>Wer mich kennt, wei\u00df, dass ich nicht nur zum Fotografieren St\u00e4dtereisen unternehme, sondern auch aus kulinarischen Gr\u00fcnden. Ich habe eine Food Tour gemacht und auch ansonsten einiges ausprobiert. Hier also die Ausbeute:<\/p>\n\n\n\n<figure class=\"wp-block-gallery has-nested-images columns-default is-cropped wp-block-gallery-2 is-layout-flex wp-block-gallery-is-layout-flex\">\n<figure class=\"wp-block-image size-large\"><a href=\"https:\/\/www.markusreisen.de\/prag\/wp-content\/uploads\/sites\/16\/2022\/08\/PXL_20220812_154449706-scaled.jpg\"><img loading=\"lazy\" decoding=\"async\" width=\"2560\" height=\"1928\" data-id=\"37\" src=\"http:\/\/www.markusreisen.de\/prag\/wp-content\/uploads\/sites\/16\/2022\/08\/PXL_20220812_154449706-scaled.jpg\" alt=\"\" class=\"wp-image-37\" srcset=\"https:\/\/www.markusreisen.de\/prag\/wp-content\/uploads\/sites\/16\/2022\/08\/PXL_20220812_154449706-scaled.jpg 2560w, https:\/\/www.markusreisen.de\/prag\/wp-content\/uploads\/sites\/16\/2022\/08\/PXL_20220812_154449706-300x226.jpg 300w, https:\/\/www.markusreisen.de\/prag\/wp-content\/uploads\/sites\/16\/2022\/08\/PXL_20220812_154449706-1024x771.jpg 1024w, https:\/\/www.markusreisen.de\/prag\/wp-content\/uploads\/sites\/16\/2022\/08\/PXL_20220812_154449706-768x578.jpg 768w, https:\/\/www.markusreisen.de\/prag\/wp-content\/uploads\/sites\/16\/2022\/08\/PXL_20220812_154449706-1536x1157.jpg 1536w, https:\/\/www.markusreisen.de\/prag\/wp-content\/uploads\/sites\/16\/2022\/08\/PXL_20220812_154449706-2048x1542.jpg 2048w\" sizes=\"auto, (max-width: 2560px) 100vw, 2560px\" \/><\/a><figcaption>Bier!<\/figcaption><\/figure>\n\n\n\n<figure class=\"wp-block-image size-large\"><a href=\"https:\/\/www.markusreisen.de\/prag\/wp-content\/uploads\/sites\/16\/2022\/08\/PXL_20220812_173603434-scaled.jpg\"><img loading=\"lazy\" decoding=\"async\" width=\"2560\" height=\"2548\" data-id=\"40\" src=\"http:\/\/www.markusreisen.de\/prag\/wp-content\/uploads\/sites\/16\/2022\/08\/PXL_20220812_173603434-scaled.jpg\" alt=\"\" class=\"wp-image-40\" srcset=\"https:\/\/www.markusreisen.de\/prag\/wp-content\/uploads\/sites\/16\/2022\/08\/PXL_20220812_173603434-scaled.jpg 2560w, https:\/\/www.markusreisen.de\/prag\/wp-content\/uploads\/sites\/16\/2022\/08\/PXL_20220812_173603434-300x300.jpg 300w, https:\/\/www.markusreisen.de\/prag\/wp-content\/uploads\/sites\/16\/2022\/08\/PXL_20220812_173603434-1024x1019.jpg 1024w, https:\/\/www.markusreisen.de\/prag\/wp-content\/uploads\/sites\/16\/2022\/08\/PXL_20220812_173603434-150x150.jpg 150w, https:\/\/www.markusreisen.de\/prag\/wp-content\/uploads\/sites\/16\/2022\/08\/PXL_20220812_173603434-768x764.jpg 768w, https:\/\/www.markusreisen.de\/prag\/wp-content\/uploads\/sites\/16\/2022\/08\/PXL_20220812_173603434-1536x1529.jpg 1536w, https:\/\/www.markusreisen.de\/prag\/wp-content\/uploads\/sites\/16\/2022\/08\/PXL_20220812_173603434-2048x2038.jpg 2048w\" sizes=\"auto, (max-width: 2560px) 100vw, 2560px\" \/><\/a><figcaption>eingelegter Weichk\u00e4se<\/figcaption><\/figure>\n\n\n\n<figure class=\"wp-block-image size-large\"><a href=\"https:\/\/www.markusreisen.de\/prag\/wp-content\/uploads\/sites\/16\/2022\/08\/PXL_20220812_175102140-scaled.jpg\"><img loading=\"lazy\" decoding=\"async\" width=\"2560\" height=\"2443\" data-id=\"41\" src=\"http:\/\/www.markusreisen.de\/prag\/wp-content\/uploads\/sites\/16\/2022\/08\/PXL_20220812_175102140-scaled.jpg\" alt=\"\" class=\"wp-image-41\" srcset=\"https:\/\/www.markusreisen.de\/prag\/wp-content\/uploads\/sites\/16\/2022\/08\/PXL_20220812_175102140-scaled.jpg 2560w, https:\/\/www.markusreisen.de\/prag\/wp-content\/uploads\/sites\/16\/2022\/08\/PXL_20220812_175102140-300x286.jpg 300w, https:\/\/www.markusreisen.de\/prag\/wp-content\/uploads\/sites\/16\/2022\/08\/PXL_20220812_175102140-1024x977.jpg 1024w, https:\/\/www.markusreisen.de\/prag\/wp-content\/uploads\/sites\/16\/2022\/08\/PXL_20220812_175102140-768x733.jpg 768w, https:\/\/www.markusreisen.de\/prag\/wp-content\/uploads\/sites\/16\/2022\/08\/PXL_20220812_175102140-1536x1466.jpg 1536w, https:\/\/www.markusreisen.de\/prag\/wp-content\/uploads\/sites\/16\/2022\/08\/PXL_20220812_175102140-2048x1954.jpg 2048w\" sizes=\"auto, (max-width: 2560px) 100vw, 2560px\" \/><\/a><figcaption>Schweinehals mit Ajvar<\/figcaption><\/figure>\n\n\n\n<figure class=\"wp-block-image size-large\"><a href=\"https:\/\/www.markusreisen.de\/prag\/wp-content\/uploads\/sites\/16\/2022\/08\/PXL_20220813_102159482.jpg\"><img loading=\"lazy\" decoding=\"async\" width=\"2353\" height=\"2368\" data-id=\"59\" src=\"http:\/\/www.markusreisen.de\/prag\/wp-content\/uploads\/sites\/16\/2022\/08\/PXL_20220813_102159482.jpg\" alt=\"\" class=\"wp-image-59\" srcset=\"https:\/\/www.markusreisen.de\/prag\/wp-content\/uploads\/sites\/16\/2022\/08\/PXL_20220813_102159482.jpg 2353w, https:\/\/www.markusreisen.de\/prag\/wp-content\/uploads\/sites\/16\/2022\/08\/PXL_20220813_102159482-298x300.jpg 298w, https:\/\/www.markusreisen.de\/prag\/wp-content\/uploads\/sites\/16\/2022\/08\/PXL_20220813_102159482-1018x1024.jpg 1018w, https:\/\/www.markusreisen.de\/prag\/wp-content\/uploads\/sites\/16\/2022\/08\/PXL_20220813_102159482-150x150.jpg 150w, https:\/\/www.markusreisen.de\/prag\/wp-content\/uploads\/sites\/16\/2022\/08\/PXL_20220813_102159482-768x773.jpg 768w, https:\/\/www.markusreisen.de\/prag\/wp-content\/uploads\/sites\/16\/2022\/08\/PXL_20220813_102159482-1526x1536.jpg 1526w, https:\/\/www.markusreisen.de\/prag\/wp-content\/uploads\/sites\/16\/2022\/08\/PXL_20220813_102159482-2035x2048.jpg 2035w\" sizes=\"auto, (max-width: 2353px) 100vw, 2353px\" \/><\/a><figcaption>Prager Schinken mit Sahnemeerettich<\/figcaption><\/figure>\n\n\n\n<figure class=\"wp-block-image size-large\"><a href=\"https:\/\/www.markusreisen.de\/prag\/wp-content\/uploads\/sites\/16\/2022\/08\/PXL_20220813_102205891.jpg\"><img loading=\"lazy\" decoding=\"async\" width=\"2265\" height=\"1297\" data-id=\"60\" src=\"http:\/\/www.markusreisen.de\/prag\/wp-content\/uploads\/sites\/16\/2022\/08\/PXL_20220813_102205891.jpg\" alt=\"\" class=\"wp-image-60\" srcset=\"https:\/\/www.markusreisen.de\/prag\/wp-content\/uploads\/sites\/16\/2022\/08\/PXL_20220813_102205891.jpg 2265w, https:\/\/www.markusreisen.de\/prag\/wp-content\/uploads\/sites\/16\/2022\/08\/PXL_20220813_102205891-300x172.jpg 300w, https:\/\/www.markusreisen.de\/prag\/wp-content\/uploads\/sites\/16\/2022\/08\/PXL_20220813_102205891-1024x586.jpg 1024w, https:\/\/www.markusreisen.de\/prag\/wp-content\/uploads\/sites\/16\/2022\/08\/PXL_20220813_102205891-768x440.jpg 768w, https:\/\/www.markusreisen.de\/prag\/wp-content\/uploads\/sites\/16\/2022\/08\/PXL_20220813_102205891-1536x880.jpg 1536w, https:\/\/www.markusreisen.de\/prag\/wp-content\/uploads\/sites\/16\/2022\/08\/PXL_20220813_102205891-2048x1173.jpg 2048w\" sizes=\"auto, (max-width: 2265px) 100vw, 2265px\" \/><\/a><figcaption>mehr eingelegter K\u00e4se<\/figcaption><\/figure>\n\n\n\n<figure class=\"wp-block-image size-large\"><a href=\"https:\/\/www.markusreisen.de\/prag\/wp-content\/uploads\/sites\/16\/2022\/08\/PXL_20220813_102226657.jpg\"><img loading=\"lazy\" decoding=\"async\" width=\"1720\" height=\"1700\" data-id=\"61\" src=\"http:\/\/www.markusreisen.de\/prag\/wp-content\/uploads\/sites\/16\/2022\/08\/PXL_20220813_102226657.jpg\" alt=\"\" class=\"wp-image-61\" srcset=\"https:\/\/www.markusreisen.de\/prag\/wp-content\/uploads\/sites\/16\/2022\/08\/PXL_20220813_102226657.jpg 1720w, https:\/\/www.markusreisen.de\/prag\/wp-content\/uploads\/sites\/16\/2022\/08\/PXL_20220813_102226657-300x297.jpg 300w, https:\/\/www.markusreisen.de\/prag\/wp-content\/uploads\/sites\/16\/2022\/08\/PXL_20220813_102226657-1024x1012.jpg 1024w, https:\/\/www.markusreisen.de\/prag\/wp-content\/uploads\/sites\/16\/2022\/08\/PXL_20220813_102226657-768x759.jpg 768w, https:\/\/www.markusreisen.de\/prag\/wp-content\/uploads\/sites\/16\/2022\/08\/PXL_20220813_102226657-1536x1518.jpg 1536w\" sizes=\"auto, (max-width: 1720px) 100vw, 1720px\" \/><\/a><figcaption>sauer eingelegter Karpfen<\/figcaption><\/figure>\n\n\n\n<figure class=\"wp-block-image size-large\"><a href=\"https:\/\/www.markusreisen.de\/prag\/wp-content\/uploads\/sites\/16\/2022\/08\/PXL_20220813_102319966.jpg\"><img loading=\"lazy\" decoding=\"async\" width=\"2451\" height=\"2414\" data-id=\"62\" src=\"http:\/\/www.markusreisen.de\/prag\/wp-content\/uploads\/sites\/16\/2022\/08\/PXL_20220813_102319966.jpg\" alt=\"\" class=\"wp-image-62\" srcset=\"https:\/\/www.markusreisen.de\/prag\/wp-content\/uploads\/sites\/16\/2022\/08\/PXL_20220813_102319966.jpg 2451w, https:\/\/www.markusreisen.de\/prag\/wp-content\/uploads\/sites\/16\/2022\/08\/PXL_20220813_102319966-300x295.jpg 300w, https:\/\/www.markusreisen.de\/prag\/wp-content\/uploads\/sites\/16\/2022\/08\/PXL_20220813_102319966-1024x1009.jpg 1024w, https:\/\/www.markusreisen.de\/prag\/wp-content\/uploads\/sites\/16\/2022\/08\/PXL_20220813_102319966-768x756.jpg 768w, https:\/\/www.markusreisen.de\/prag\/wp-content\/uploads\/sites\/16\/2022\/08\/PXL_20220813_102319966-1536x1513.jpg 1536w, https:\/\/www.markusreisen.de\/prag\/wp-content\/uploads\/sites\/16\/2022\/08\/PXL_20220813_102319966-2048x2017.jpg 2048w\" sizes=\"auto, (max-width: 2451px) 100vw, 2451px\" \/><\/a><figcaption>panierter gebratener Edamer mit Remoulade<\/figcaption><\/figure>\n\n\n\n<figure class=\"wp-block-image size-large\"><a href=\"https:\/\/www.markusreisen.de\/prag\/wp-content\/uploads\/sites\/16\/2022\/08\/PXL_20220813_113047854-scaled.jpg\"><img loading=\"lazy\" decoding=\"async\" width=\"2560\" height=\"1298\" data-id=\"66\" src=\"http:\/\/www.markusreisen.de\/prag\/wp-content\/uploads\/sites\/16\/2022\/08\/PXL_20220813_113047854-scaled.jpg\" alt=\"\" class=\"wp-image-66\" srcset=\"https:\/\/www.markusreisen.de\/prag\/wp-content\/uploads\/sites\/16\/2022\/08\/PXL_20220813_113047854-scaled.jpg 2560w, https:\/\/www.markusreisen.de\/prag\/wp-content\/uploads\/sites\/16\/2022\/08\/PXL_20220813_113047854-300x152.jpg 300w, https:\/\/www.markusreisen.de\/prag\/wp-content\/uploads\/sites\/16\/2022\/08\/PXL_20220813_113047854-1024x519.jpg 1024w, https:\/\/www.markusreisen.de\/prag\/wp-content\/uploads\/sites\/16\/2022\/08\/PXL_20220813_113047854-768x389.jpg 768w, https:\/\/www.markusreisen.de\/prag\/wp-content\/uploads\/sites\/16\/2022\/08\/PXL_20220813_113047854-1536x779.jpg 1536w, https:\/\/www.markusreisen.de\/prag\/wp-content\/uploads\/sites\/16\/2022\/08\/PXL_20220813_113047854-2048x1039.jpg 2048w\" sizes=\"auto, (max-width: 2560px) 100vw, 2560px\" \/><\/a><figcaption>Pulled Pork, Schnitzel, Kartoffelpuffer und Gem\u00fcse<\/figcaption><\/figure>\n\n\n\n<figure class=\"wp-block-image size-large\"><a href=\"https:\/\/www.markusreisen.de\/prag\/wp-content\/uploads\/sites\/16\/2022\/08\/PXL_20220813_113141536-scaled.jpg\"><img loading=\"lazy\" decoding=\"async\" width=\"2560\" height=\"2405\" data-id=\"67\" src=\"http:\/\/www.markusreisen.de\/prag\/wp-content\/uploads\/sites\/16\/2022\/08\/PXL_20220813_113141536-scaled.jpg\" alt=\"\" class=\"wp-image-67\" srcset=\"https:\/\/www.markusreisen.de\/prag\/wp-content\/uploads\/sites\/16\/2022\/08\/PXL_20220813_113141536-scaled.jpg 2560w, https:\/\/www.markusreisen.de\/prag\/wp-content\/uploads\/sites\/16\/2022\/08\/PXL_20220813_113141536-300x282.jpg 300w, https:\/\/www.markusreisen.de\/prag\/wp-content\/uploads\/sites\/16\/2022\/08\/PXL_20220813_113141536-1024x962.jpg 1024w, https:\/\/www.markusreisen.de\/prag\/wp-content\/uploads\/sites\/16\/2022\/08\/PXL_20220813_113141536-768x721.jpg 768w, https:\/\/www.markusreisen.de\/prag\/wp-content\/uploads\/sites\/16\/2022\/08\/PXL_20220813_113141536-1536x1443.jpg 1536w, https:\/\/www.markusreisen.de\/prag\/wp-content\/uploads\/sites\/16\/2022\/08\/PXL_20220813_113141536-2048x1924.jpg 2048w\" sizes=\"auto, (max-width: 2560px) 100vw, 2560px\" \/><\/a><figcaption>Steak Tartare<\/figcaption><\/figure>\n\n\n\n<figure class=\"wp-block-image size-large\"><a href=\"https:\/\/www.markusreisen.de\/prag\/wp-content\/uploads\/sites\/16\/2022\/08\/PXL_20220813_113403922_ShiftN-scaled.jpg\"><img loading=\"lazy\" decoding=\"async\" width=\"2560\" height=\"1391\" data-id=\"68\" src=\"http:\/\/www.markusreisen.de\/prag\/wp-content\/uploads\/sites\/16\/2022\/08\/PXL_20220813_113403922_ShiftN-scaled.jpg\" alt=\"\" class=\"wp-image-68\" srcset=\"https:\/\/www.markusreisen.de\/prag\/wp-content\/uploads\/sites\/16\/2022\/08\/PXL_20220813_113403922_ShiftN-scaled.jpg 2560w, https:\/\/www.markusreisen.de\/prag\/wp-content\/uploads\/sites\/16\/2022\/08\/PXL_20220813_113403922_ShiftN-300x163.jpg 300w, https:\/\/www.markusreisen.de\/prag\/wp-content\/uploads\/sites\/16\/2022\/08\/PXL_20220813_113403922_ShiftN-1024x556.jpg 1024w, https:\/\/www.markusreisen.de\/prag\/wp-content\/uploads\/sites\/16\/2022\/08\/PXL_20220813_113403922_ShiftN-768x417.jpg 768w, https:\/\/www.markusreisen.de\/prag\/wp-content\/uploads\/sites\/16\/2022\/08\/PXL_20220813_113403922_ShiftN-1536x835.jpg 1536w, https:\/\/www.markusreisen.de\/prag\/wp-content\/uploads\/sites\/16\/2022\/08\/PXL_20220813_113403922_ShiftN-2048x1113.jpg 2048w\" sizes=\"auto, (max-width: 2560px) 100vw, 2560px\" \/><\/a><figcaption>Die Theke in der Kantyna, einer Nobel-Cafeteria<\/figcaption><\/figure>\n\n\n\n<figure class=\"wp-block-image size-large\"><a href=\"https:\/\/www.markusreisen.de\/prag\/wp-content\/uploads\/sites\/16\/2022\/08\/PXL_20220813_122601950-scaled.jpg\"><img loading=\"lazy\" decoding=\"async\" width=\"2560\" height=\"2483\" data-id=\"69\" src=\"http:\/\/www.markusreisen.de\/prag\/wp-content\/uploads\/sites\/16\/2022\/08\/PXL_20220813_122601950-scaled.jpg\" alt=\"\" class=\"wp-image-69\" srcset=\"https:\/\/www.markusreisen.de\/prag\/wp-content\/uploads\/sites\/16\/2022\/08\/PXL_20220813_122601950-scaled.jpg 2560w, https:\/\/www.markusreisen.de\/prag\/wp-content\/uploads\/sites\/16\/2022\/08\/PXL_20220813_122601950-300x291.jpg 300w, https:\/\/www.markusreisen.de\/prag\/wp-content\/uploads\/sites\/16\/2022\/08\/PXL_20220813_122601950-1024x993.jpg 1024w, https:\/\/www.markusreisen.de\/prag\/wp-content\/uploads\/sites\/16\/2022\/08\/PXL_20220813_122601950-768x745.jpg 768w, https:\/\/www.markusreisen.de\/prag\/wp-content\/uploads\/sites\/16\/2022\/08\/PXL_20220813_122601950-1536x1490.jpg 1536w, https:\/\/www.markusreisen.de\/prag\/wp-content\/uploads\/sites\/16\/2022\/08\/PXL_20220813_122601950-2048x1986.jpg 2048w\" sizes=\"auto, (max-width: 2560px) 100vw, 2560px\" \/><\/a><figcaption>H\u00fchnchen<\/figcaption><\/figure>\n\n\n\n<figure class=\"wp-block-image size-large\"><a href=\"https:\/\/www.markusreisen.de\/prag\/wp-content\/uploads\/sites\/16\/2022\/08\/PXL_20220813_122611910-scaled.jpg\"><img loading=\"lazy\" decoding=\"async\" width=\"2560\" height=\"2547\" data-id=\"70\" src=\"http:\/\/www.markusreisen.de\/prag\/wp-content\/uploads\/sites\/16\/2022\/08\/PXL_20220813_122611910-scaled.jpg\" alt=\"\" class=\"wp-image-70\" srcset=\"https:\/\/www.markusreisen.de\/prag\/wp-content\/uploads\/sites\/16\/2022\/08\/PXL_20220813_122611910-scaled.jpg 2560w, https:\/\/www.markusreisen.de\/prag\/wp-content\/uploads\/sites\/16\/2022\/08\/PXL_20220813_122611910-1024x1019.jpg 1024w, https:\/\/www.markusreisen.de\/prag\/wp-content\/uploads\/sites\/16\/2022\/08\/PXL_20220813_122611910-150x150.jpg 150w, https:\/\/www.markusreisen.de\/prag\/wp-content\/uploads\/sites\/16\/2022\/08\/PXL_20220813_122611910-768x764.jpg 768w, https:\/\/www.markusreisen.de\/prag\/wp-content\/uploads\/sites\/16\/2022\/08\/PXL_20220813_122611910-1536x1528.jpg 1536w, https:\/\/www.markusreisen.de\/prag\/wp-content\/uploads\/sites\/16\/2022\/08\/PXL_20220813_122611910-2048x2038.jpg 2048w\" sizes=\"auto, (max-width: 2560px) 100vw, 2560px\" \/><\/a><figcaption>eine Art Naan aus Kartoffeln<\/figcaption><\/figure>\n\n\n\n<figure class=\"wp-block-image size-large\"><a href=\"https:\/\/www.markusreisen.de\/prag\/wp-content\/uploads\/sites\/16\/2022\/08\/PXL_20220813_122832168-scaled.jpg\"><img loading=\"lazy\" decoding=\"async\" width=\"2560\" height=\"2492\" data-id=\"71\" src=\"http:\/\/www.markusreisen.de\/prag\/wp-content\/uploads\/sites\/16\/2022\/08\/PXL_20220813_122832168-scaled.jpg\" alt=\"\" class=\"wp-image-71\" srcset=\"https:\/\/www.markusreisen.de\/prag\/wp-content\/uploads\/sites\/16\/2022\/08\/PXL_20220813_122832168-scaled.jpg 2560w, https:\/\/www.markusreisen.de\/prag\/wp-content\/uploads\/sites\/16\/2022\/08\/PXL_20220813_122832168-300x292.jpg 300w, https:\/\/www.markusreisen.de\/prag\/wp-content\/uploads\/sites\/16\/2022\/08\/PXL_20220813_122832168-1024x997.jpg 1024w, https:\/\/www.markusreisen.de\/prag\/wp-content\/uploads\/sites\/16\/2022\/08\/PXL_20220813_122832168-768x748.jpg 768w, https:\/\/www.markusreisen.de\/prag\/wp-content\/uploads\/sites\/16\/2022\/08\/PXL_20220813_122832168-1536x1495.jpg 1536w, https:\/\/www.markusreisen.de\/prag\/wp-content\/uploads\/sites\/16\/2022\/08\/PXL_20220813_122832168-2048x1994.jpg 2048w\" sizes=\"auto, (max-width: 2560px) 100vw, 2560px\" \/><\/a><figcaption>Ochsenbrust in einer genialen Meerrettichsauce<\/figcaption><\/figure>\n\n\n\n<figure class=\"wp-block-image size-large\"><a href=\"https:\/\/www.markusreisen.de\/prag\/wp-content\/uploads\/sites\/16\/2022\/08\/PXL_20220813_122930457-scaled.jpg\"><img loading=\"lazy\" decoding=\"async\" width=\"2550\" height=\"2560\" data-id=\"72\" src=\"http:\/\/www.markusreisen.de\/prag\/wp-content\/uploads\/sites\/16\/2022\/08\/PXL_20220813_122930457-scaled.jpg\" alt=\"\" class=\"wp-image-72\" srcset=\"https:\/\/www.markusreisen.de\/prag\/wp-content\/uploads\/sites\/16\/2022\/08\/PXL_20220813_122930457-scaled.jpg 2550w, https:\/\/www.markusreisen.de\/prag\/wp-content\/uploads\/sites\/16\/2022\/08\/PXL_20220813_122930457-300x300.jpg 300w, https:\/\/www.markusreisen.de\/prag\/wp-content\/uploads\/sites\/16\/2022\/08\/PXL_20220813_122930457-1020x1024.jpg 1020w, https:\/\/www.markusreisen.de\/prag\/wp-content\/uploads\/sites\/16\/2022\/08\/PXL_20220813_122930457-150x150.jpg 150w, https:\/\/www.markusreisen.de\/prag\/wp-content\/uploads\/sites\/16\/2022\/08\/PXL_20220813_122930457-768x771.jpg 768w, https:\/\/www.markusreisen.de\/prag\/wp-content\/uploads\/sites\/16\/2022\/08\/PXL_20220813_122930457-1530x1536.jpg 1530w, https:\/\/www.markusreisen.de\/prag\/wp-content\/uploads\/sites\/16\/2022\/08\/PXL_20220813_122930457-2040x2048.jpg 2040w\" sizes=\"auto, (max-width: 2550px) 100vw, 2550px\" \/><\/a><figcaption>Bratkartoffeln<\/figcaption><\/figure>\n\n\n\n<figure class=\"wp-block-image size-large\"><a href=\"https:\/\/www.markusreisen.de\/prag\/wp-content\/uploads\/sites\/16\/2022\/08\/PXL_20220813_131922083-scaled.jpg\"><img loading=\"lazy\" decoding=\"async\" width=\"1928\" height=\"2560\" data-id=\"73\" src=\"http:\/\/www.markusreisen.de\/prag\/wp-content\/uploads\/sites\/16\/2022\/08\/PXL_20220813_131922083-scaled.jpg\" alt=\"\" class=\"wp-image-73\" srcset=\"https:\/\/www.markusreisen.de\/prag\/wp-content\/uploads\/sites\/16\/2022\/08\/PXL_20220813_131922083-scaled.jpg 1928w, https:\/\/www.markusreisen.de\/prag\/wp-content\/uploads\/sites\/16\/2022\/08\/PXL_20220813_131922083-226x300.jpg 226w, https:\/\/www.markusreisen.de\/prag\/wp-content\/uploads\/sites\/16\/2022\/08\/PXL_20220813_131922083-771x1024.jpg 771w, https:\/\/www.markusreisen.de\/prag\/wp-content\/uploads\/sites\/16\/2022\/08\/PXL_20220813_131922083-768x1020.jpg 768w, https:\/\/www.markusreisen.de\/prag\/wp-content\/uploads\/sites\/16\/2022\/08\/PXL_20220813_131922083-1157x1536.jpg 1157w, https:\/\/www.markusreisen.de\/prag\/wp-content\/uploads\/sites\/16\/2022\/08\/PXL_20220813_131922083-1542x2048.jpg 1542w\" sizes=\"auto, (max-width: 1928px) 100vw, 1928px\" \/><\/a><figcaption>Gin and Tonic<\/figcaption><\/figure>\n\n\n\n<figure class=\"wp-block-image size-large\"><a href=\"https:\/\/www.markusreisen.de\/prag\/wp-content\/uploads\/sites\/16\/2022\/08\/PXL_20220813_132350628-scaled.jpg\"><img loading=\"lazy\" decoding=\"async\" width=\"2545\" height=\"2560\" data-id=\"74\" src=\"http:\/\/www.markusreisen.de\/prag\/wp-content\/uploads\/sites\/16\/2022\/08\/PXL_20220813_132350628-scaled.jpg\" alt=\"\" class=\"wp-image-74\" srcset=\"https:\/\/www.markusreisen.de\/prag\/wp-content\/uploads\/sites\/16\/2022\/08\/PXL_20220813_132350628-scaled.jpg 2545w, https:\/\/www.markusreisen.de\/prag\/wp-content\/uploads\/sites\/16\/2022\/08\/PXL_20220813_132350628-298x300.jpg 298w, https:\/\/www.markusreisen.de\/prag\/wp-content\/uploads\/sites\/16\/2022\/08\/PXL_20220813_132350628-1018x1024.jpg 1018w, https:\/\/www.markusreisen.de\/prag\/wp-content\/uploads\/sites\/16\/2022\/08\/PXL_20220813_132350628-150x150.jpg 150w, https:\/\/www.markusreisen.de\/prag\/wp-content\/uploads\/sites\/16\/2022\/08\/PXL_20220813_132350628-768x772.jpg 768w, https:\/\/www.markusreisen.de\/prag\/wp-content\/uploads\/sites\/16\/2022\/08\/PXL_20220813_132350628-1527x1536.jpg 1527w, https:\/\/www.markusreisen.de\/prag\/wp-content\/uploads\/sites\/16\/2022\/08\/PXL_20220813_132350628-2036x2048.jpg 2036w\" sizes=\"auto, (max-width: 2545px) 100vw, 2545px\" \/><\/a><figcaption>Aschekartoffeln in cremiger Sauce mit Rauchkarpfen <\/figcaption><\/figure>\n\n\n\n<figure class=\"wp-block-image size-large\"><a href=\"https:\/\/www.markusreisen.de\/prag\/wp-content\/uploads\/sites\/16\/2022\/08\/PXL_20220813_134310460-scaled.jpg\"><img loading=\"lazy\" decoding=\"async\" width=\"2560\" height=\"1928\" data-id=\"75\" src=\"http:\/\/www.markusreisen.de\/prag\/wp-content\/uploads\/sites\/16\/2022\/08\/PXL_20220813_134310460-scaled.jpg\" alt=\"\" class=\"wp-image-75\" srcset=\"https:\/\/www.markusreisen.de\/prag\/wp-content\/uploads\/sites\/16\/2022\/08\/PXL_20220813_134310460-scaled.jpg 2560w, https:\/\/www.markusreisen.de\/prag\/wp-content\/uploads\/sites\/16\/2022\/08\/PXL_20220813_134310460-300x226.jpg 300w, https:\/\/www.markusreisen.de\/prag\/wp-content\/uploads\/sites\/16\/2022\/08\/PXL_20220813_134310460-1024x771.jpg 1024w, https:\/\/www.markusreisen.de\/prag\/wp-content\/uploads\/sites\/16\/2022\/08\/PXL_20220813_134310460-768x578.jpg 768w, https:\/\/www.markusreisen.de\/prag\/wp-content\/uploads\/sites\/16\/2022\/08\/PXL_20220813_134310460-1536x1157.jpg 1536w, https:\/\/www.markusreisen.de\/prag\/wp-content\/uploads\/sites\/16\/2022\/08\/PXL_20220813_134310460-2048x1542.jpg 2048w\" sizes=\"auto, (max-width: 2560px) 100vw, 2560px\" \/><\/a><figcaption>Nachtisch mit Sahne und Aprikose<\/figcaption><\/figure>\n\n\n\n<figure class=\"wp-block-image size-large\"><a href=\"https:\/\/www.markusreisen.de\/prag\/wp-content\/uploads\/sites\/16\/2022\/08\/PXL_20220814_172257183-scaled.jpg\"><img loading=\"lazy\" decoding=\"async\" width=\"2560\" height=\"2333\" data-id=\"92\" src=\"http:\/\/www.markusreisen.de\/prag\/wp-content\/uploads\/sites\/16\/2022\/08\/PXL_20220814_172257183-scaled.jpg\" alt=\"\" class=\"wp-image-92\" srcset=\"https:\/\/www.markusreisen.de\/prag\/wp-content\/uploads\/sites\/16\/2022\/08\/PXL_20220814_172257183-scaled.jpg 2560w, https:\/\/www.markusreisen.de\/prag\/wp-content\/uploads\/sites\/16\/2022\/08\/PXL_20220814_172257183-300x273.jpg 300w, https:\/\/www.markusreisen.de\/prag\/wp-content\/uploads\/sites\/16\/2022\/08\/PXL_20220814_172257183-1024x933.jpg 1024w, https:\/\/www.markusreisen.de\/prag\/wp-content\/uploads\/sites\/16\/2022\/08\/PXL_20220814_172257183-768x700.jpg 768w, https:\/\/www.markusreisen.de\/prag\/wp-content\/uploads\/sites\/16\/2022\/08\/PXL_20220814_172257183-1536x1400.jpg 1536w, https:\/\/www.markusreisen.de\/prag\/wp-content\/uploads\/sites\/16\/2022\/08\/PXL_20220814_172257183-2048x1867.jpg 2048w\" sizes=\"auto, (max-width: 2560px) 100vw, 2560px\" \/><\/a><figcaption>S\u00fclze und Bratwurst<\/figcaption><\/figure>\n<\/figure>\n\n\n\n<p>und ja, die Tschechische K\u00fcche ist durchaus fleischlastig und auch eng mit den K\u00fcchen des restlichen KuKs sowie Bayerns verwandt. Trotzdem lecker!<\/p>\n\n\n\n<p>So, das war es dann auch schon mit dem Kurztrip nach Prag, aber f\u00fcr  de facto zwei Tage (Anreise Freitag, Samstag\/Sonntag in Prag, Abreise Montag) habe ich doch einiges gesehen und gegessen. Vielen Dank f\u00fcrs Lesen und bis zum n\u00e4chsten Mal!<\/p>\n","protected":false},"excerpt":{"rendered":"<p>Meine eigentliche Urlaubsreise dieses Jahr nach D\u00e4nemark war ja schon im Juni, drum wollte ich \u00fcber das verl\u00e4ngerte Wochenende von Mari\u00e4 Himmelfahrt noch einen kleinen Trip machen. In anderen Jahren hat mich der Weg um diese Zeit nach Wien, Budapest und Bratislava gef\u00fchrt &#8211; also ganz im Zeichen des KuK. Nun war ich auch schon&hellip; <a class=\"more-link\" href=\"https:\/\/www.markusreisen.de\/prag\/2022\/08\/14\/hallo-welt\/\"><span class=\"screen-reader-text\">Kurztrip nach Prag August 2022<\/span> weiterlesen<\/a><\/p>\n","protected":false},"author":1,"featured_media":0,"comment_status":"open","ping_status":"open","sticky":false,"template":"","format":"standard","meta":{"footnotes":""},"categories":[1],"tags":[],"class_list":["post-1","post","type-post","status-publish","format-standard","hentry","category-allgemein","entry"],"_links":{"self":[{"href":"https:\/\/www.markusreisen.de\/prag\/wp-json\/wp\/v2\/posts\/1","targetHints":{"allow":["GET"]}}],"collection":[{"href":"https:\/\/www.markusreisen.de\/prag\/wp-json\/wp\/v2\/posts"}],"about":[{"href":"https:\/\/www.markusreisen.de\/prag\/wp-json\/wp\/v2\/types\/post"}],"author":[{"embeddable":true,"href":"https:\/\/www.markusreisen.de\/prag\/wp-json\/wp\/v2\/users\/1"}],"replies":[{"embeddable":true,"href":"https:\/\/www.markusreisen.de\/prag\/wp-json\/wp\/v2\/comments?post=1"}],"version-history":[{"count":8,"href":"https:\/\/www.markusreisen.de\/prag\/wp-json\/wp\/v2\/posts\/1\/revisions"}],"predecessor-version":[{"id":193,"href":"https:\/\/www.markusreisen.de\/prag\/wp-json\/wp\/v2\/posts\/1\/revisions\/193"}],"wp:attachment":[{"href":"https:\/\/www.markusreisen.de\/prag\/wp-json\/wp\/v2\/media?parent=1"}],"wp:term":[{"taxonomy":"category","embeddable":true,"href":"https:\/\/www.markusreisen.de\/prag\/wp-json\/wp\/v2\/categories?post=1"},{"taxonomy":"post_tag","embeddable":true,"href":"https:\/\/www.markusreisen.de\/prag\/wp-json\/wp\/v2\/tags?post=1"}],"curies":[{"name":"wp","href":"https:\/\/api.w.org\/{rel}","templated":true}]}}