{"id":883,"date":"2017-10-22T11:19:09","date_gmt":"2017-10-22T09:19:09","guid":{"rendered":"http:\/\/www.markusreisen.de\/japan\/?p=883"},"modified":"2022-10-16T15:17:15","modified_gmt":"2022-10-16T13:17:15","slug":"22-10-2017-geibikei-und-hiraizumi","status":"publish","type":"post","link":"https:\/\/www.markusreisen.de\/japan\/japan2017\/22-10-2017-geibikei-und-hiraizumi\/","title":{"rendered":"22.10.2017 Geibikei und Hiraizumi"},"content":{"rendered":"<p>Wie erwartet war das Wetter heute schlecht, Dauerregen. Um das Beste daraus zu machen haben wir unser Programm gestrafft: erst sind wir gleich in der Fr\u00fch nach Geibikei, einer landschaftlich sch\u00f6nen Schlucht bei Hiraizumi gefahren. Die erste Bootsfahrt des Tages war nur leicht verregnet und leicht besucht, die n\u00e4chste nach uns war schon deutlich voller!<\/p>\n<figure id=\"attachment_869\" aria-describedby=\"caption-attachment-869\" style=\"width: 840px\" class=\"wp-caption alignnone\"><a href=\"https:\/\/www.markusreisen.de\/japan\/wp-content\/uploads\/sites\/5\/2017\/10\/P1030550.jpg\"><img loading=\"lazy\" decoding=\"async\" class=\"wp-image-869 size-large\" src=\"https:\/\/www.markusreisen.de\/japan\/wp-content\/uploads\/sites\/5\/2017\/10\/P1030550-1024x682.jpg\" alt=\"\" width=\"840\" height=\"559\" srcset=\"https:\/\/www.markusreisen.de\/japan\/wp-content\/uploads\/sites\/5\/2017\/10\/P1030550.jpg 1024w, https:\/\/www.markusreisen.de\/japan\/wp-content\/uploads\/sites\/5\/2017\/10\/P1030550-300x200.jpg 300w, https:\/\/www.markusreisen.de\/japan\/wp-content\/uploads\/sites\/5\/2017\/10\/P1030550-768x512.jpg 768w\" sizes=\"auto, (max-width: 709px) 85vw, (max-width: 909px) 67vw, (max-width: 1362px) 62vw, 840px\" \/><\/a><figcaption id=\"caption-attachment-869\" class=\"wp-caption-text\">So ungef\u00e4hr muss man sich Boote, Fahrer und Landschaft vorstellen.<\/figcaption><\/figure>\n<figure id=\"attachment_872\" aria-describedby=\"caption-attachment-872\" style=\"width: 840px\" class=\"wp-caption alignnone\"><a href=\"https:\/\/www.markusreisen.de\/japan\/wp-content\/uploads\/sites\/5\/2017\/10\/P1030567.jpg\"><img loading=\"lazy\" decoding=\"async\" class=\"wp-image-872 size-large\" src=\"https:\/\/www.markusreisen.de\/japan\/wp-content\/uploads\/sites\/5\/2017\/10\/P1030567-1024x682.jpg\" alt=\"\" width=\"840\" height=\"559\" srcset=\"https:\/\/www.markusreisen.de\/japan\/wp-content\/uploads\/sites\/5\/2017\/10\/P1030567.jpg 1024w, https:\/\/www.markusreisen.de\/japan\/wp-content\/uploads\/sites\/5\/2017\/10\/P1030567-300x200.jpg 300w, https:\/\/www.markusreisen.de\/japan\/wp-content\/uploads\/sites\/5\/2017\/10\/P1030567-768x512.jpg 768w\" sizes=\"auto, (max-width: 709px) 85vw, (max-width: 909px) 67vw, (max-width: 1362px) 62vw, 840px\" \/><\/a><figcaption id=\"caption-attachment-872\" class=\"wp-caption-text\">Man sieht bereits einige Herbstfarben.<\/figcaption><\/figure>\n<figure id=\"attachment_871\" aria-describedby=\"caption-attachment-871\" style=\"width: 840px\" class=\"wp-caption alignnone\"><a href=\"https:\/\/www.markusreisen.de\/japan\/wp-content\/uploads\/sites\/5\/2017\/10\/P1030564.jpg\"><img loading=\"lazy\" decoding=\"async\" class=\"wp-image-871 size-large\" src=\"https:\/\/www.markusreisen.de\/japan\/wp-content\/uploads\/sites\/5\/2017\/10\/P1030564-1024x682.jpg\" alt=\"\" width=\"840\" height=\"559\" srcset=\"https:\/\/www.markusreisen.de\/japan\/wp-content\/uploads\/sites\/5\/2017\/10\/P1030564.jpg 1024w, https:\/\/www.markusreisen.de\/japan\/wp-content\/uploads\/sites\/5\/2017\/10\/P1030564-300x200.jpg 300w, https:\/\/www.markusreisen.de\/japan\/wp-content\/uploads\/sites\/5\/2017\/10\/P1030564-768x512.jpg 768w\" sizes=\"auto, (max-width: 709px) 85vw, (max-width: 909px) 67vw, (max-width: 1362px) 62vw, 840px\" \/><\/a><figcaption id=\"caption-attachment-871\" class=\"wp-caption-text\">Der Fluss hat die Schlucht \u00fcber Jahrtausende gefr\u00e4st.<\/figcaption><\/figure>\n<figure id=\"attachment_870\" aria-describedby=\"caption-attachment-870\" style=\"width: 840px\" class=\"wp-caption alignnone\"><a href=\"https:\/\/www.markusreisen.de\/japan\/wp-content\/uploads\/sites\/5\/2017\/10\/P1030559.jpg\"><img loading=\"lazy\" decoding=\"async\" class=\"wp-image-870 size-large\" src=\"https:\/\/www.markusreisen.de\/japan\/wp-content\/uploads\/sites\/5\/2017\/10\/P1030559-1024x682.jpg\" alt=\"\" width=\"840\" height=\"559\" srcset=\"https:\/\/www.markusreisen.de\/japan\/wp-content\/uploads\/sites\/5\/2017\/10\/P1030559.jpg 1024w, https:\/\/www.markusreisen.de\/japan\/wp-content\/uploads\/sites\/5\/2017\/10\/P1030559-300x200.jpg 300w, https:\/\/www.markusreisen.de\/japan\/wp-content\/uploads\/sites\/5\/2017\/10\/P1030559-768x512.jpg 768w\" sizes=\"auto, (max-width: 709px) 85vw, (max-width: 909px) 67vw, (max-width: 1362px) 62vw, 840px\" \/><\/a><figcaption id=\"caption-attachment-870\" class=\"wp-caption-text\">Mehr Farben.<\/figcaption><\/figure>\n<figure id=\"attachment_868\" aria-describedby=\"caption-attachment-868\" style=\"width: 840px\" class=\"wp-caption alignnone\"><a href=\"https:\/\/www.markusreisen.de\/japan\/wp-content\/uploads\/sites\/5\/2017\/10\/P1030535.jpg\"><img loading=\"lazy\" decoding=\"async\" class=\"wp-image-868 size-large\" src=\"https:\/\/www.markusreisen.de\/japan\/wp-content\/uploads\/sites\/5\/2017\/10\/P1030535-1024x682.jpg\" alt=\"\" width=\"840\" height=\"559\" srcset=\"https:\/\/www.markusreisen.de\/japan\/wp-content\/uploads\/sites\/5\/2017\/10\/P1030535.jpg 1024w, https:\/\/www.markusreisen.de\/japan\/wp-content\/uploads\/sites\/5\/2017\/10\/P1030535-300x200.jpg 300w, https:\/\/www.markusreisen.de\/japan\/wp-content\/uploads\/sites\/5\/2017\/10\/P1030535-768x512.jpg 768w\" sizes=\"auto, (max-width: 709px) 85vw, (max-width: 909px) 67vw, (max-width: 1362px) 62vw, 840px\" \/><\/a><figcaption id=\"caption-attachment-868\" class=\"wp-caption-text\">In der Gegend (allerdings nicht in der Schlucht) wachsen reichlich Mikan, d.h. Mandarinen.<\/figcaption><\/figure>\n<p>Hauptziel war Hiraizumi. Das war gegen Ende des 12. Jahrhunderts als Japan von der noch sehr chinesisch anmutenden Heian-Epoche in das erste Shogunat der Kamakura-Epoche \u00fcberging die &#8222;Hauptstadt&#8220; des Nordens, die in Sachen Kultur durchaus mit Kyoto konkurrierte. Auf Dauer ging das nicht gut, der erste Shogun Minamoto Yoritomo marschierte ein, danach ging es den Bach runter. Aber Kultursch\u00e4tze sind noch reichlich da, die Stadt ist UNESCO-Weltkulturerbe.<\/p>\n<figure id=\"attachment_873\" aria-describedby=\"caption-attachment-873\" style=\"width: 840px\" class=\"wp-caption alignnone\"><a href=\"https:\/\/www.markusreisen.de\/japan\/wp-content\/uploads\/sites\/5\/2017\/10\/P1030577.jpg\"><img loading=\"lazy\" decoding=\"async\" class=\"wp-image-873 size-large\" src=\"https:\/\/www.markusreisen.de\/japan\/wp-content\/uploads\/sites\/5\/2017\/10\/P1030577-1024x682.jpg\" alt=\"\" width=\"840\" height=\"559\" srcset=\"https:\/\/www.markusreisen.de\/japan\/wp-content\/uploads\/sites\/5\/2017\/10\/P1030577.jpg 1024w, https:\/\/www.markusreisen.de\/japan\/wp-content\/uploads\/sites\/5\/2017\/10\/P1030577-300x200.jpg 300w, https:\/\/www.markusreisen.de\/japan\/wp-content\/uploads\/sites\/5\/2017\/10\/P1030577-768x512.jpg 768w\" sizes=\"auto, (max-width: 709px) 85vw, (max-width: 909px) 67vw, (max-width: 1362px) 62vw, 840px\" \/><\/a><figcaption id=\"caption-attachment-873\" class=\"wp-caption-text\">Es gibt zwei gro\u00dfe Tempelanlagen, dies ist die Haupthalle des Motsu-ji.<\/figcaption><\/figure>\n<figure id=\"attachment_874\" aria-describedby=\"caption-attachment-874\" style=\"width: 840px\" class=\"wp-caption alignnone\"><a href=\"https:\/\/www.markusreisen.de\/japan\/wp-content\/uploads\/sites\/5\/2017\/10\/P1030580.jpg\"><img loading=\"lazy\" decoding=\"async\" class=\"wp-image-874 size-large\" src=\"https:\/\/www.markusreisen.de\/japan\/wp-content\/uploads\/sites\/5\/2017\/10\/P1030580-1024x682.jpg\" alt=\"\" width=\"840\" height=\"559\" srcset=\"https:\/\/www.markusreisen.de\/japan\/wp-content\/uploads\/sites\/5\/2017\/10\/P1030580.jpg 1024w, https:\/\/www.markusreisen.de\/japan\/wp-content\/uploads\/sites\/5\/2017\/10\/P1030580-300x200.jpg 300w, https:\/\/www.markusreisen.de\/japan\/wp-content\/uploads\/sites\/5\/2017\/10\/P1030580-768x512.jpg 768w\" sizes=\"auto, (max-width: 709px) 85vw, (max-width: 909px) 67vw, (max-width: 1362px) 62vw, 840px\" \/><\/a><figcaption id=\"caption-attachment-874\" class=\"wp-caption-text\">Am Motsu-ji ist vor allem die Gartenanlage ber\u00fchmt. Leider war die Freude vom immer st\u00e4rker werdenden Regen getr\u00fcbt. Man stelle sich diese Farben in der Sonne vor.<\/figcaption><\/figure>\n<figure id=\"attachment_875\" aria-describedby=\"caption-attachment-875\" style=\"width: 840px\" class=\"wp-caption alignnone\"><a href=\"https:\/\/www.markusreisen.de\/japan\/wp-content\/uploads\/sites\/5\/2017\/10\/P1030581.jpg\"><img loading=\"lazy\" decoding=\"async\" class=\"wp-image-875 size-large\" src=\"https:\/\/www.markusreisen.de\/japan\/wp-content\/uploads\/sites\/5\/2017\/10\/P1030581-1024x682.jpg\" alt=\"\" width=\"840\" height=\"559\" srcset=\"https:\/\/www.markusreisen.de\/japan\/wp-content\/uploads\/sites\/5\/2017\/10\/P1030581.jpg 1024w, https:\/\/www.markusreisen.de\/japan\/wp-content\/uploads\/sites\/5\/2017\/10\/P1030581-300x200.jpg 300w, https:\/\/www.markusreisen.de\/japan\/wp-content\/uploads\/sites\/5\/2017\/10\/P1030581-768x512.jpg 768w\" sizes=\"auto, (max-width: 709px) 85vw, (max-width: 909px) 67vw, (max-width: 1362px) 62vw, 840px\" \/><\/a><figcaption id=\"caption-attachment-875\" class=\"wp-caption-text\">oder diese&#8230;<\/figcaption><\/figure>\n<figure id=\"attachment_876\" aria-describedby=\"caption-attachment-876\" style=\"width: 840px\" class=\"wp-caption alignnone\"><a href=\"https:\/\/www.markusreisen.de\/japan\/wp-content\/uploads\/sites\/5\/2017\/10\/P1030595.jpg\"><img loading=\"lazy\" decoding=\"async\" class=\"wp-image-876 size-large\" src=\"https:\/\/www.markusreisen.de\/japan\/wp-content\/uploads\/sites\/5\/2017\/10\/P1030595-1024x682.jpg\" alt=\"\" width=\"840\" height=\"559\" srcset=\"https:\/\/www.markusreisen.de\/japan\/wp-content\/uploads\/sites\/5\/2017\/10\/P1030595.jpg 1024w, https:\/\/www.markusreisen.de\/japan\/wp-content\/uploads\/sites\/5\/2017\/10\/P1030595-300x200.jpg 300w, https:\/\/www.markusreisen.de\/japan\/wp-content\/uploads\/sites\/5\/2017\/10\/P1030595-768x512.jpg 768w\" sizes=\"auto, (max-width: 709px) 85vw, (max-width: 909px) 67vw, (max-width: 1362px) 62vw, 840px\" \/><\/a><figcaption id=\"caption-attachment-876\" class=\"wp-caption-text\">oder diese!<\/figcaption><\/figure>\n<figure id=\"attachment_881\" aria-describedby=\"caption-attachment-881\" style=\"width: 840px\" class=\"wp-caption alignnone\"><a href=\"https:\/\/www.markusreisen.de\/japan\/wp-content\/uploads\/sites\/5\/2017\/10\/P1030622.jpg\"><img loading=\"lazy\" decoding=\"async\" class=\"wp-image-881 size-large\" src=\"https:\/\/www.markusreisen.de\/japan\/wp-content\/uploads\/sites\/5\/2017\/10\/P1030622-1024x682.jpg\" alt=\"\" width=\"840\" height=\"559\" srcset=\"https:\/\/www.markusreisen.de\/japan\/wp-content\/uploads\/sites\/5\/2017\/10\/P1030622.jpg 1024w, https:\/\/www.markusreisen.de\/japan\/wp-content\/uploads\/sites\/5\/2017\/10\/P1030622-300x200.jpg 300w, https:\/\/www.markusreisen.de\/japan\/wp-content\/uploads\/sites\/5\/2017\/10\/P1030622-768x512.jpg 768w\" sizes=\"auto, (max-width: 709px) 85vw, (max-width: 909px) 67vw, (max-width: 1362px) 62vw, 840px\" \/><\/a><figcaption id=\"caption-attachment-881\" class=\"wp-caption-text\">Die gr\u00f6\u00dfte Tempelanlage ist der Chuson-ji. Hier der Vorhof der Haupthalle.<\/figcaption><\/figure>\n<figure id=\"attachment_880\" aria-describedby=\"caption-attachment-880\" style=\"width: 840px\" class=\"wp-caption alignnone\"><a href=\"https:\/\/www.markusreisen.de\/japan\/wp-content\/uploads\/sites\/5\/2017\/10\/P1030615.jpg\"><img loading=\"lazy\" decoding=\"async\" class=\"wp-image-880 size-large\" src=\"https:\/\/www.markusreisen.de\/japan\/wp-content\/uploads\/sites\/5\/2017\/10\/P1030615-1024x682.jpg\" alt=\"\" width=\"840\" height=\"559\" srcset=\"https:\/\/www.markusreisen.de\/japan\/wp-content\/uploads\/sites\/5\/2017\/10\/P1030615.jpg 1024w, https:\/\/www.markusreisen.de\/japan\/wp-content\/uploads\/sites\/5\/2017\/10\/P1030615-300x200.jpg 300w, https:\/\/www.markusreisen.de\/japan\/wp-content\/uploads\/sites\/5\/2017\/10\/P1030615-768x512.jpg 768w\" sizes=\"auto, (max-width: 709px) 85vw, (max-width: 909px) 67vw, (max-width: 1362px) 62vw, 840px\" \/><\/a><figcaption id=\"caption-attachment-880\" class=\"wp-caption-text\">Die Zypresse vor der Haupthalle. Die Haupthalle selbst ist gar nicht so spektakul\u00e4r.<\/figcaption><\/figure>\n<figure id=\"attachment_878\" aria-describedby=\"caption-attachment-878\" style=\"width: 840px\" class=\"wp-caption alignnone\"><a href=\"https:\/\/www.markusreisen.de\/japan\/wp-content\/uploads\/sites\/5\/2017\/10\/P1030608.jpg\"><img loading=\"lazy\" decoding=\"async\" class=\"wp-image-878 size-large\" src=\"https:\/\/www.markusreisen.de\/japan\/wp-content\/uploads\/sites\/5\/2017\/10\/P1030608-1024x682.jpg\" alt=\"\" width=\"840\" height=\"559\" srcset=\"https:\/\/www.markusreisen.de\/japan\/wp-content\/uploads\/sites\/5\/2017\/10\/P1030608.jpg 1024w, https:\/\/www.markusreisen.de\/japan\/wp-content\/uploads\/sites\/5\/2017\/10\/P1030608-300x200.jpg 300w, https:\/\/www.markusreisen.de\/japan\/wp-content\/uploads\/sites\/5\/2017\/10\/P1030608-768x512.jpg 768w\" sizes=\"auto, (max-width: 709px) 85vw, (max-width: 909px) 67vw, (max-width: 1362px) 62vw, 840px\" \/><\/a><figcaption id=\"caption-attachment-878\" class=\"wp-caption-text\">Eine gro\u00dfe Chrysanthemenausstellung gab es auch.<\/figcaption><\/figure>\n<figure id=\"attachment_879\" aria-describedby=\"caption-attachment-879\" style=\"width: 840px\" class=\"wp-caption alignnone\"><a href=\"https:\/\/www.markusreisen.de\/japan\/wp-content\/uploads\/sites\/5\/2017\/10\/P1030613.jpg\"><img loading=\"lazy\" decoding=\"async\" class=\"wp-image-879 size-large\" src=\"https:\/\/www.markusreisen.de\/japan\/wp-content\/uploads\/sites\/5\/2017\/10\/P1030613-1024x682.jpg\" alt=\"\" width=\"840\" height=\"559\" srcset=\"https:\/\/www.markusreisen.de\/japan\/wp-content\/uploads\/sites\/5\/2017\/10\/P1030613.jpg 1024w, https:\/\/www.markusreisen.de\/japan\/wp-content\/uploads\/sites\/5\/2017\/10\/P1030613-300x200.jpg 300w, https:\/\/www.markusreisen.de\/japan\/wp-content\/uploads\/sites\/5\/2017\/10\/P1030613-768x512.jpg 768w\" sizes=\"auto, (max-width: 709px) 85vw, (max-width: 909px) 67vw, (max-width: 1362px) 62vw, 840px\" \/><\/a><figcaption id=\"caption-attachment-879\" class=\"wp-caption-text\">Der Chuson-ji ist eine buddhistische Tempelanlage. Aber dieser shintoistische Schrein hat sich trotzdem eingeschlichen.<\/figcaption><\/figure>\n<figure id=\"attachment_866\" aria-describedby=\"caption-attachment-866\" style=\"width: 840px\" class=\"wp-caption alignnone\"><a href=\"https:\/\/www.markusreisen.de\/japan\/wp-content\/uploads\/sites\/5\/2017\/10\/chusonji2.jpeg\"><img loading=\"lazy\" decoding=\"async\" class=\"wp-image-866 size-large\" src=\"https:\/\/www.markusreisen.de\/japan\/wp-content\/uploads\/sites\/5\/2017\/10\/chusonji2-972x1024.jpeg\" alt=\"\" width=\"840\" height=\"885\" srcset=\"https:\/\/www.markusreisen.de\/japan\/wp-content\/uploads\/sites\/5\/2017\/10\/chusonji2-972x1024.jpeg 972w, https:\/\/www.markusreisen.de\/japan\/wp-content\/uploads\/sites\/5\/2017\/10\/chusonji2-285x300.jpeg 285w, https:\/\/www.markusreisen.de\/japan\/wp-content\/uploads\/sites\/5\/2017\/10\/chusonji2-768x809.jpeg 768w, https:\/\/www.markusreisen.de\/japan\/wp-content\/uploads\/sites\/5\/2017\/10\/chusonji2.jpeg 1024w\" sizes=\"auto, (max-width: 709px) 85vw, (max-width: 909px) 67vw, (max-width: 1362px) 62vw, 840px\" \/><\/a><figcaption id=\"caption-attachment-866\" class=\"wp-caption-text\">Der gr\u00f6\u00dfte Kulturschatz von Hiraizumi ist der Konjiki-do mit viel Gold und Perlmutt. Den darf man selber nicht fotografieren, drum hier ein Bild aus dem Internet.<\/figcaption><\/figure>\n<figure id=\"attachment_882\" aria-describedby=\"caption-attachment-882\" style=\"width: 683px\" class=\"wp-caption alignnone\"><a href=\"https:\/\/www.markusreisen.de\/japan\/wp-content\/uploads\/sites\/5\/2017\/10\/P1030625.jpg\"><img loading=\"lazy\" decoding=\"async\" class=\"wp-image-882 size-large\" src=\"https:\/\/www.markusreisen.de\/japan\/wp-content\/uploads\/sites\/5\/2017\/10\/P1030625-683x1024.jpg\" alt=\"\" width=\"683\" height=\"1024\" srcset=\"https:\/\/www.markusreisen.de\/japan\/wp-content\/uploads\/sites\/5\/2017\/10\/P1030625-683x1024.jpg 683w, https:\/\/www.markusreisen.de\/japan\/wp-content\/uploads\/sites\/5\/2017\/10\/P1030625-200x300.jpg 200w, https:\/\/www.markusreisen.de\/japan\/wp-content\/uploads\/sites\/5\/2017\/10\/P1030625-768x1152.jpg 768w, https:\/\/www.markusreisen.de\/japan\/wp-content\/uploads\/sites\/5\/2017\/10\/P1030625.jpg 1024w\" sizes=\"auto, (max-width: 709px) 85vw, (max-width: 909px) 67vw, (max-width: 984px) 61vw, (max-width: 1362px) 45vw, 600px\" \/><\/a><figcaption id=\"caption-attachment-882\" class=\"wp-caption-text\">Hier wird des tragischen Helden Minamoto Yoshitsune gedacht, dem Halbbruder des ersten Shoguns Minamoto Yoritomo. Leider war der Yoshitsune zu beliebt, drum wollte der Shogun ihm ans Leder. Letztlich hat Yoshitsune, der in Hiraizumi Unterschlupf gefunden hatte, Seppuku begangen. Der Shogun ist dann trotzdem in Hiraizumi einmarschiert, war also alles umsonst.<\/figcaption><\/figure>\n<figure id=\"attachment_867\" aria-describedby=\"caption-attachment-867\" style=\"width: 840px\" class=\"wp-caption alignnone\"><a href=\"https:\/\/www.markusreisen.de\/japan\/wp-content\/uploads\/sites\/5\/2017\/10\/P1030533.jpg\"><img loading=\"lazy\" decoding=\"async\" class=\"wp-image-867 size-large\" src=\"https:\/\/www.markusreisen.de\/japan\/wp-content\/uploads\/sites\/5\/2017\/10\/P1030533-1024x682.jpg\" alt=\"\" width=\"840\" height=\"559\" srcset=\"https:\/\/www.markusreisen.de\/japan\/wp-content\/uploads\/sites\/5\/2017\/10\/P1030533.jpg 1024w, https:\/\/www.markusreisen.de\/japan\/wp-content\/uploads\/sites\/5\/2017\/10\/P1030533-300x200.jpg 300w, https:\/\/www.markusreisen.de\/japan\/wp-content\/uploads\/sites\/5\/2017\/10\/P1030533-768x512.jpg 768w\" sizes=\"auto, (max-width: 709px) 85vw, (max-width: 909px) 67vw, (max-width: 1362px) 62vw, 840px\" \/><\/a><figcaption id=\"caption-attachment-867\" class=\"wp-caption-text\">Hier noch mein erstes Abendessen dieser Reise&#8230;<\/figcaption><\/figure>\n<figure id=\"attachment_877\" aria-describedby=\"caption-attachment-877\" style=\"width: 840px\" class=\"wp-caption alignnone\"><a href=\"https:\/\/www.markusreisen.de\/japan\/wp-content\/uploads\/sites\/5\/2017\/10\/P1030602.jpg\"><img loading=\"lazy\" decoding=\"async\" class=\"wp-image-877 size-large\" src=\"https:\/\/www.markusreisen.de\/japan\/wp-content\/uploads\/sites\/5\/2017\/10\/P1030602-1024x682.jpg\" alt=\"\" width=\"840\" height=\"559\" srcset=\"https:\/\/www.markusreisen.de\/japan\/wp-content\/uploads\/sites\/5\/2017\/10\/P1030602.jpg 1024w, https:\/\/www.markusreisen.de\/japan\/wp-content\/uploads\/sites\/5\/2017\/10\/P1030602-300x200.jpg 300w, https:\/\/www.markusreisen.de\/japan\/wp-content\/uploads\/sites\/5\/2017\/10\/P1030602-768x512.jpg 768w\" sizes=\"auto, (max-width: 709px) 85vw, (max-width: 909px) 67vw, (max-width: 1362px) 62vw, 840px\" \/><\/a><figcaption id=\"caption-attachment-877\" class=\"wp-caption-text\">&#8230;und mein erstes Mittagessen.<\/figcaption><\/figure>\n<p>Morgen geht es weiter nach Aomori ganz im Norden von Honshu. Evtl. poste ich vorher noch ein paar Videos.<\/p>\n","protected":false},"excerpt":{"rendered":"<p>Wie erwartet war das Wetter heute schlecht, Dauerregen. Um das Beste daraus zu machen haben wir unser Programm gestrafft: erst sind wir gleich in der Fr\u00fch nach Geibikei, einer landschaftlich sch\u00f6nen Schlucht bei Hiraizumi gefahren. Die erste Bootsfahrt des Tages war nur leicht verregnet und leicht besucht, die n\u00e4chste nach uns war schon deutlich voller! &hellip; <a href=\"https:\/\/www.markusreisen.de\/japan\/japan2017\/22-10-2017-geibikei-und-hiraizumi\/\" class=\"more-link\"><span class=\"screen-reader-text\">\u201e22.10.2017 Geibikei und Hiraizumi\u201c <\/span>weiterlesen<\/a><\/p>\n","protected":false},"author":1,"featured_media":0,"comment_status":"open","ping_status":"open","sticky":false,"template":"","format":"standard","meta":{"footnotes":""},"categories":[6],"tags":[],"class_list":["post-883","post","type-post","status-publish","format-standard","hentry","category-japan2017"],"_links":{"self":[{"href":"https:\/\/www.markusreisen.de\/japan\/wp-json\/wp\/v2\/posts\/883","targetHints":{"allow":["GET"]}}],"collection":[{"href":"https:\/\/www.markusreisen.de\/japan\/wp-json\/wp\/v2\/posts"}],"about":[{"href":"https:\/\/www.markusreisen.de\/japan\/wp-json\/wp\/v2\/types\/post"}],"author":[{"embeddable":true,"href":"https:\/\/www.markusreisen.de\/japan\/wp-json\/wp\/v2\/users\/1"}],"replies":[{"embeddable":true,"href":"https:\/\/www.markusreisen.de\/japan\/wp-json\/wp\/v2\/comments?post=883"}],"version-history":[{"count":5,"href":"https:\/\/www.markusreisen.de\/japan\/wp-json\/wp\/v2\/posts\/883\/revisions"}],"predecessor-version":[{"id":1262,"href":"https:\/\/www.markusreisen.de\/japan\/wp-json\/wp\/v2\/posts\/883\/revisions\/1262"}],"wp:attachment":[{"href":"https:\/\/www.markusreisen.de\/japan\/wp-json\/wp\/v2\/media?parent=883"}],"wp:term":[{"taxonomy":"category","embeddable":true,"href":"https:\/\/www.markusreisen.de\/japan\/wp-json\/wp\/v2\/categories?post=883"},{"taxonomy":"post_tag","embeddable":true,"href":"https:\/\/www.markusreisen.de\/japan\/wp-json\/wp\/v2\/tags?post=883"}],"curies":[{"name":"wp","href":"https:\/\/api.w.org\/{rel}","templated":true}]}}