{"id":512,"date":"2016-03-25T08:07:21","date_gmt":"2016-03-25T07:07:21","guid":{"rendered":"https:\/\/markusnippon.wordpress.com\/?p=512"},"modified":"2022-10-18T17:01:23","modified_gmt":"2022-10-18T15:01:23","slug":"25-03-kagoshima-sengan-en-und-sakurajima","status":"publish","type":"post","link":"https:\/\/www.markusreisen.de\/japan\/japanreise-2016\/25-03-kagoshima-sengan-en-und-sakurajima\/","title":{"rendered":"25.03. Kagoshima: Sengan-en und Sakurajima"},"content":{"rendered":"\n<p>Heute in Kagoshima standen zwei Punkte auf dem Programm, die wir 2014 nicht geschafft haben. Sengan-en, der Garten des \u00f6rtlichen Shimazu-Adelsgeschlechtes und die Vulkaninsel Sakurajima (da waren wir zwar 2014 schon, sind aber auf der Insel nicht rumgekommen).<\/p>\n\n\n\n<p>Der Sengan-en ist etwas au\u00dferhalb der Stadt und war seit dem 17. Jahrhundert zweiter Wohnsitz der Shimazu. Die Shimazu, Herrscher der Satsuma-Provinz, hatten am meisten Kontakt mit China und Europa und waren selbst vor der Meiji-Restoration (1868) schon die treibenden Kr\u00e4fte der Modernisierung Japans.<\/p>\n\n\n\n<figure class=\"wp-block-image\"><a href=\"https:\/\/www.markusreisen.de\/japan\/wp-content\/uploads\/sites\/5\/2016\/03\/p1000399.jpg\" rel=\"attachment wp-att-509\"><img loading=\"lazy\" decoding=\"async\" width=\"4896\" height=\"3672\" src=\"https:\/\/www.markusreisen.de\/japan\/wp-content\/uploads\/sites\/5\/2016\/03\/p1000399.jpg?w=625\" alt=\"P1000399\" class=\"wp-image-509\" srcset=\"https:\/\/www.markusreisen.de\/japan\/wp-content\/uploads\/sites\/5\/2016\/03\/p1000399.jpg 4896w, https:\/\/www.markusreisen.de\/japan\/wp-content\/uploads\/sites\/5\/2016\/03\/p1000399-300x225.jpg 300w, https:\/\/www.markusreisen.de\/japan\/wp-content\/uploads\/sites\/5\/2016\/03\/p1000399-768x576.jpg 768w, https:\/\/www.markusreisen.de\/japan\/wp-content\/uploads\/sites\/5\/2016\/03\/p1000399-1024x768.jpg 1024w\" sizes=\"auto, (max-width: 709px) 85vw, (max-width: 909px) 67vw, (max-width: 1362px) 62vw, 840px\" \/><\/a><figcaption>Wer jetzt bei Satsuma vornehmlich an die Fr\u00fcchte denkt, die gibt es nat\u00fcrlich auch.<\/figcaption><\/figure>\n\n\n\n<figure class=\"wp-block-image\"><a href=\"https:\/\/www.markusreisen.de\/japan\/wp-content\/uploads\/sites\/5\/2016\/03\/p1000401.jpg\" rel=\"attachment wp-att-510\"><img loading=\"lazy\" decoding=\"async\" width=\"4896\" height=\"3672\" src=\"https:\/\/www.markusreisen.de\/japan\/wp-content\/uploads\/sites\/5\/2016\/03\/p1000401.jpg?w=625\" alt=\"P1000401\" class=\"wp-image-510\" srcset=\"https:\/\/www.markusreisen.de\/japan\/wp-content\/uploads\/sites\/5\/2016\/03\/p1000401.jpg 4896w, https:\/\/www.markusreisen.de\/japan\/wp-content\/uploads\/sites\/5\/2016\/03\/p1000401-300x225.jpg 300w, https:\/\/www.markusreisen.de\/japan\/wp-content\/uploads\/sites\/5\/2016\/03\/p1000401-768x576.jpg 768w, https:\/\/www.markusreisen.de\/japan\/wp-content\/uploads\/sites\/5\/2016\/03\/p1000401-1024x768.jpg 1024w\" sizes=\"auto, (max-width: 709px) 85vw, (max-width: 909px) 67vw, (max-width: 1362px) 62vw, 840px\" \/><\/a><figcaption>Noch viel beeindruckender ist aber der Sakurajima-Rettich, der es aufgrund der fruchtbaren Vulkanerde locker auf die Gr\u00f6\u00dfe eines Basketballs bringt.<\/figcaption><\/figure>\n\n\n\n<figure class=\"wp-block-image\"><a href=\"https:\/\/www.markusreisen.de\/japan\/wp-content\/uploads\/sites\/5\/2016\/03\/p1000435.jpg\" rel=\"attachment wp-att-499\"><img loading=\"lazy\" decoding=\"async\" width=\"4896\" height=\"3672\" src=\"https:\/\/www.markusreisen.de\/japan\/wp-content\/uploads\/sites\/5\/2016\/03\/p1000435.jpg?w=625\" alt=\"P1000435\" class=\"wp-image-499\" srcset=\"https:\/\/www.markusreisen.de\/japan\/wp-content\/uploads\/sites\/5\/2016\/03\/p1000435.jpg 4896w, https:\/\/www.markusreisen.de\/japan\/wp-content\/uploads\/sites\/5\/2016\/03\/p1000435-300x225.jpg 300w, https:\/\/www.markusreisen.de\/japan\/wp-content\/uploads\/sites\/5\/2016\/03\/p1000435-768x576.jpg 768w, https:\/\/www.markusreisen.de\/japan\/wp-content\/uploads\/sites\/5\/2016\/03\/p1000435-1024x768.jpg 1024w\" sizes=\"auto, (max-width: 709px) 85vw, (max-width: 909px) 67vw, (max-width: 1362px) 62vw, 840px\" \/><\/a><figcaption>Bl\u00fcten gibt es nat\u00fcrlich auch, wobei ich denke, dass dies hier Ume-B\u00e4ume (die Aprikose\/Pflaume aus denen der Wein gemacht wird) sind.<\/figcaption><\/figure>\n\n\n\n<figure class=\"wp-block-image\"><a href=\"https:\/\/www.markusreisen.de\/japan\/wp-content\/uploads\/sites\/5\/2016\/03\/p1000438.jpg\" rel=\"attachment wp-att-501\"><img loading=\"lazy\" decoding=\"async\" width=\"3672\" height=\"4896\" src=\"https:\/\/www.markusreisen.de\/japan\/wp-content\/uploads\/sites\/5\/2016\/03\/p1000438.jpg?w=625\" alt=\"P1000438\" class=\"wp-image-501\" srcset=\"https:\/\/www.markusreisen.de\/japan\/wp-content\/uploads\/sites\/5\/2016\/03\/p1000438.jpg 3672w, https:\/\/www.markusreisen.de\/japan\/wp-content\/uploads\/sites\/5\/2016\/03\/p1000438-225x300.jpg 225w, https:\/\/www.markusreisen.de\/japan\/wp-content\/uploads\/sites\/5\/2016\/03\/p1000438-768x1024.jpg 768w\" sizes=\"auto, (max-width: 709px) 85vw, (max-width: 909px) 67vw, (max-width: 1362px) 62vw, 840px\" \/><\/a><figcaption>Die Ume ist auch schon am Abbl\u00fchen.<\/figcaption><\/figure>\n\n\n\n<figure class=\"wp-block-image\"><a href=\"https:\/\/www.markusreisen.de\/japan\/wp-content\/uploads\/sites\/5\/2016\/03\/p1000436.jpg\" rel=\"attachment wp-att-500\"><img loading=\"lazy\" decoding=\"async\" width=\"4896\" height=\"3672\" src=\"https:\/\/www.markusreisen.de\/japan\/wp-content\/uploads\/sites\/5\/2016\/03\/p1000436.jpg?w=625\" alt=\"P1000436\" class=\"wp-image-500\" srcset=\"https:\/\/www.markusreisen.de\/japan\/wp-content\/uploads\/sites\/5\/2016\/03\/p1000436.jpg 4896w, https:\/\/www.markusreisen.de\/japan\/wp-content\/uploads\/sites\/5\/2016\/03\/p1000436-300x225.jpg 300w, https:\/\/www.markusreisen.de\/japan\/wp-content\/uploads\/sites\/5\/2016\/03\/p1000436-768x576.jpg 768w, https:\/\/www.markusreisen.de\/japan\/wp-content\/uploads\/sites\/5\/2016\/03\/p1000436-1024x768.jpg 1024w\" sizes=\"auto, (max-width: 709px) 85vw, (max-width: 909px) 67vw, (max-width: 1362px) 62vw, 840px\" \/><\/a><figcaption>Das Bambusw\u00e4ldchen hingegen ist immer gr\u00fcn.<\/figcaption><\/figure>\n\n\n\n<figure class=\"wp-block-image\"><a href=\"https:\/\/www.markusreisen.de\/japan\/wp-content\/uploads\/sites\/5\/2016\/03\/p1000416.jpg\" rel=\"attachment wp-att-497\"><img loading=\"lazy\" decoding=\"async\" width=\"4896\" height=\"3672\" src=\"https:\/\/www.markusreisen.de\/japan\/wp-content\/uploads\/sites\/5\/2016\/03\/p1000416.jpg?w=625\" alt=\"P1000416\" class=\"wp-image-497\" srcset=\"https:\/\/www.markusreisen.de\/japan\/wp-content\/uploads\/sites\/5\/2016\/03\/p1000416.jpg 4896w, https:\/\/www.markusreisen.de\/japan\/wp-content\/uploads\/sites\/5\/2016\/03\/p1000416-300x225.jpg 300w, https:\/\/www.markusreisen.de\/japan\/wp-content\/uploads\/sites\/5\/2016\/03\/p1000416-768x576.jpg 768w, https:\/\/www.markusreisen.de\/japan\/wp-content\/uploads\/sites\/5\/2016\/03\/p1000416-1024x768.jpg 1024w\" sizes=\"auto, (max-width: 709px) 85vw, (max-width: 909px) 67vw, (max-width: 1362px) 62vw, 840px\" \/><\/a><figcaption>Hier die Residenz des Daimyo (F\u00fcrsten).<\/figcaption><\/figure>\n\n\n\n<p>Weitere Ansichten aus dem Garten:<\/p>\n\n\n\n<figure class=\"wp-block-image\"><a href=\"https:\/\/www.markusreisen.de\/japan\/wp-content\/uploads\/sites\/5\/2016\/03\/p1000418.jpg\" rel=\"attachment wp-att-498\"><img loading=\"lazy\" decoding=\"async\" width=\"4896\" height=\"3672\" src=\"https:\/\/www.markusreisen.de\/japan\/wp-content\/uploads\/sites\/5\/2016\/03\/p1000418.jpg?w=625\" alt=\"P1000418\" class=\"wp-image-498\" srcset=\"https:\/\/www.markusreisen.de\/japan\/wp-content\/uploads\/sites\/5\/2016\/03\/p1000418.jpg 4896w, https:\/\/www.markusreisen.de\/japan\/wp-content\/uploads\/sites\/5\/2016\/03\/p1000418-300x225.jpg 300w, https:\/\/www.markusreisen.de\/japan\/wp-content\/uploads\/sites\/5\/2016\/03\/p1000418-768x576.jpg 768w, https:\/\/www.markusreisen.de\/japan\/wp-content\/uploads\/sites\/5\/2016\/03\/p1000418-1024x768.jpg 1024w\" sizes=\"auto, (max-width: 709px) 85vw, (max-width: 909px) 67vw, (max-width: 1362px) 62vw, 840px\" \/><\/a><\/figure>\n\n\n\n<figure class=\"wp-block-image\"><a href=\"https:\/\/www.markusreisen.de\/japan\/wp-content\/uploads\/sites\/5\/2016\/03\/p1000413.jpg\" rel=\"attachment wp-att-496\"><img loading=\"lazy\" decoding=\"async\" width=\"4896\" height=\"3672\" src=\"https:\/\/www.markusreisen.de\/japan\/wp-content\/uploads\/sites\/5\/2016\/03\/p1000413.jpg?w=625\" alt=\"P1000413\" class=\"wp-image-496\" srcset=\"https:\/\/www.markusreisen.de\/japan\/wp-content\/uploads\/sites\/5\/2016\/03\/p1000413.jpg 4896w, https:\/\/www.markusreisen.de\/japan\/wp-content\/uploads\/sites\/5\/2016\/03\/p1000413-300x225.jpg 300w, https:\/\/www.markusreisen.de\/japan\/wp-content\/uploads\/sites\/5\/2016\/03\/p1000413-768x576.jpg 768w, https:\/\/www.markusreisen.de\/japan\/wp-content\/uploads\/sites\/5\/2016\/03\/p1000413-1024x768.jpg 1024w\" sizes=\"auto, (max-width: 709px) 85vw, (max-width: 909px) 67vw, (max-width: 1362px) 62vw, 840px\" \/><\/a><\/figure>\n\n\n\n<p>Das eigentlich besondere am Sengan-en ist aber dies: ein japanischer Garten muss immer einen H\u00fcgel und einen Teich enthalten. Hier hat man drauf verzichtet. Warum? Die nat\u00fcrliche Aussicht stellt jede k\u00fcnstliche Anlage in den Schatten:<\/p>\n\n\n\n<figure class=\"wp-block-image\"><a href=\"https:\/\/www.markusreisen.de\/japan\/wp-content\/uploads\/sites\/5\/2016\/03\/p1000441.jpg\" rel=\"attachment wp-att-502\"><img loading=\"lazy\" decoding=\"async\" width=\"4896\" height=\"3672\" src=\"https:\/\/www.markusreisen.de\/japan\/wp-content\/uploads\/sites\/5\/2016\/03\/p1000441.jpg?w=625\" alt=\"P1000441\" class=\"wp-image-502\" srcset=\"https:\/\/www.markusreisen.de\/japan\/wp-content\/uploads\/sites\/5\/2016\/03\/p1000441.jpg 4896w, https:\/\/www.markusreisen.de\/japan\/wp-content\/uploads\/sites\/5\/2016\/03\/p1000441-300x225.jpg 300w, https:\/\/www.markusreisen.de\/japan\/wp-content\/uploads\/sites\/5\/2016\/03\/p1000441-768x576.jpg 768w, https:\/\/www.markusreisen.de\/japan\/wp-content\/uploads\/sites\/5\/2016\/03\/p1000441-1024x768.jpg 1024w\" sizes=\"auto, (max-width: 709px) 85vw, (max-width: 909px) 67vw, (max-width: 1362px) 62vw, 840px\" \/><\/a><\/figure>\n\n\n\n<p>Die Shimazu waren wie gesagt Modernisierer. Interessanterweise haben sie darum das Gel\u00e4nde neben dem Garten f\u00fcr die fr\u00fchesten Experimente mit japanischer Industrialisierung genutzt, was mittlerweile ein ziemlich gut aufbereitetes und dokumentiertes Gel\u00e4nde \/ Museum ist &#8211; im Museum darf man leider nicht fotografieren.<\/p>\n\n\n\n<figure class=\"wp-block-image\"><a href=\"https:\/\/www.markusreisen.de\/japan\/wp-content\/uploads\/sites\/5\/2016\/03\/p1000403.jpg\" rel=\"attachment wp-att-511\"><img loading=\"lazy\" decoding=\"async\" width=\"4896\" height=\"3672\" src=\"https:\/\/www.markusreisen.de\/japan\/wp-content\/uploads\/sites\/5\/2016\/03\/p1000403.jpg?w=625\" alt=\"P1000403\" class=\"wp-image-511\" srcset=\"https:\/\/www.markusreisen.de\/japan\/wp-content\/uploads\/sites\/5\/2016\/03\/p1000403.jpg 4896w, https:\/\/www.markusreisen.de\/japan\/wp-content\/uploads\/sites\/5\/2016\/03\/p1000403-300x225.jpg 300w, https:\/\/www.markusreisen.de\/japan\/wp-content\/uploads\/sites\/5\/2016\/03\/p1000403-768x576.jpg 768w, https:\/\/www.markusreisen.de\/japan\/wp-content\/uploads\/sites\/5\/2016\/03\/p1000403-1024x768.jpg 1024w\" sizes=\"auto, (max-width: 709px) 85vw, (max-width: 909px) 67vw, (max-width: 1362px) 62vw, 840px\" \/><\/a><figcaption>Hier das Mon (Wappen) der Shimazu: ein Kreuz im Kreis.<\/figcaption><\/figure>\n\n\n\n<figure class=\"wp-block-image\"><a href=\"https:\/\/www.markusreisen.de\/japan\/wp-content\/uploads\/sites\/5\/2016\/03\/p1000397.jpg\" rel=\"attachment wp-att-508\"><img loading=\"lazy\" decoding=\"async\" width=\"4896\" height=\"3672\" src=\"https:\/\/www.markusreisen.de\/japan\/wp-content\/uploads\/sites\/5\/2016\/03\/p1000397.jpg?w=625\" alt=\"P1000397\" class=\"wp-image-508\" srcset=\"https:\/\/www.markusreisen.de\/japan\/wp-content\/uploads\/sites\/5\/2016\/03\/p1000397.jpg 4896w, https:\/\/www.markusreisen.de\/japan\/wp-content\/uploads\/sites\/5\/2016\/03\/p1000397-300x225.jpg 300w, https:\/\/www.markusreisen.de\/japan\/wp-content\/uploads\/sites\/5\/2016\/03\/p1000397-768x576.jpg 768w, https:\/\/www.markusreisen.de\/japan\/wp-content\/uploads\/sites\/5\/2016\/03\/p1000397-1024x768.jpg 1024w\" sizes=\"auto, (max-width: 709px) 85vw, (max-width: 909px) 67vw, (max-width: 1362px) 62vw, 840px\" \/><\/a><figcaption>Eine fr\u00fche Gie\u00dferei.<\/figcaption><\/figure>\n\n\n\n<p>Letztlich ging es bei der Modernisierung auch darum, wieder milit\u00e4rische Anschluss an den Rest der Welt zu finden. 1863 hatten die Shimazu sich mit den Briten angelegt, die wiederum Kagoshima bombardierten, ohne dass die Satsuma etwas dagegen tun konnten, ihre Kanonen hatten viel weniger Reichweite. Also schlossen die Shimazu Frieden, schickten junge Leute zum Lernen nach London und experimentierten mit fr\u00fcher Industrie. <\/p>\n\n\n\n<figure class=\"wp-block-image\"><a href=\"https:\/\/www.markusreisen.de\/japan\/wp-content\/uploads\/sites\/5\/2016\/03\/p1000396.jpg\" rel=\"attachment wp-att-507\"><img loading=\"lazy\" decoding=\"async\" width=\"4896\" height=\"3672\" src=\"https:\/\/www.markusreisen.de\/japan\/wp-content\/uploads\/sites\/5\/2016\/03\/p1000396.jpg?w=625\" alt=\"P1000396\" class=\"wp-image-507\" srcset=\"https:\/\/www.markusreisen.de\/japan\/wp-content\/uploads\/sites\/5\/2016\/03\/p1000396.jpg 4896w, https:\/\/www.markusreisen.de\/japan\/wp-content\/uploads\/sites\/5\/2016\/03\/p1000396-300x225.jpg 300w, https:\/\/www.markusreisen.de\/japan\/wp-content\/uploads\/sites\/5\/2016\/03\/p1000396-768x576.jpg 768w, https:\/\/www.markusreisen.de\/japan\/wp-content\/uploads\/sites\/5\/2016\/03\/p1000396-1024x768.jpg 1024w\" sizes=\"auto, (max-width: 709px) 85vw, (max-width: 909px) 67vw, (max-width: 1362px) 62vw, 840px\" \/><\/a><figcaption>Ein Ergebnis sieht man hier.<\/figcaption><\/figure>\n\n\n\n<figure class=\"wp-block-image\"><a href=\"https:\/\/www.markusreisen.de\/japan\/wp-content\/uploads\/sites\/5\/2016\/03\/p1000449_shiftn.jpg\" rel=\"attachment wp-att-503\"><img loading=\"lazy\" decoding=\"async\" width=\"4317\" height=\"3636\" src=\"https:\/\/www.markusreisen.de\/japan\/wp-content\/uploads\/sites\/5\/2016\/03\/p1000449_shiftn.jpg?w=625\" alt=\"P1000449_ShiftN\" class=\"wp-image-503\" srcset=\"https:\/\/www.markusreisen.de\/japan\/wp-content\/uploads\/sites\/5\/2016\/03\/p1000449_shiftn.jpg 4317w, https:\/\/www.markusreisen.de\/japan\/wp-content\/uploads\/sites\/5\/2016\/03\/p1000449_shiftn-300x253.jpg 300w, https:\/\/www.markusreisen.de\/japan\/wp-content\/uploads\/sites\/5\/2016\/03\/p1000449_shiftn-768x647.jpg 768w, https:\/\/www.markusreisen.de\/japan\/wp-content\/uploads\/sites\/5\/2016\/03\/p1000449_shiftn-1024x862.jpg 1024w\" sizes=\"auto, (max-width: 709px) 85vw, (max-width: 909px) 67vw, (max-width: 1362px) 62vw, 840px\" \/><\/a><figcaption>In diesem Geb\u00e4ude wiederum brachte man ausl\u00e4ndische (prim\u00e4r britische) Ingenieure unter, die man quasi zur Entwicklungshilfe ins Land geholt hatte.<\/figcaption><\/figure>\n\n\n\n<p>Am Nachmittag waren wir dann auf der Insel Sakurajima, wo wir mit einem anfangs v\u00f6llig \u00fcberf\u00fcllten Sightseeing-Bus rumfuhren. <\/p>\n\n\n\n<figure class=\"wp-block-image\"><a href=\"https:\/\/www.markusreisen.de\/japan\/wp-content\/uploads\/sites\/5\/2016\/03\/p1000457.jpg\" rel=\"attachment wp-att-504\"><img loading=\"lazy\" decoding=\"async\" width=\"4896\" height=\"3672\" src=\"https:\/\/www.markusreisen.de\/japan\/wp-content\/uploads\/sites\/5\/2016\/03\/p1000457.jpg?w=625\" alt=\"P1000457\" class=\"wp-image-504\" srcset=\"https:\/\/www.markusreisen.de\/japan\/wp-content\/uploads\/sites\/5\/2016\/03\/p1000457.jpg 4896w, https:\/\/www.markusreisen.de\/japan\/wp-content\/uploads\/sites\/5\/2016\/03\/p1000457-300x225.jpg 300w, https:\/\/www.markusreisen.de\/japan\/wp-content\/uploads\/sites\/5\/2016\/03\/p1000457-768x576.jpg 768w, https:\/\/www.markusreisen.de\/japan\/wp-content\/uploads\/sites\/5\/2016\/03\/p1000457-1024x768.jpg 1024w\" sizes=\"auto, (max-width: 709px) 85vw, (max-width: 909px) 67vw, (max-width: 1362px) 62vw, 840px\" \/><\/a><figcaption>Nicht alles war sehenswert, wie beispielsweise dieses zweifelhafte Kunstwerk.<\/figcaption><\/figure>\n\n\n\n<p>Aber die Ausblicke waren dann &#8211; trotz des diesigen Wetters &#8211; ziemlich gut.<\/p>\n\n\n\n<figure class=\"wp-block-image\"><a href=\"https:\/\/www.markusreisen.de\/japan\/wp-content\/uploads\/sites\/5\/2016\/03\/p1000464.jpg\" rel=\"attachment wp-att-506\"><img loading=\"lazy\" decoding=\"async\" width=\"4896\" height=\"3672\" src=\"https:\/\/www.markusreisen.de\/japan\/wp-content\/uploads\/sites\/5\/2016\/03\/p1000464.jpg?w=625\" alt=\"P1000464\" class=\"wp-image-506\" srcset=\"https:\/\/www.markusreisen.de\/japan\/wp-content\/uploads\/sites\/5\/2016\/03\/p1000464.jpg 4896w, https:\/\/www.markusreisen.de\/japan\/wp-content\/uploads\/sites\/5\/2016\/03\/p1000464-300x225.jpg 300w, https:\/\/www.markusreisen.de\/japan\/wp-content\/uploads\/sites\/5\/2016\/03\/p1000464-768x576.jpg 768w, https:\/\/www.markusreisen.de\/japan\/wp-content\/uploads\/sites\/5\/2016\/03\/p1000464-1024x768.jpg 1024w\" sizes=\"auto, (max-width: 709px) 85vw, (max-width: 909px) 67vw, (max-width: 1362px) 62vw, 840px\" \/><\/a><figcaption>Wie z.B. den Sakurajima aus soviel N\u00e4he wie erlaubt ist (der Vulkan ist aktiv und rauchte auch).<\/figcaption><\/figure>\n\n\n\n<figure class=\"wp-block-image\"><a href=\"https:\/\/www.markusreisen.de\/japan\/wp-content\/uploads\/sites\/5\/2016\/03\/p1000463.jpg\" rel=\"attachment wp-att-505\"><img loading=\"lazy\" decoding=\"async\" width=\"4896\" height=\"3672\" src=\"https:\/\/www.markusreisen.de\/japan\/wp-content\/uploads\/sites\/5\/2016\/03\/p1000463.jpg?w=625\" alt=\"P1000463\" class=\"wp-image-505\" srcset=\"https:\/\/www.markusreisen.de\/japan\/wp-content\/uploads\/sites\/5\/2016\/03\/p1000463.jpg 4896w, https:\/\/www.markusreisen.de\/japan\/wp-content\/uploads\/sites\/5\/2016\/03\/p1000463-300x225.jpg 300w, https:\/\/www.markusreisen.de\/japan\/wp-content\/uploads\/sites\/5\/2016\/03\/p1000463-768x576.jpg 768w, https:\/\/www.markusreisen.de\/japan\/wp-content\/uploads\/sites\/5\/2016\/03\/p1000463-1024x768.jpg 1024w\" sizes=\"auto, (max-width: 709px) 85vw, (max-width: 909px) 67vw, (max-width: 1362px) 62vw, 840px\" \/><\/a><figcaption>Oder auch solche Ausblicke \u00fcber die Bucht.<\/figcaption><\/figure>\n\n\n\n<p>Morgen geht es weiter nach Okayama, wo wir uns mit Tinis Freundin Miho treffen, die uns zwei Tage begleiten wird.<\/p>\n","protected":false},"excerpt":{"rendered":"<p>Heute in Kagoshima standen zwei Punkte auf dem Programm, die wir 2014 nicht geschafft haben. Sengan-en, der Garten des \u00f6rtlichen Shimazu-Adelsgeschlechtes und die Vulkaninsel Sakurajima (da waren wir zwar 2014 schon, sind aber auf der Insel nicht rumgekommen). Der Sengan-en ist etwas au\u00dferhalb der Stadt und war seit dem 17. Jahrhundert zweiter Wohnsitz der Shimazu. &hellip; <a href=\"https:\/\/www.markusreisen.de\/japan\/japanreise-2016\/25-03-kagoshima-sengan-en-und-sakurajima\/\" class=\"more-link\"><span class=\"screen-reader-text\">\u201e25.03. Kagoshima: Sengan-en und Sakurajima\u201c <\/span>weiterlesen<\/a><\/p>\n","protected":false},"author":2,"featured_media":0,"comment_status":"open","ping_status":"open","sticky":false,"template":"","format":"standard","meta":{"footnotes":""},"categories":[8],"tags":[],"class_list":["post-512","post","type-post","status-publish","format-standard","hentry","category-japanreise-2016"],"_links":{"self":[{"href":"https:\/\/www.markusreisen.de\/japan\/wp-json\/wp\/v2\/posts\/512","targetHints":{"allow":["GET"]}}],"collection":[{"href":"https:\/\/www.markusreisen.de\/japan\/wp-json\/wp\/v2\/posts"}],"about":[{"href":"https:\/\/www.markusreisen.de\/japan\/wp-json\/wp\/v2\/types\/post"}],"author":[{"embeddable":true,"href":"https:\/\/www.markusreisen.de\/japan\/wp-json\/wp\/v2\/users\/2"}],"replies":[{"embeddable":true,"href":"https:\/\/www.markusreisen.de\/japan\/wp-json\/wp\/v2\/comments?post=512"}],"version-history":[{"count":2,"href":"https:\/\/www.markusreisen.de\/japan\/wp-json\/wp\/v2\/posts\/512\/revisions"}],"predecessor-version":[{"id":1878,"href":"https:\/\/www.markusreisen.de\/japan\/wp-json\/wp\/v2\/posts\/512\/revisions\/1878"}],"wp:attachment":[{"href":"https:\/\/www.markusreisen.de\/japan\/wp-json\/wp\/v2\/media?parent=512"}],"wp:term":[{"taxonomy":"category","embeddable":true,"href":"https:\/\/www.markusreisen.de\/japan\/wp-json\/wp\/v2\/categories?post=512"},{"taxonomy":"post_tag","embeddable":true,"href":"https:\/\/www.markusreisen.de\/japan\/wp-json\/wp\/v2\/tags?post=512"}],"curies":[{"name":"wp","href":"https:\/\/api.w.org\/{rel}","templated":true}]}}