{"id":2802,"date":"2023-08-17T11:24:38","date_gmt":"2023-08-17T09:24:38","guid":{"rendered":"https:\/\/www.markusreisen.de\/japan\/?p=2802"},"modified":"2023-08-17T11:25:34","modified_gmt":"2023-08-17T09:25:34","slug":"17-08-2023-nara","status":"publish","type":"post","link":"https:\/\/www.markusreisen.de\/japan\/japanreise-2023\/17-08-2023-nara\/","title":{"rendered":"17.08.2023: Nara"},"content":{"rendered":"\n<p>Tagesausflug nach <a href=\"https:\/\/de.wikipedia.org\/wiki\/Nara-Park\" data-type=\"link\" data-id=\"https:\/\/de.wikipedia.org\/wiki\/Nara-Park\">Nara<\/a>, der alten Hauptstadt Japans von 710 bis 784, wo sich auch heute noch viele ber\u00fchmte und monumentale Tempel und Schreine befinden. Wir sind relativ fr\u00fch angekommen, gleich um 9 Uhr, was tats\u00e4chlich die Touristenhorden in Grenzen hielt. Extrem hei\u00df war es trotzdem und man muss schon ganz ordentlich marschieren, um die wichtigsten St\u00e4tten zu sehen.<\/p>\n\n\n\n<h2 class=\"wp-block-heading\">Sikahirsche<\/h2>\n\n\n\n<p>Bizarrerweise ist das bekannteste Feature an Nara gar nicht die UNESCO-Weltkulturerbest\u00e4tten, sondern die zahmen Hirsche. Die begegnen einem, sobald man das weitl\u00e4ufige Parkgel\u00e4nde betritt, denn viele Besucher kaufen von Verk\u00e4ufern die Hirschkekse, die ihnen als Nahrung dienen. Sie sind nat\u00fcrlich niedlich, aber eigentlich eher sowas wie Tauben oder noch weniger sympathische tierische Stadtbewohner&#8230;<\/p>\n\n\n\n<figure class=\"wp-block-gallery has-nested-images columns-1 is-cropped wp-block-gallery-1 is-layout-flex wp-block-gallery-is-layout-flex\">\n<figure class=\"wp-block-image size-large\"><a href=\"https:\/\/www.markusreisen.de\/japan\/wp-content\/uploads\/sites\/5\/2023\/08\/PXL_20230817_001741787-scaled.jpg\"><img loading=\"lazy\" decoding=\"async\" width=\"1024\" height=\"560\" data-id=\"2799\" src=\"https:\/\/www.markusreisen.de\/japan\/wp-content\/uploads\/sites\/5\/2023\/08\/PXL_20230817_001741787-1024x560.jpg\" alt=\"\" class=\"wp-image-2799\" srcset=\"https:\/\/www.markusreisen.de\/japan\/wp-content\/uploads\/sites\/5\/2023\/08\/PXL_20230817_001741787-1024x560.jpg 1024w, https:\/\/www.markusreisen.de\/japan\/wp-content\/uploads\/sites\/5\/2023\/08\/PXL_20230817_001741787-300x164.jpg 300w, https:\/\/www.markusreisen.de\/japan\/wp-content\/uploads\/sites\/5\/2023\/08\/PXL_20230817_001741787-768x420.jpg 768w, https:\/\/www.markusreisen.de\/japan\/wp-content\/uploads\/sites\/5\/2023\/08\/PXL_20230817_001741787-1536x840.jpg 1536w, https:\/\/www.markusreisen.de\/japan\/wp-content\/uploads\/sites\/5\/2023\/08\/PXL_20230817_001741787-2048x1120.jpg 2048w, https:\/\/www.markusreisen.de\/japan\/wp-content\/uploads\/sites\/5\/2023\/08\/PXL_20230817_001741787-1200x656.jpg 1200w\" sizes=\"auto, (max-width: 709px) 85vw, (max-width: 909px) 67vw, (max-width: 1362px) 62vw, 840px\" \/><\/a><\/figure>\n\n\n\n<figure class=\"wp-block-image size-large\"><a href=\"https:\/\/www.markusreisen.de\/japan\/wp-content\/uploads\/sites\/5\/2023\/08\/DSC00934-scaled.jpg\"><img loading=\"lazy\" decoding=\"async\" width=\"1024\" height=\"683\" data-id=\"2779\" src=\"https:\/\/www.markusreisen.de\/japan\/wp-content\/uploads\/sites\/5\/2023\/08\/DSC00934-1024x683.jpg\" alt=\"\" class=\"wp-image-2779\" srcset=\"https:\/\/www.markusreisen.de\/japan\/wp-content\/uploads\/sites\/5\/2023\/08\/DSC00934-1024x683.jpg 1024w, https:\/\/www.markusreisen.de\/japan\/wp-content\/uploads\/sites\/5\/2023\/08\/DSC00934-300x200.jpg 300w, https:\/\/www.markusreisen.de\/japan\/wp-content\/uploads\/sites\/5\/2023\/08\/DSC00934-768x512.jpg 768w, https:\/\/www.markusreisen.de\/japan\/wp-content\/uploads\/sites\/5\/2023\/08\/DSC00934-1536x1024.jpg 1536w, https:\/\/www.markusreisen.de\/japan\/wp-content\/uploads\/sites\/5\/2023\/08\/DSC00934-2048x1365.jpg 2048w, https:\/\/www.markusreisen.de\/japan\/wp-content\/uploads\/sites\/5\/2023\/08\/DSC00934-1200x800.jpg 1200w\" sizes=\"auto, (max-width: 709px) 85vw, (max-width: 909px) 67vw, (max-width: 1362px) 62vw, 840px\" \/><\/a><\/figure>\n\n\n\n<figure class=\"wp-block-image size-large\"><a href=\"https:\/\/www.markusreisen.de\/japan\/wp-content\/uploads\/sites\/5\/2023\/08\/DSC00931-scaled.jpg\"><img loading=\"lazy\" decoding=\"async\" width=\"1024\" height=\"800\" data-id=\"2778\" src=\"https:\/\/www.markusreisen.de\/japan\/wp-content\/uploads\/sites\/5\/2023\/08\/DSC00931-1024x800.jpg\" alt=\"\" class=\"wp-image-2778\" srcset=\"https:\/\/www.markusreisen.de\/japan\/wp-content\/uploads\/sites\/5\/2023\/08\/DSC00931-1024x800.jpg 1024w, https:\/\/www.markusreisen.de\/japan\/wp-content\/uploads\/sites\/5\/2023\/08\/DSC00931-300x234.jpg 300w, https:\/\/www.markusreisen.de\/japan\/wp-content\/uploads\/sites\/5\/2023\/08\/DSC00931-768x600.jpg 768w, https:\/\/www.markusreisen.de\/japan\/wp-content\/uploads\/sites\/5\/2023\/08\/DSC00931-1536x1200.jpg 1536w, https:\/\/www.markusreisen.de\/japan\/wp-content\/uploads\/sites\/5\/2023\/08\/DSC00931-2048x1600.jpg 2048w, https:\/\/www.markusreisen.de\/japan\/wp-content\/uploads\/sites\/5\/2023\/08\/DSC00931-1200x938.jpg 1200w\" sizes=\"auto, (max-width: 709px) 85vw, (max-width: 909px) 67vw, (max-width: 1362px) 62vw, 840px\" \/><\/a><\/figure>\n\n\n\n<figure class=\"wp-block-image size-large\"><a href=\"https:\/\/www.markusreisen.de\/japan\/wp-content\/uploads\/sites\/5\/2023\/08\/DSC00928-scaled.jpg\"><img loading=\"lazy\" decoding=\"async\" width=\"1024\" height=\"465\" data-id=\"2777\" src=\"https:\/\/www.markusreisen.de\/japan\/wp-content\/uploads\/sites\/5\/2023\/08\/DSC00928-1024x465.jpg\" alt=\"\" class=\"wp-image-2777\" srcset=\"https:\/\/www.markusreisen.de\/japan\/wp-content\/uploads\/sites\/5\/2023\/08\/DSC00928-1024x465.jpg 1024w, https:\/\/www.markusreisen.de\/japan\/wp-content\/uploads\/sites\/5\/2023\/08\/DSC00928-300x136.jpg 300w, https:\/\/www.markusreisen.de\/japan\/wp-content\/uploads\/sites\/5\/2023\/08\/DSC00928-768x349.jpg 768w, https:\/\/www.markusreisen.de\/japan\/wp-content\/uploads\/sites\/5\/2023\/08\/DSC00928-1536x698.jpg 1536w, https:\/\/www.markusreisen.de\/japan\/wp-content\/uploads\/sites\/5\/2023\/08\/DSC00928-2048x930.jpg 2048w, https:\/\/www.markusreisen.de\/japan\/wp-content\/uploads\/sites\/5\/2023\/08\/DSC00928-1200x545.jpg 1200w\" sizes=\"auto, (max-width: 709px) 85vw, (max-width: 909px) 67vw, (max-width: 1362px) 62vw, 840px\" \/><\/a><\/figure>\n\n\n\n<figure class=\"wp-block-image size-large\"><a href=\"https:\/\/www.markusreisen.de\/japan\/wp-content\/uploads\/sites\/5\/2023\/08\/DSC00927-scaled.jpg\"><img loading=\"lazy\" decoding=\"async\" width=\"1024\" height=\"683\" data-id=\"2776\" src=\"https:\/\/www.markusreisen.de\/japan\/wp-content\/uploads\/sites\/5\/2023\/08\/DSC00927-1024x683.jpg\" alt=\"\" class=\"wp-image-2776\" srcset=\"https:\/\/www.markusreisen.de\/japan\/wp-content\/uploads\/sites\/5\/2023\/08\/DSC00927-1024x683.jpg 1024w, https:\/\/www.markusreisen.de\/japan\/wp-content\/uploads\/sites\/5\/2023\/08\/DSC00927-300x200.jpg 300w, https:\/\/www.markusreisen.de\/japan\/wp-content\/uploads\/sites\/5\/2023\/08\/DSC00927-768x512.jpg 768w, https:\/\/www.markusreisen.de\/japan\/wp-content\/uploads\/sites\/5\/2023\/08\/DSC00927-1536x1024.jpg 1536w, https:\/\/www.markusreisen.de\/japan\/wp-content\/uploads\/sites\/5\/2023\/08\/DSC00927-2048x1365.jpg 2048w, https:\/\/www.markusreisen.de\/japan\/wp-content\/uploads\/sites\/5\/2023\/08\/DSC00927-1200x800.jpg 1200w\" sizes=\"auto, (max-width: 709px) 85vw, (max-width: 909px) 67vw, (max-width: 1362px) 62vw, 840px\" \/><\/a><\/figure>\n\n\n\n<figure class=\"wp-block-image size-large\"><a href=\"https:\/\/www.markusreisen.de\/japan\/wp-content\/uploads\/sites\/5\/2023\/08\/DSC00926-scaled.jpg\"><img loading=\"lazy\" decoding=\"async\" width=\"1024\" height=\"552\" data-id=\"2775\" src=\"https:\/\/www.markusreisen.de\/japan\/wp-content\/uploads\/sites\/5\/2023\/08\/DSC00926-1024x552.jpg\" alt=\"\" class=\"wp-image-2775\" srcset=\"https:\/\/www.markusreisen.de\/japan\/wp-content\/uploads\/sites\/5\/2023\/08\/DSC00926-1024x552.jpg 1024w, https:\/\/www.markusreisen.de\/japan\/wp-content\/uploads\/sites\/5\/2023\/08\/DSC00926-300x162.jpg 300w, https:\/\/www.markusreisen.de\/japan\/wp-content\/uploads\/sites\/5\/2023\/08\/DSC00926-768x414.jpg 768w, https:\/\/www.markusreisen.de\/japan\/wp-content\/uploads\/sites\/5\/2023\/08\/DSC00926-1536x828.jpg 1536w, https:\/\/www.markusreisen.de\/japan\/wp-content\/uploads\/sites\/5\/2023\/08\/DSC00926-2048x1104.jpg 2048w, https:\/\/www.markusreisen.de\/japan\/wp-content\/uploads\/sites\/5\/2023\/08\/DSC00926-1200x647.jpg 1200w\" sizes=\"auto, (max-width: 709px) 85vw, (max-width: 909px) 67vw, (max-width: 1362px) 62vw, 840px\" \/><\/a><figcaption class=\"wp-element-caption\">Dass auf diesem Bild eines Fl\u00fcgels des Nationalmuseums keine Hirsche sind, ist reiner Zufall. <\/figcaption><\/figure>\n\n\n\n<figure class=\"wp-block-image size-large\"><a href=\"https:\/\/www.markusreisen.de\/japan\/wp-content\/uploads\/sites\/5\/2023\/08\/DSC00924-scaled.jpg\"><img loading=\"lazy\" decoding=\"async\" width=\"811\" height=\"1024\" data-id=\"2774\" src=\"https:\/\/www.markusreisen.de\/japan\/wp-content\/uploads\/sites\/5\/2023\/08\/DSC00924-811x1024.jpg\" alt=\"\" class=\"wp-image-2774\" srcset=\"https:\/\/www.markusreisen.de\/japan\/wp-content\/uploads\/sites\/5\/2023\/08\/DSC00924-811x1024.jpg 811w, https:\/\/www.markusreisen.de\/japan\/wp-content\/uploads\/sites\/5\/2023\/08\/DSC00924-238x300.jpg 238w, https:\/\/www.markusreisen.de\/japan\/wp-content\/uploads\/sites\/5\/2023\/08\/DSC00924-768x970.jpg 768w, https:\/\/www.markusreisen.de\/japan\/wp-content\/uploads\/sites\/5\/2023\/08\/DSC00924-1216x1536.jpg 1216w, https:\/\/www.markusreisen.de\/japan\/wp-content\/uploads\/sites\/5\/2023\/08\/DSC00924-1622x2048.jpg 1622w, https:\/\/www.markusreisen.de\/japan\/wp-content\/uploads\/sites\/5\/2023\/08\/DSC00924-1200x1516.jpg 1200w, https:\/\/www.markusreisen.de\/japan\/wp-content\/uploads\/sites\/5\/2023\/08\/DSC00924-scaled.jpg 2027w\" sizes=\"auto, (max-width: 709px) 85vw, (max-width: 909px) 67vw, (max-width: 984px) 61vw, (max-width: 1362px) 45vw, 600px\" \/><\/a><\/figure>\n\n\n\n<figure class=\"wp-block-image size-large\"><a href=\"https:\/\/www.markusreisen.de\/japan\/wp-content\/uploads\/sites\/5\/2023\/08\/DSC00916-scaled.jpg\"><img loading=\"lazy\" decoding=\"async\" width=\"1024\" height=\"683\" data-id=\"2771\" src=\"https:\/\/www.markusreisen.de\/japan\/wp-content\/uploads\/sites\/5\/2023\/08\/DSC00916-1024x683.jpg\" alt=\"\" class=\"wp-image-2771\" srcset=\"https:\/\/www.markusreisen.de\/japan\/wp-content\/uploads\/sites\/5\/2023\/08\/DSC00916-1024x683.jpg 1024w, https:\/\/www.markusreisen.de\/japan\/wp-content\/uploads\/sites\/5\/2023\/08\/DSC00916-300x200.jpg 300w, https:\/\/www.markusreisen.de\/japan\/wp-content\/uploads\/sites\/5\/2023\/08\/DSC00916-768x512.jpg 768w, https:\/\/www.markusreisen.de\/japan\/wp-content\/uploads\/sites\/5\/2023\/08\/DSC00916-1536x1024.jpg 1536w, https:\/\/www.markusreisen.de\/japan\/wp-content\/uploads\/sites\/5\/2023\/08\/DSC00916-2048x1365.jpg 2048w, https:\/\/www.markusreisen.de\/japan\/wp-content\/uploads\/sites\/5\/2023\/08\/DSC00916-1200x800.jpg 1200w\" sizes=\"auto, (max-width: 709px) 85vw, (max-width: 909px) 67vw, (max-width: 1362px) 62vw, 840px\" \/><\/a><\/figure>\n<\/figure>\n\n\n\n<p><\/p>\n\n\n\n<h2 class=\"wp-block-heading\">Kofuku-Ji<\/h2>\n\n\n\n<p>Der \u00e4lteste Tempel <a href=\"https:\/\/de.wikipedia.org\/wiki\/K%C5%8Dfuku-ji\">Kofuku-ji<\/a> in Nara geht immerhin auf das Jahr 710 zur\u00fcck geht. Nat\u00fcrlich ist er zwischenzeitlich ein paar mal abgebrannt, wurde aber immer wieder aufgebaut.<\/p>\n\n\n\n<figure class=\"wp-block-gallery has-nested-images columns-1 is-cropped wp-block-gallery-2 is-layout-flex wp-block-gallery-is-layout-flex\">\n<figure class=\"wp-block-image size-large\"><a href=\"https:\/\/www.markusreisen.de\/japan\/wp-content\/uploads\/sites\/5\/2023\/08\/DSC00918-scaled.jpg\"><img loading=\"lazy\" decoding=\"async\" width=\"1024\" height=\"546\" data-id=\"2772\" src=\"https:\/\/www.markusreisen.de\/japan\/wp-content\/uploads\/sites\/5\/2023\/08\/DSC00918-1024x546.jpg\" alt=\"\" class=\"wp-image-2772\" srcset=\"https:\/\/www.markusreisen.de\/japan\/wp-content\/uploads\/sites\/5\/2023\/08\/DSC00918-1024x546.jpg 1024w, https:\/\/www.markusreisen.de\/japan\/wp-content\/uploads\/sites\/5\/2023\/08\/DSC00918-300x160.jpg 300w, https:\/\/www.markusreisen.de\/japan\/wp-content\/uploads\/sites\/5\/2023\/08\/DSC00918-768x409.jpg 768w, https:\/\/www.markusreisen.de\/japan\/wp-content\/uploads\/sites\/5\/2023\/08\/DSC00918-1536x819.jpg 1536w, https:\/\/www.markusreisen.de\/japan\/wp-content\/uploads\/sites\/5\/2023\/08\/DSC00918-2048x1092.jpg 2048w, https:\/\/www.markusreisen.de\/japan\/wp-content\/uploads\/sites\/5\/2023\/08\/DSC00918-1200x640.jpg 1200w\" sizes=\"auto, (max-width: 709px) 85vw, (max-width: 909px) 67vw, (max-width: 1362px) 62vw, 840px\" \/><\/a><\/figure>\n\n\n\n<figure class=\"wp-block-image size-large\"><a href=\"https:\/\/www.markusreisen.de\/japan\/wp-content\/uploads\/sites\/5\/2023\/08\/DSC00921-scaled.jpg\"><img loading=\"lazy\" decoding=\"async\" width=\"1024\" height=\"677\" data-id=\"2773\" src=\"https:\/\/www.markusreisen.de\/japan\/wp-content\/uploads\/sites\/5\/2023\/08\/DSC00921-1024x677.jpg\" alt=\"\" class=\"wp-image-2773\" srcset=\"https:\/\/www.markusreisen.de\/japan\/wp-content\/uploads\/sites\/5\/2023\/08\/DSC00921-1024x677.jpg 1024w, https:\/\/www.markusreisen.de\/japan\/wp-content\/uploads\/sites\/5\/2023\/08\/DSC00921-300x198.jpg 300w, https:\/\/www.markusreisen.de\/japan\/wp-content\/uploads\/sites\/5\/2023\/08\/DSC00921-768x508.jpg 768w, https:\/\/www.markusreisen.de\/japan\/wp-content\/uploads\/sites\/5\/2023\/08\/DSC00921-1536x1015.jpg 1536w, https:\/\/www.markusreisen.de\/japan\/wp-content\/uploads\/sites\/5\/2023\/08\/DSC00921-2048x1354.jpg 2048w, https:\/\/www.markusreisen.de\/japan\/wp-content\/uploads\/sites\/5\/2023\/08\/DSC00921-1200x793.jpg 1200w\" sizes=\"auto, (max-width: 709px) 85vw, (max-width: 909px) 67vw, (max-width: 1362px) 62vw, 840px\" \/><\/a><\/figure>\n<\/figure>\n\n\n\n<p><\/p>\n\n\n\n<h2 class=\"wp-block-heading\">Todai-Ji<\/h2>\n\n\n\n<p>Der<a href=\"https:\/\/de.wikipedia.org\/wiki\/T%C5%8Ddai-ji\"> Todai-ji <\/a>ist wiederum definitiv der gr\u00f6\u00dfte Tempel von Nara und beherbergt den gr\u00f6\u00dften Bronze-Buddha (nochmal ein gutes St\u00fcck gr\u00f6\u00dfer als der von Kamakura und in einer Halle untergebracht).<\/p>\n\n\n\n<figure class=\"wp-block-gallery has-nested-images columns-1 is-cropped wp-block-gallery-3 is-layout-flex wp-block-gallery-is-layout-flex\">\n<figure class=\"wp-block-image size-large\"><a href=\"https:\/\/www.markusreisen.de\/japan\/wp-content\/uploads\/sites\/5\/2023\/08\/DSC00940-scaled.jpg\"><img loading=\"lazy\" decoding=\"async\" width=\"1024\" height=\"683\" data-id=\"2780\" src=\"https:\/\/www.markusreisen.de\/japan\/wp-content\/uploads\/sites\/5\/2023\/08\/DSC00940-1024x683.jpg\" alt=\"\" class=\"wp-image-2780\" srcset=\"https:\/\/www.markusreisen.de\/japan\/wp-content\/uploads\/sites\/5\/2023\/08\/DSC00940-1024x683.jpg 1024w, https:\/\/www.markusreisen.de\/japan\/wp-content\/uploads\/sites\/5\/2023\/08\/DSC00940-300x200.jpg 300w, https:\/\/www.markusreisen.de\/japan\/wp-content\/uploads\/sites\/5\/2023\/08\/DSC00940-768x512.jpg 768w, https:\/\/www.markusreisen.de\/japan\/wp-content\/uploads\/sites\/5\/2023\/08\/DSC00940-1536x1024.jpg 1536w, https:\/\/www.markusreisen.de\/japan\/wp-content\/uploads\/sites\/5\/2023\/08\/DSC00940-2048x1365.jpg 2048w, https:\/\/www.markusreisen.de\/japan\/wp-content\/uploads\/sites\/5\/2023\/08\/DSC00940-1200x800.jpg 1200w\" sizes=\"auto, (max-width: 709px) 85vw, (max-width: 909px) 67vw, (max-width: 1362px) 62vw, 840px\" \/><\/a><\/figure>\n\n\n\n<figure class=\"wp-block-image size-large\"><a href=\"https:\/\/www.markusreisen.de\/japan\/wp-content\/uploads\/sites\/5\/2023\/08\/DSC00942-scaled.jpg\"><img loading=\"lazy\" decoding=\"async\" width=\"753\" height=\"1024\" data-id=\"2781\" src=\"https:\/\/www.markusreisen.de\/japan\/wp-content\/uploads\/sites\/5\/2023\/08\/DSC00942-753x1024.jpg\" alt=\"\" class=\"wp-image-2781\" srcset=\"https:\/\/www.markusreisen.de\/japan\/wp-content\/uploads\/sites\/5\/2023\/08\/DSC00942-753x1024.jpg 753w, https:\/\/www.markusreisen.de\/japan\/wp-content\/uploads\/sites\/5\/2023\/08\/DSC00942-221x300.jpg 221w, https:\/\/www.markusreisen.de\/japan\/wp-content\/uploads\/sites\/5\/2023\/08\/DSC00942-768x1045.jpg 768w, https:\/\/www.markusreisen.de\/japan\/wp-content\/uploads\/sites\/5\/2023\/08\/DSC00942-1129x1536.jpg 1129w, https:\/\/www.markusreisen.de\/japan\/wp-content\/uploads\/sites\/5\/2023\/08\/DSC00942-1506x2048.jpg 1506w, https:\/\/www.markusreisen.de\/japan\/wp-content\/uploads\/sites\/5\/2023\/08\/DSC00942-1200x1632.jpg 1200w, https:\/\/www.markusreisen.de\/japan\/wp-content\/uploads\/sites\/5\/2023\/08\/DSC00942-scaled.jpg 1882w\" sizes=\"auto, (max-width: 709px) 85vw, (max-width: 909px) 67vw, (max-width: 984px) 61vw, (max-width: 1362px) 45vw, 600px\" \/><\/a><\/figure>\n\n\n\n<figure class=\"wp-block-image size-large\"><a href=\"https:\/\/www.markusreisen.de\/japan\/wp-content\/uploads\/sites\/5\/2023\/08\/DSC00944-scaled.jpg\"><img loading=\"lazy\" decoding=\"async\" width=\"666\" height=\"1024\" data-id=\"2782\" src=\"https:\/\/www.markusreisen.de\/japan\/wp-content\/uploads\/sites\/5\/2023\/08\/DSC00944-666x1024.jpg\" alt=\"\" class=\"wp-image-2782\" srcset=\"https:\/\/www.markusreisen.de\/japan\/wp-content\/uploads\/sites\/5\/2023\/08\/DSC00944-666x1024.jpg 666w, https:\/\/www.markusreisen.de\/japan\/wp-content\/uploads\/sites\/5\/2023\/08\/DSC00944-195x300.jpg 195w, https:\/\/www.markusreisen.de\/japan\/wp-content\/uploads\/sites\/5\/2023\/08\/DSC00944-768x1180.jpg 768w, https:\/\/www.markusreisen.de\/japan\/wp-content\/uploads\/sites\/5\/2023\/08\/DSC00944-999x1536.jpg 999w, https:\/\/www.markusreisen.de\/japan\/wp-content\/uploads\/sites\/5\/2023\/08\/DSC00944-1333x2048.jpg 1333w, https:\/\/www.markusreisen.de\/japan\/wp-content\/uploads\/sites\/5\/2023\/08\/DSC00944-1200x1844.jpg 1200w, https:\/\/www.markusreisen.de\/japan\/wp-content\/uploads\/sites\/5\/2023\/08\/DSC00944-scaled.jpg 1666w\" sizes=\"auto, (max-width: 709px) 85vw, (max-width: 909px) 67vw, (max-width: 984px) 61vw, (max-width: 1362px) 45vw, 600px\" \/><\/a><\/figure>\n\n\n\n<figure class=\"wp-block-image size-large\"><a href=\"https:\/\/www.markusreisen.de\/japan\/wp-content\/uploads\/sites\/5\/2023\/08\/DSC00946-scaled.jpg\"><img loading=\"lazy\" decoding=\"async\" width=\"1024\" height=\"689\" data-id=\"2783\" src=\"https:\/\/www.markusreisen.de\/japan\/wp-content\/uploads\/sites\/5\/2023\/08\/DSC00946-1024x689.jpg\" alt=\"\" class=\"wp-image-2783\" srcset=\"https:\/\/www.markusreisen.de\/japan\/wp-content\/uploads\/sites\/5\/2023\/08\/DSC00946-1024x689.jpg 1024w, https:\/\/www.markusreisen.de\/japan\/wp-content\/uploads\/sites\/5\/2023\/08\/DSC00946-300x202.jpg 300w, https:\/\/www.markusreisen.de\/japan\/wp-content\/uploads\/sites\/5\/2023\/08\/DSC00946-768x517.jpg 768w, https:\/\/www.markusreisen.de\/japan\/wp-content\/uploads\/sites\/5\/2023\/08\/DSC00946-1536x1034.jpg 1536w, https:\/\/www.markusreisen.de\/japan\/wp-content\/uploads\/sites\/5\/2023\/08\/DSC00946-2048x1378.jpg 2048w, https:\/\/www.markusreisen.de\/japan\/wp-content\/uploads\/sites\/5\/2023\/08\/DSC00946-1200x808.jpg 1200w\" sizes=\"auto, (max-width: 709px) 85vw, (max-width: 909px) 67vw, (max-width: 1362px) 62vw, 840px\" \/><\/a><\/figure>\n\n\n\n<figure class=\"wp-block-image size-large\"><a href=\"https:\/\/www.markusreisen.de\/japan\/wp-content\/uploads\/sites\/5\/2023\/08\/DSC00953-scaled.jpg\"><img loading=\"lazy\" decoding=\"async\" width=\"1024\" height=\"683\" data-id=\"2784\" src=\"https:\/\/www.markusreisen.de\/japan\/wp-content\/uploads\/sites\/5\/2023\/08\/DSC00953-1024x683.jpg\" alt=\"\" class=\"wp-image-2784\" srcset=\"https:\/\/www.markusreisen.de\/japan\/wp-content\/uploads\/sites\/5\/2023\/08\/DSC00953-1024x683.jpg 1024w, https:\/\/www.markusreisen.de\/japan\/wp-content\/uploads\/sites\/5\/2023\/08\/DSC00953-300x200.jpg 300w, https:\/\/www.markusreisen.de\/japan\/wp-content\/uploads\/sites\/5\/2023\/08\/DSC00953-768x512.jpg 768w, https:\/\/www.markusreisen.de\/japan\/wp-content\/uploads\/sites\/5\/2023\/08\/DSC00953-1536x1024.jpg 1536w, https:\/\/www.markusreisen.de\/japan\/wp-content\/uploads\/sites\/5\/2023\/08\/DSC00953-2048x1365.jpg 2048w, https:\/\/www.markusreisen.de\/japan\/wp-content\/uploads\/sites\/5\/2023\/08\/DSC00953-1200x800.jpg 1200w\" sizes=\"auto, (max-width: 709px) 85vw, (max-width: 909px) 67vw, (max-width: 1362px) 62vw, 840px\" \/><\/a><\/figure>\n\n\n\n<figure class=\"wp-block-image size-large\"><a href=\"https:\/\/www.markusreisen.de\/japan\/wp-content\/uploads\/sites\/5\/2023\/08\/DSC00961-scaled.jpg\"><img loading=\"lazy\" decoding=\"async\" width=\"1024\" height=\"763\" data-id=\"2785\" src=\"https:\/\/www.markusreisen.de\/japan\/wp-content\/uploads\/sites\/5\/2023\/08\/DSC00961-1024x763.jpg\" alt=\"\" class=\"wp-image-2785\" srcset=\"https:\/\/www.markusreisen.de\/japan\/wp-content\/uploads\/sites\/5\/2023\/08\/DSC00961-1024x763.jpg 1024w, https:\/\/www.markusreisen.de\/japan\/wp-content\/uploads\/sites\/5\/2023\/08\/DSC00961-300x224.jpg 300w, https:\/\/www.markusreisen.de\/japan\/wp-content\/uploads\/sites\/5\/2023\/08\/DSC00961-768x572.jpg 768w, https:\/\/www.markusreisen.de\/japan\/wp-content\/uploads\/sites\/5\/2023\/08\/DSC00961-1536x1145.jpg 1536w, https:\/\/www.markusreisen.de\/japan\/wp-content\/uploads\/sites\/5\/2023\/08\/DSC00961-2048x1526.jpg 2048w, https:\/\/www.markusreisen.de\/japan\/wp-content\/uploads\/sites\/5\/2023\/08\/DSC00961-1200x894.jpg 1200w\" sizes=\"auto, (max-width: 709px) 85vw, (max-width: 909px) 67vw, (max-width: 1362px) 62vw, 840px\" \/><\/a><\/figure>\n\n\n\n<figure class=\"wp-block-image size-large\"><a href=\"https:\/\/www.markusreisen.de\/japan\/wp-content\/uploads\/sites\/5\/2023\/08\/DSC00962-scaled.jpg\"><img loading=\"lazy\" decoding=\"async\" width=\"1024\" height=\"703\" data-id=\"2786\" src=\"https:\/\/www.markusreisen.de\/japan\/wp-content\/uploads\/sites\/5\/2023\/08\/DSC00962-1024x703.jpg\" alt=\"\" class=\"wp-image-2786\" srcset=\"https:\/\/www.markusreisen.de\/japan\/wp-content\/uploads\/sites\/5\/2023\/08\/DSC00962-1024x703.jpg 1024w, https:\/\/www.markusreisen.de\/japan\/wp-content\/uploads\/sites\/5\/2023\/08\/DSC00962-300x206.jpg 300w, https:\/\/www.markusreisen.de\/japan\/wp-content\/uploads\/sites\/5\/2023\/08\/DSC00962-768x527.jpg 768w, https:\/\/www.markusreisen.de\/japan\/wp-content\/uploads\/sites\/5\/2023\/08\/DSC00962-1536x1054.jpg 1536w, https:\/\/www.markusreisen.de\/japan\/wp-content\/uploads\/sites\/5\/2023\/08\/DSC00962-2048x1405.jpg 2048w, https:\/\/www.markusreisen.de\/japan\/wp-content\/uploads\/sites\/5\/2023\/08\/DSC00962-1200x823.jpg 1200w\" sizes=\"auto, (max-width: 709px) 85vw, (max-width: 909px) 67vw, (max-width: 1362px) 62vw, 840px\" \/><\/a><\/figure>\n\n\n\n<figure class=\"wp-block-image size-large\"><a href=\"https:\/\/www.markusreisen.de\/japan\/wp-content\/uploads\/sites\/5\/2023\/08\/DSC00965-scaled.jpg\"><img loading=\"lazy\" decoding=\"async\" width=\"683\" height=\"1024\" data-id=\"2787\" src=\"https:\/\/www.markusreisen.de\/japan\/wp-content\/uploads\/sites\/5\/2023\/08\/DSC00965-683x1024.jpg\" alt=\"\" class=\"wp-image-2787\" srcset=\"https:\/\/www.markusreisen.de\/japan\/wp-content\/uploads\/sites\/5\/2023\/08\/DSC00965-683x1024.jpg 683w, https:\/\/www.markusreisen.de\/japan\/wp-content\/uploads\/sites\/5\/2023\/08\/DSC00965-200x300.jpg 200w, https:\/\/www.markusreisen.de\/japan\/wp-content\/uploads\/sites\/5\/2023\/08\/DSC00965-768x1152.jpg 768w, https:\/\/www.markusreisen.de\/japan\/wp-content\/uploads\/sites\/5\/2023\/08\/DSC00965-1024x1536.jpg 1024w, https:\/\/www.markusreisen.de\/japan\/wp-content\/uploads\/sites\/5\/2023\/08\/DSC00965-1365x2048.jpg 1365w, https:\/\/www.markusreisen.de\/japan\/wp-content\/uploads\/sites\/5\/2023\/08\/DSC00965-1200x1800.jpg 1200w, https:\/\/www.markusreisen.de\/japan\/wp-content\/uploads\/sites\/5\/2023\/08\/DSC00965-scaled.jpg 1707w\" sizes=\"auto, (max-width: 709px) 85vw, (max-width: 909px) 67vw, (max-width: 984px) 61vw, (max-width: 1362px) 45vw, 600px\" \/><\/a><\/figure>\n\n\n\n<figure class=\"wp-block-image size-large\"><a href=\"https:\/\/www.markusreisen.de\/japan\/wp-content\/uploads\/sites\/5\/2023\/08\/DSC00966-scaled.jpg\"><img loading=\"lazy\" decoding=\"async\" width=\"683\" height=\"1024\" data-id=\"2788\" src=\"https:\/\/www.markusreisen.de\/japan\/wp-content\/uploads\/sites\/5\/2023\/08\/DSC00966-683x1024.jpg\" alt=\"\" class=\"wp-image-2788\" srcset=\"https:\/\/www.markusreisen.de\/japan\/wp-content\/uploads\/sites\/5\/2023\/08\/DSC00966-683x1024.jpg 683w, https:\/\/www.markusreisen.de\/japan\/wp-content\/uploads\/sites\/5\/2023\/08\/DSC00966-200x300.jpg 200w, https:\/\/www.markusreisen.de\/japan\/wp-content\/uploads\/sites\/5\/2023\/08\/DSC00966-768x1152.jpg 768w, https:\/\/www.markusreisen.de\/japan\/wp-content\/uploads\/sites\/5\/2023\/08\/DSC00966-1024x1536.jpg 1024w, https:\/\/www.markusreisen.de\/japan\/wp-content\/uploads\/sites\/5\/2023\/08\/DSC00966-1365x2048.jpg 1365w, https:\/\/www.markusreisen.de\/japan\/wp-content\/uploads\/sites\/5\/2023\/08\/DSC00966-1200x1800.jpg 1200w, https:\/\/www.markusreisen.de\/japan\/wp-content\/uploads\/sites\/5\/2023\/08\/DSC00966-scaled.jpg 1707w\" sizes=\"auto, (max-width: 709px) 85vw, (max-width: 909px) 67vw, (max-width: 984px) 61vw, (max-width: 1362px) 45vw, 600px\" \/><\/a><\/figure>\n<\/figure>\n\n\n\n<h2 class=\"wp-block-heading\">Nigatsu-Do<\/h2>\n\n\n\n<p>Der Nigatsu-do ist ein h\u00e4ngender Tempel bzw. einer mit Terassenkonstruktion.<\/p>\n\n\n\n<figure class=\"wp-block-gallery has-nested-images columns-1 is-cropped wp-block-gallery-4 is-layout-flex wp-block-gallery-is-layout-flex\">\n<figure class=\"wp-block-image size-large\"><a href=\"https:\/\/www.markusreisen.de\/japan\/wp-content\/uploads\/sites\/5\/2023\/08\/DSC00974-scaled.jpg\"><img loading=\"lazy\" decoding=\"async\" width=\"1024\" height=\"642\" data-id=\"2789\" src=\"https:\/\/www.markusreisen.de\/japan\/wp-content\/uploads\/sites\/5\/2023\/08\/DSC00974-1024x642.jpg\" alt=\"\" class=\"wp-image-2789\" srcset=\"https:\/\/www.markusreisen.de\/japan\/wp-content\/uploads\/sites\/5\/2023\/08\/DSC00974-1024x642.jpg 1024w, https:\/\/www.markusreisen.de\/japan\/wp-content\/uploads\/sites\/5\/2023\/08\/DSC00974-300x188.jpg 300w, https:\/\/www.markusreisen.de\/japan\/wp-content\/uploads\/sites\/5\/2023\/08\/DSC00974-768x482.jpg 768w, https:\/\/www.markusreisen.de\/japan\/wp-content\/uploads\/sites\/5\/2023\/08\/DSC00974-1536x963.jpg 1536w, https:\/\/www.markusreisen.de\/japan\/wp-content\/uploads\/sites\/5\/2023\/08\/DSC00974-2048x1284.jpg 2048w, https:\/\/www.markusreisen.de\/japan\/wp-content\/uploads\/sites\/5\/2023\/08\/DSC00974-1200x753.jpg 1200w\" sizes=\"auto, (max-width: 709px) 85vw, (max-width: 909px) 67vw, (max-width: 1362px) 62vw, 840px\" \/><\/a><\/figure>\n\n\n\n<figure class=\"wp-block-image size-large\"><a href=\"https:\/\/www.markusreisen.de\/japan\/wp-content\/uploads\/sites\/5\/2023\/08\/DSC00976-scaled.jpg\"><img loading=\"lazy\" decoding=\"async\" width=\"1024\" height=\"765\" data-id=\"2790\" src=\"https:\/\/www.markusreisen.de\/japan\/wp-content\/uploads\/sites\/5\/2023\/08\/DSC00976-1024x765.jpg\" alt=\"\" class=\"wp-image-2790\" srcset=\"https:\/\/www.markusreisen.de\/japan\/wp-content\/uploads\/sites\/5\/2023\/08\/DSC00976-1024x765.jpg 1024w, https:\/\/www.markusreisen.de\/japan\/wp-content\/uploads\/sites\/5\/2023\/08\/DSC00976-300x224.jpg 300w, https:\/\/www.markusreisen.de\/japan\/wp-content\/uploads\/sites\/5\/2023\/08\/DSC00976-768x574.jpg 768w, https:\/\/www.markusreisen.de\/japan\/wp-content\/uploads\/sites\/5\/2023\/08\/DSC00976-1536x1147.jpg 1536w, https:\/\/www.markusreisen.de\/japan\/wp-content\/uploads\/sites\/5\/2023\/08\/DSC00976-2048x1529.jpg 2048w, https:\/\/www.markusreisen.de\/japan\/wp-content\/uploads\/sites\/5\/2023\/08\/DSC00976-1200x896.jpg 1200w\" sizes=\"auto, (max-width: 709px) 85vw, (max-width: 909px) 67vw, (max-width: 1362px) 62vw, 840px\" \/><\/a><\/figure>\n\n\n\n<figure class=\"wp-block-image size-large\"><a href=\"https:\/\/www.markusreisen.de\/japan\/wp-content\/uploads\/sites\/5\/2023\/08\/DSC00977-scaled.jpg\"><img loading=\"lazy\" decoding=\"async\" width=\"1024\" height=\"683\" data-id=\"2791\" src=\"https:\/\/www.markusreisen.de\/japan\/wp-content\/uploads\/sites\/5\/2023\/08\/DSC00977-1024x683.jpg\" alt=\"\" class=\"wp-image-2791\" srcset=\"https:\/\/www.markusreisen.de\/japan\/wp-content\/uploads\/sites\/5\/2023\/08\/DSC00977-1024x683.jpg 1024w, https:\/\/www.markusreisen.de\/japan\/wp-content\/uploads\/sites\/5\/2023\/08\/DSC00977-300x200.jpg 300w, https:\/\/www.markusreisen.de\/japan\/wp-content\/uploads\/sites\/5\/2023\/08\/DSC00977-768x512.jpg 768w, https:\/\/www.markusreisen.de\/japan\/wp-content\/uploads\/sites\/5\/2023\/08\/DSC00977-1536x1024.jpg 1536w, https:\/\/www.markusreisen.de\/japan\/wp-content\/uploads\/sites\/5\/2023\/08\/DSC00977-2048x1365.jpg 2048w, https:\/\/www.markusreisen.de\/japan\/wp-content\/uploads\/sites\/5\/2023\/08\/DSC00977-1200x800.jpg 1200w\" sizes=\"auto, (max-width: 709px) 85vw, (max-width: 909px) 67vw, (max-width: 1362px) 62vw, 840px\" \/><\/a><\/figure>\n\n\n\n<figure class=\"wp-block-image size-large\"><a href=\"https:\/\/www.markusreisen.de\/japan\/wp-content\/uploads\/sites\/5\/2023\/08\/DSC00981-scaled.jpg\"><img loading=\"lazy\" decoding=\"async\" width=\"1024\" height=\"683\" data-id=\"2792\" src=\"https:\/\/www.markusreisen.de\/japan\/wp-content\/uploads\/sites\/5\/2023\/08\/DSC00981-1024x683.jpg\" alt=\"\" class=\"wp-image-2792\" srcset=\"https:\/\/www.markusreisen.de\/japan\/wp-content\/uploads\/sites\/5\/2023\/08\/DSC00981-1024x683.jpg 1024w, https:\/\/www.markusreisen.de\/japan\/wp-content\/uploads\/sites\/5\/2023\/08\/DSC00981-300x200.jpg 300w, https:\/\/www.markusreisen.de\/japan\/wp-content\/uploads\/sites\/5\/2023\/08\/DSC00981-768x512.jpg 768w, https:\/\/www.markusreisen.de\/japan\/wp-content\/uploads\/sites\/5\/2023\/08\/DSC00981-1536x1024.jpg 1536w, https:\/\/www.markusreisen.de\/japan\/wp-content\/uploads\/sites\/5\/2023\/08\/DSC00981-2048x1365.jpg 2048w, https:\/\/www.markusreisen.de\/japan\/wp-content\/uploads\/sites\/5\/2023\/08\/DSC00981-1200x800.jpg 1200w\" sizes=\"auto, (max-width: 709px) 85vw, (max-width: 909px) 67vw, (max-width: 1362px) 62vw, 840px\" \/><\/a><\/figure>\n<\/figure>\n\n\n\n<h2 class=\"wp-block-heading\">Kasuga-Taisha<\/h2>\n\n\n\n<p>Der <a href=\"https:\/\/de.wikipedia.org\/wiki\/Kasuga-Taisha\">Kasuga-Taisha<\/a> zu guter Letzt ist der bekannteste Shinto-Schein von Nara, ber\u00fchmt vor allem f\u00fcr seine unz\u00e4hligen Laternen.<\/p>\n\n\n\n<figure class=\"wp-block-gallery has-nested-images columns-1 is-cropped wp-block-gallery-5 is-layout-flex wp-block-gallery-is-layout-flex\">\n<figure class=\"wp-block-image size-large\"><a href=\"https:\/\/www.markusreisen.de\/japan\/wp-content\/uploads\/sites\/5\/2023\/08\/DSC00988-scaled.jpg\"><img loading=\"lazy\" decoding=\"async\" width=\"1024\" height=\"705\" data-id=\"2795\" src=\"https:\/\/www.markusreisen.de\/japan\/wp-content\/uploads\/sites\/5\/2023\/08\/DSC00988-1024x705.jpg\" alt=\"\" class=\"wp-image-2795\" srcset=\"https:\/\/www.markusreisen.de\/japan\/wp-content\/uploads\/sites\/5\/2023\/08\/DSC00988-1024x705.jpg 1024w, https:\/\/www.markusreisen.de\/japan\/wp-content\/uploads\/sites\/5\/2023\/08\/DSC00988-300x206.jpg 300w, https:\/\/www.markusreisen.de\/japan\/wp-content\/uploads\/sites\/5\/2023\/08\/DSC00988-768x528.jpg 768w, https:\/\/www.markusreisen.de\/japan\/wp-content\/uploads\/sites\/5\/2023\/08\/DSC00988-1536x1057.jpg 1536w, https:\/\/www.markusreisen.de\/japan\/wp-content\/uploads\/sites\/5\/2023\/08\/DSC00988-2048x1409.jpg 2048w, https:\/\/www.markusreisen.de\/japan\/wp-content\/uploads\/sites\/5\/2023\/08\/DSC00988-1200x826.jpg 1200w\" sizes=\"auto, (max-width: 709px) 85vw, (max-width: 909px) 67vw, (max-width: 1362px) 62vw, 840px\" \/><\/a><\/figure>\n\n\n\n<figure class=\"wp-block-image size-large\"><a href=\"https:\/\/www.markusreisen.de\/japan\/wp-content\/uploads\/sites\/5\/2023\/08\/DSC00984-scaled.jpg\"><img loading=\"lazy\" decoding=\"async\" width=\"1024\" height=\"683\" data-id=\"2793\" src=\"https:\/\/www.markusreisen.de\/japan\/wp-content\/uploads\/sites\/5\/2023\/08\/DSC00984-1024x683.jpg\" alt=\"\" class=\"wp-image-2793\" srcset=\"https:\/\/www.markusreisen.de\/japan\/wp-content\/uploads\/sites\/5\/2023\/08\/DSC00984-1024x683.jpg 1024w, https:\/\/www.markusreisen.de\/japan\/wp-content\/uploads\/sites\/5\/2023\/08\/DSC00984-300x200.jpg 300w, https:\/\/www.markusreisen.de\/japan\/wp-content\/uploads\/sites\/5\/2023\/08\/DSC00984-768x512.jpg 768w, https:\/\/www.markusreisen.de\/japan\/wp-content\/uploads\/sites\/5\/2023\/08\/DSC00984-1536x1024.jpg 1536w, https:\/\/www.markusreisen.de\/japan\/wp-content\/uploads\/sites\/5\/2023\/08\/DSC00984-2048x1365.jpg 2048w, https:\/\/www.markusreisen.de\/japan\/wp-content\/uploads\/sites\/5\/2023\/08\/DSC00984-1200x800.jpg 1200w\" sizes=\"auto, (max-width: 709px) 85vw, (max-width: 909px) 67vw, (max-width: 1362px) 62vw, 840px\" \/><\/a><\/figure>\n\n\n\n<figure class=\"wp-block-image size-large\"><a href=\"https:\/\/www.markusreisen.de\/japan\/wp-content\/uploads\/sites\/5\/2023\/08\/DSC00986-scaled.jpg\"><img loading=\"lazy\" decoding=\"async\" width=\"1024\" height=\"727\" data-id=\"2794\" src=\"https:\/\/www.markusreisen.de\/japan\/wp-content\/uploads\/sites\/5\/2023\/08\/DSC00986-1024x727.jpg\" alt=\"\" class=\"wp-image-2794\" srcset=\"https:\/\/www.markusreisen.de\/japan\/wp-content\/uploads\/sites\/5\/2023\/08\/DSC00986-1024x727.jpg 1024w, https:\/\/www.markusreisen.de\/japan\/wp-content\/uploads\/sites\/5\/2023\/08\/DSC00986-300x213.jpg 300w, https:\/\/www.markusreisen.de\/japan\/wp-content\/uploads\/sites\/5\/2023\/08\/DSC00986-768x546.jpg 768w, https:\/\/www.markusreisen.de\/japan\/wp-content\/uploads\/sites\/5\/2023\/08\/DSC00986-1536x1091.jpg 1536w, https:\/\/www.markusreisen.de\/japan\/wp-content\/uploads\/sites\/5\/2023\/08\/DSC00986-2048x1455.jpg 2048w, https:\/\/www.markusreisen.de\/japan\/wp-content\/uploads\/sites\/5\/2023\/08\/DSC00986-1200x852.jpg 1200w\" sizes=\"auto, (max-width: 709px) 85vw, (max-width: 909px) 67vw, (max-width: 1362px) 62vw, 840px\" \/><\/a><\/figure>\n\n\n\n<figure class=\"wp-block-image size-large\"><a href=\"https:\/\/www.markusreisen.de\/japan\/wp-content\/uploads\/sites\/5\/2023\/08\/DSC00991-scaled.jpg\"><img loading=\"lazy\" decoding=\"async\" width=\"1024\" height=\"683\" data-id=\"2796\" src=\"https:\/\/www.markusreisen.de\/japan\/wp-content\/uploads\/sites\/5\/2023\/08\/DSC00991-1024x683.jpg\" alt=\"\" class=\"wp-image-2796\" srcset=\"https:\/\/www.markusreisen.de\/japan\/wp-content\/uploads\/sites\/5\/2023\/08\/DSC00991-1024x683.jpg 1024w, https:\/\/www.markusreisen.de\/japan\/wp-content\/uploads\/sites\/5\/2023\/08\/DSC00991-300x200.jpg 300w, https:\/\/www.markusreisen.de\/japan\/wp-content\/uploads\/sites\/5\/2023\/08\/DSC00991-768x512.jpg 768w, https:\/\/www.markusreisen.de\/japan\/wp-content\/uploads\/sites\/5\/2023\/08\/DSC00991-1536x1024.jpg 1536w, https:\/\/www.markusreisen.de\/japan\/wp-content\/uploads\/sites\/5\/2023\/08\/DSC00991-2048x1365.jpg 2048w, https:\/\/www.markusreisen.de\/japan\/wp-content\/uploads\/sites\/5\/2023\/08\/DSC00991-1200x800.jpg 1200w\" sizes=\"auto, (max-width: 709px) 85vw, (max-width: 909px) 67vw, (max-width: 1362px) 62vw, 840px\" \/><\/a><\/figure>\n\n\n\n<figure class=\"wp-block-image size-large\"><a href=\"https:\/\/www.markusreisen.de\/japan\/wp-content\/uploads\/sites\/5\/2023\/08\/DSC00994-scaled.jpg\"><img loading=\"lazy\" decoding=\"async\" width=\"1024\" height=\"683\" data-id=\"2797\" src=\"https:\/\/www.markusreisen.de\/japan\/wp-content\/uploads\/sites\/5\/2023\/08\/DSC00994-1024x683.jpg\" alt=\"\" class=\"wp-image-2797\" srcset=\"https:\/\/www.markusreisen.de\/japan\/wp-content\/uploads\/sites\/5\/2023\/08\/DSC00994-1024x683.jpg 1024w, https:\/\/www.markusreisen.de\/japan\/wp-content\/uploads\/sites\/5\/2023\/08\/DSC00994-300x200.jpg 300w, https:\/\/www.markusreisen.de\/japan\/wp-content\/uploads\/sites\/5\/2023\/08\/DSC00994-768x512.jpg 768w, https:\/\/www.markusreisen.de\/japan\/wp-content\/uploads\/sites\/5\/2023\/08\/DSC00994-1536x1024.jpg 1536w, https:\/\/www.markusreisen.de\/japan\/wp-content\/uploads\/sites\/5\/2023\/08\/DSC00994-2048x1365.jpg 2048w, https:\/\/www.markusreisen.de\/japan\/wp-content\/uploads\/sites\/5\/2023\/08\/DSC00994-1200x800.jpg 1200w\" sizes=\"auto, (max-width: 709px) 85vw, (max-width: 909px) 67vw, (max-width: 1362px) 62vw, 840px\" \/><\/a><\/figure>\n\n\n\n<figure class=\"wp-block-image size-large\"><a href=\"https:\/\/www.markusreisen.de\/japan\/wp-content\/uploads\/sites\/5\/2023\/08\/DSC00999-scaled.jpg\"><img loading=\"lazy\" decoding=\"async\" width=\"1024\" height=\"683\" data-id=\"2798\" src=\"https:\/\/www.markusreisen.de\/japan\/wp-content\/uploads\/sites\/5\/2023\/08\/DSC00999-1024x683.jpg\" alt=\"\" class=\"wp-image-2798\" srcset=\"https:\/\/www.markusreisen.de\/japan\/wp-content\/uploads\/sites\/5\/2023\/08\/DSC00999-1024x683.jpg 1024w, https:\/\/www.markusreisen.de\/japan\/wp-content\/uploads\/sites\/5\/2023\/08\/DSC00999-300x200.jpg 300w, https:\/\/www.markusreisen.de\/japan\/wp-content\/uploads\/sites\/5\/2023\/08\/DSC00999-768x512.jpg 768w, https:\/\/www.markusreisen.de\/japan\/wp-content\/uploads\/sites\/5\/2023\/08\/DSC00999-1536x1024.jpg 1536w, https:\/\/www.markusreisen.de\/japan\/wp-content\/uploads\/sites\/5\/2023\/08\/DSC00999-2048x1365.jpg 2048w, https:\/\/www.markusreisen.de\/japan\/wp-content\/uploads\/sites\/5\/2023\/08\/DSC00999-1200x800.jpg 1200w\" sizes=\"auto, (max-width: 709px) 85vw, (max-width: 909px) 67vw, (max-width: 1362px) 62vw, 840px\" \/><\/a><\/figure>\n\n\n\n<figure class=\"wp-block-image size-large\"><a href=\"https:\/\/www.markusreisen.de\/japan\/wp-content\/uploads\/sites\/5\/2023\/08\/PXL_20230817_024350982-scaled.jpg\"><img loading=\"lazy\" decoding=\"async\" width=\"1024\" height=\"627\" data-id=\"2800\" src=\"https:\/\/www.markusreisen.de\/japan\/wp-content\/uploads\/sites\/5\/2023\/08\/PXL_20230817_024350982-1024x627.jpg\" alt=\"\" class=\"wp-image-2800\" srcset=\"https:\/\/www.markusreisen.de\/japan\/wp-content\/uploads\/sites\/5\/2023\/08\/PXL_20230817_024350982-1024x627.jpg 1024w, https:\/\/www.markusreisen.de\/japan\/wp-content\/uploads\/sites\/5\/2023\/08\/PXL_20230817_024350982-300x184.jpg 300w, https:\/\/www.markusreisen.de\/japan\/wp-content\/uploads\/sites\/5\/2023\/08\/PXL_20230817_024350982-768x471.jpg 768w, https:\/\/www.markusreisen.de\/japan\/wp-content\/uploads\/sites\/5\/2023\/08\/PXL_20230817_024350982-1536x941.jpg 1536w, https:\/\/www.markusreisen.de\/japan\/wp-content\/uploads\/sites\/5\/2023\/08\/PXL_20230817_024350982-2048x1255.jpg 2048w, https:\/\/www.markusreisen.de\/japan\/wp-content\/uploads\/sites\/5\/2023\/08\/PXL_20230817_024350982-1200x735.jpg 1200w\" sizes=\"auto, (max-width: 709px) 85vw, (max-width: 909px) 67vw, (max-width: 1362px) 62vw, 840px\" \/><\/a><\/figure>\n\n\n\n<figure class=\"wp-block-image size-large\"><a href=\"https:\/\/www.markusreisen.de\/japan\/wp-content\/uploads\/sites\/5\/2023\/08\/PXL_20230817_024525257-scaled.jpg\"><img loading=\"lazy\" decoding=\"async\" width=\"1024\" height=\"823\" data-id=\"2801\" src=\"https:\/\/www.markusreisen.de\/japan\/wp-content\/uploads\/sites\/5\/2023\/08\/PXL_20230817_024525257-1024x823.jpg\" alt=\"\" class=\"wp-image-2801\" srcset=\"https:\/\/www.markusreisen.de\/japan\/wp-content\/uploads\/sites\/5\/2023\/08\/PXL_20230817_024525257-1024x823.jpg 1024w, https:\/\/www.markusreisen.de\/japan\/wp-content\/uploads\/sites\/5\/2023\/08\/PXL_20230817_024525257-300x241.jpg 300w, https:\/\/www.markusreisen.de\/japan\/wp-content\/uploads\/sites\/5\/2023\/08\/PXL_20230817_024525257-768x618.jpg 768w, https:\/\/www.markusreisen.de\/japan\/wp-content\/uploads\/sites\/5\/2023\/08\/PXL_20230817_024525257-1536x1235.jpg 1536w, https:\/\/www.markusreisen.de\/japan\/wp-content\/uploads\/sites\/5\/2023\/08\/PXL_20230817_024525257-2048x1647.jpg 2048w, https:\/\/www.markusreisen.de\/japan\/wp-content\/uploads\/sites\/5\/2023\/08\/PXL_20230817_024525257-1200x965.jpg 1200w\" sizes=\"auto, (max-width: 709px) 85vw, (max-width: 909px) 67vw, (max-width: 1362px) 62vw, 840px\" \/><\/a><figcaption class=\"wp-element-caption\">Hier die leuchtenden Laternen im Dunkeln.<\/figcaption><\/figure>\n<\/figure>\n","protected":false},"excerpt":{"rendered":"<p>Tagesausflug nach Nara, der alten Hauptstadt Japans von 710 bis 784, wo sich auch heute noch viele ber\u00fchmte und monumentale Tempel und Schreine befinden. Wir sind relativ fr\u00fch angekommen, gleich um 9 Uhr, was tats\u00e4chlich die Touristenhorden in Grenzen hielt. Extrem hei\u00df war es trotzdem und man muss schon ganz ordentlich marschieren, um die wichtigsten &hellip; <a href=\"https:\/\/www.markusreisen.de\/japan\/japanreise-2023\/17-08-2023-nara\/\" class=\"more-link\"><span class=\"screen-reader-text\">\u201e17.08.2023: Nara\u201c <\/span>weiterlesen<\/a><\/p>\n","protected":false},"author":1,"featured_media":0,"comment_status":"open","ping_status":"open","sticky":false,"template":"","format":"standard","meta":{"footnotes":""},"categories":[11],"tags":[],"class_list":["post-2802","post","type-post","status-publish","format-standard","hentry","category-japanreise-2023"],"_links":{"self":[{"href":"https:\/\/www.markusreisen.de\/japan\/wp-json\/wp\/v2\/posts\/2802","targetHints":{"allow":["GET"]}}],"collection":[{"href":"https:\/\/www.markusreisen.de\/japan\/wp-json\/wp\/v2\/posts"}],"about":[{"href":"https:\/\/www.markusreisen.de\/japan\/wp-json\/wp\/v2\/types\/post"}],"author":[{"embeddable":true,"href":"https:\/\/www.markusreisen.de\/japan\/wp-json\/wp\/v2\/users\/1"}],"replies":[{"embeddable":true,"href":"https:\/\/www.markusreisen.de\/japan\/wp-json\/wp\/v2\/comments?post=2802"}],"version-history":[{"count":2,"href":"https:\/\/www.markusreisen.de\/japan\/wp-json\/wp\/v2\/posts\/2802\/revisions"}],"predecessor-version":[{"id":2804,"href":"https:\/\/www.markusreisen.de\/japan\/wp-json\/wp\/v2\/posts\/2802\/revisions\/2804"}],"wp:attachment":[{"href":"https:\/\/www.markusreisen.de\/japan\/wp-json\/wp\/v2\/media?parent=2802"}],"wp:term":[{"taxonomy":"category","embeddable":true,"href":"https:\/\/www.markusreisen.de\/japan\/wp-json\/wp\/v2\/categories?post=2802"},{"taxonomy":"post_tag","embeddable":true,"href":"https:\/\/www.markusreisen.de\/japan\/wp-json\/wp\/v2\/tags?post=2802"}],"curies":[{"name":"wp","href":"https:\/\/api.w.org\/{rel}","templated":true}]}}