{"id":2453,"date":"2023-08-07T00:42:41","date_gmt":"2023-08-06T22:42:41","guid":{"rendered":"https:\/\/www.markusreisen.de\/japan\/?p=2453"},"modified":"2023-08-07T00:43:32","modified_gmt":"2023-08-06T22:43:32","slug":"06-08-2023-ankunft-und-tokio-skytree","status":"publish","type":"post","link":"https:\/\/www.markusreisen.de\/japan\/japanreise-2023\/06-08-2023-ankunft-und-tokio-skytree\/","title":{"rendered":"06.08. 2023: Ankunft und Tokio Skytree"},"content":{"rendered":"\n<p>Trotz einiger Widrigkeiten wie ein um 2h versp\u00e4teter Abflug sind wir wohlbehalten in Tokio angekommen und dank eines vorbestellten Kleinbusses auch stressarm zu unsere Ferienwohnung &#8211; eigentlich ein ganzes kleines Haus &#8211; im Nordosten von Tokio gelangt.<\/p>\n\n\n\n<figure class=\"wp-block-image size-large\"><a href=\"https:\/\/www.markusreisen.de\/japan\/wp-content\/uploads\/sites\/5\/2023\/08\/DSC00283-scaled.jpg\"><img loading=\"lazy\" decoding=\"async\" width=\"1024\" height=\"683\" src=\"http:\/\/www.markusreisen.de\/japan\/wp-content\/uploads\/sites\/5\/2023\/08\/DSC00283-1024x683.jpg\" alt=\"\" class=\"wp-image-2458\" srcset=\"https:\/\/www.markusreisen.de\/japan\/wp-content\/uploads\/sites\/5\/2023\/08\/DSC00283-1024x683.jpg 1024w, https:\/\/www.markusreisen.de\/japan\/wp-content\/uploads\/sites\/5\/2023\/08\/DSC00283-300x200.jpg 300w, https:\/\/www.markusreisen.de\/japan\/wp-content\/uploads\/sites\/5\/2023\/08\/DSC00283-768x512.jpg 768w, https:\/\/www.markusreisen.de\/japan\/wp-content\/uploads\/sites\/5\/2023\/08\/DSC00283-1536x1024.jpg 1536w, https:\/\/www.markusreisen.de\/japan\/wp-content\/uploads\/sites\/5\/2023\/08\/DSC00283-2048x1365.jpg 2048w, https:\/\/www.markusreisen.de\/japan\/wp-content\/uploads\/sites\/5\/2023\/08\/DSC00283-1200x800.jpg 1200w\" sizes=\"auto, (max-width: 709px) 85vw, (max-width: 909px) 67vw, (max-width: 1362px) 62vw, 840px\" \/><\/a><figcaption class=\"wp-element-caption\">Hier das Wohn- und Esszimmer. Zus\u00e4tzlich gibt es vier Schlafzimmer und zwei B\u00e4der.<\/figcaption><\/figure>\n\n\n\n<figure class=\"wp-block-image size-large\"><a href=\"https:\/\/www.markusreisen.de\/japan\/wp-content\/uploads\/sites\/5\/2023\/08\/DSC00024-scaled.jpg\"><img loading=\"lazy\" decoding=\"async\" width=\"1024\" height=\"683\" src=\"http:\/\/www.markusreisen.de\/japan\/wp-content\/uploads\/sites\/5\/2023\/08\/DSC00024-1024x683.jpg\" alt=\"\" class=\"wp-image-2445\" srcset=\"https:\/\/www.markusreisen.de\/japan\/wp-content\/uploads\/sites\/5\/2023\/08\/DSC00024-1024x683.jpg 1024w, https:\/\/www.markusreisen.de\/japan\/wp-content\/uploads\/sites\/5\/2023\/08\/DSC00024-300x200.jpg 300w, https:\/\/www.markusreisen.de\/japan\/wp-content\/uploads\/sites\/5\/2023\/08\/DSC00024-768x512.jpg 768w, https:\/\/www.markusreisen.de\/japan\/wp-content\/uploads\/sites\/5\/2023\/08\/DSC00024-1536x1024.jpg 1536w, https:\/\/www.markusreisen.de\/japan\/wp-content\/uploads\/sites\/5\/2023\/08\/DSC00024-2048x1365.jpg 2048w, https:\/\/www.markusreisen.de\/japan\/wp-content\/uploads\/sites\/5\/2023\/08\/DSC00024-1200x800.jpg 1200w\" sizes=\"auto, (max-width: 709px) 85vw, (max-width: 909px) 67vw, (max-width: 1362px) 62vw, 840px\" \/><\/a><figcaption class=\"wp-element-caption\">Nach ein bisschen Instandsetzung waren wird am fr\u00fchen Nachmittag abmarschbereit&#8230;<\/figcaption><\/figure>\n\n\n\n<figure class=\"wp-block-image size-large\"><a href=\"https:\/\/www.markusreisen.de\/japan\/wp-content\/uploads\/sites\/5\/2023\/08\/DSC00026-scaled.jpg\"><img loading=\"lazy\" decoding=\"async\" width=\"1024\" height=\"683\" src=\"http:\/\/www.markusreisen.de\/japan\/wp-content\/uploads\/sites\/5\/2023\/08\/DSC00026-1024x683.jpg\" alt=\"\" class=\"wp-image-2446\" srcset=\"https:\/\/www.markusreisen.de\/japan\/wp-content\/uploads\/sites\/5\/2023\/08\/DSC00026-1024x683.jpg 1024w, https:\/\/www.markusreisen.de\/japan\/wp-content\/uploads\/sites\/5\/2023\/08\/DSC00026-300x200.jpg 300w, https:\/\/www.markusreisen.de\/japan\/wp-content\/uploads\/sites\/5\/2023\/08\/DSC00026-768x512.jpg 768w, https:\/\/www.markusreisen.de\/japan\/wp-content\/uploads\/sites\/5\/2023\/08\/DSC00026-1536x1024.jpg 1536w, https:\/\/www.markusreisen.de\/japan\/wp-content\/uploads\/sites\/5\/2023\/08\/DSC00026-2048x1365.jpg 2048w, https:\/\/www.markusreisen.de\/japan\/wp-content\/uploads\/sites\/5\/2023\/08\/DSC00026-1200x800.jpg 1200w\" sizes=\"auto, (max-width: 709px) 85vw, (max-width: 909px) 67vw, (max-width: 1362px) 62vw, 840px\" \/><\/a><figcaption class=\"wp-element-caption\">&#8230;mit dem hervorragenden \u00d6PNV von Tokio.<\/figcaption><\/figure>\n\n\n\n<p>Es ist einer der hei\u00dfesten Sommer seit langem in Tokio mit Temperaturen \u00fcber 30 Grad und hoher Luftfeuchtigkeit. Wechselhaft ist es auch, doch die durchziehenden Schauer brachten keine nennenswerte Abk\u00fchlung.<\/p>\n\n\n\n<p>Das erste Ziel heute war der Tokyo Skytree, das h\u00f6chste Geb\u00e4ude Japans und einige Zeit des h\u00f6chste der Welt, der neuere &#8222;Fernsehturm&#8220; von Tokio. Der liegt n\u00e4mlich nahe zu unserer Ferienwohnung und wir wollten heute noch nicht so ewig durch die Gegend zockeln. Au\u00dferdem steht zu bef\u00fcrchten, dass die Sicht in den kommenden Tagen nicht besser wird.<\/p>\n\n\n\n<figure class=\"wp-block-image size-large\"><a href=\"https:\/\/www.markusreisen.de\/japan\/wp-content\/uploads\/sites\/5\/2023\/08\/PXL_20230806_063721205-scaled.jpg\"><img loading=\"lazy\" decoding=\"async\" width=\"771\" height=\"1024\" src=\"http:\/\/www.markusreisen.de\/japan\/wp-content\/uploads\/sites\/5\/2023\/08\/PXL_20230806_063721205-771x1024.jpg\" alt=\"\" class=\"wp-image-2462\" srcset=\"https:\/\/www.markusreisen.de\/japan\/wp-content\/uploads\/sites\/5\/2023\/08\/PXL_20230806_063721205-771x1024.jpg 771w, https:\/\/www.markusreisen.de\/japan\/wp-content\/uploads\/sites\/5\/2023\/08\/PXL_20230806_063721205-226x300.jpg 226w, https:\/\/www.markusreisen.de\/japan\/wp-content\/uploads\/sites\/5\/2023\/08\/PXL_20230806_063721205-768x1020.jpg 768w, https:\/\/www.markusreisen.de\/japan\/wp-content\/uploads\/sites\/5\/2023\/08\/PXL_20230806_063721205-1157x1536.jpg 1157w, https:\/\/www.markusreisen.de\/japan\/wp-content\/uploads\/sites\/5\/2023\/08\/PXL_20230806_063721205-1542x2048.jpg 1542w, https:\/\/www.markusreisen.de\/japan\/wp-content\/uploads\/sites\/5\/2023\/08\/PXL_20230806_063721205-1200x1594.jpg 1200w, https:\/\/www.markusreisen.de\/japan\/wp-content\/uploads\/sites\/5\/2023\/08\/PXL_20230806_063721205-scaled.jpg 1928w\" sizes=\"auto, (max-width: 709px) 85vw, (max-width: 909px) 67vw, (max-width: 984px) 61vw, (max-width: 1362px) 45vw, 600px\" \/><\/a><figcaption class=\"wp-element-caption\">Ist schon recht beeindruckend.<\/figcaption><\/figure>\n\n\n\n<p>Wir mussten eine ganze Weile lang warten bis zu unserer Zeit f\u00fcr den Aufzug. Machte aber nichts, drumherum ist einiges geboten:<\/p>\n\n\n\n<figure class=\"wp-block-image size-large\"><a href=\"https:\/\/www.markusreisen.de\/japan\/wp-content\/uploads\/sites\/5\/2023\/08\/DSC00029-scaled.jpg\"><img loading=\"lazy\" decoding=\"async\" width=\"1024\" height=\"822\" src=\"http:\/\/www.markusreisen.de\/japan\/wp-content\/uploads\/sites\/5\/2023\/08\/DSC00029-1024x822.jpg\" alt=\"\" class=\"wp-image-2447\" srcset=\"https:\/\/www.markusreisen.de\/japan\/wp-content\/uploads\/sites\/5\/2023\/08\/DSC00029-1024x822.jpg 1024w, https:\/\/www.markusreisen.de\/japan\/wp-content\/uploads\/sites\/5\/2023\/08\/DSC00029-300x241.jpg 300w, https:\/\/www.markusreisen.de\/japan\/wp-content\/uploads\/sites\/5\/2023\/08\/DSC00029-768x616.jpg 768w, https:\/\/www.markusreisen.de\/japan\/wp-content\/uploads\/sites\/5\/2023\/08\/DSC00029-1536x1232.jpg 1536w, https:\/\/www.markusreisen.de\/japan\/wp-content\/uploads\/sites\/5\/2023\/08\/DSC00029-2048x1643.jpg 2048w, https:\/\/www.markusreisen.de\/japan\/wp-content\/uploads\/sites\/5\/2023\/08\/DSC00029-1200x963.jpg 1200w\" sizes=\"auto, (max-width: 709px) 85vw, (max-width: 909px) 67vw, (max-width: 1362px) 62vw, 840px\" \/><\/a><figcaption class=\"wp-element-caption\">Christian fand z.B. gleich eine neue Freundin.<\/figcaption><\/figure>\n\n\n\n<figure class=\"wp-block-image size-large\"><a href=\"https:\/\/www.markusreisen.de\/japan\/wp-content\/uploads\/sites\/5\/2023\/08\/DSC00042-scaled.jpg\"><img loading=\"lazy\" decoding=\"async\" width=\"1024\" height=\"571\" src=\"http:\/\/www.markusreisen.de\/japan\/wp-content\/uploads\/sites\/5\/2023\/08\/DSC00042-1024x571.jpg\" alt=\"\" class=\"wp-image-2448\" srcset=\"https:\/\/www.markusreisen.de\/japan\/wp-content\/uploads\/sites\/5\/2023\/08\/DSC00042-1024x571.jpg 1024w, https:\/\/www.markusreisen.de\/japan\/wp-content\/uploads\/sites\/5\/2023\/08\/DSC00042-300x167.jpg 300w, https:\/\/www.markusreisen.de\/japan\/wp-content\/uploads\/sites\/5\/2023\/08\/DSC00042-768x428.jpg 768w, https:\/\/www.markusreisen.de\/japan\/wp-content\/uploads\/sites\/5\/2023\/08\/DSC00042-1536x856.jpg 1536w, https:\/\/www.markusreisen.de\/japan\/wp-content\/uploads\/sites\/5\/2023\/08\/DSC00042-2048x1141.jpg 2048w, https:\/\/www.markusreisen.de\/japan\/wp-content\/uploads\/sites\/5\/2023\/08\/DSC00042-1200x669.jpg 1200w\" sizes=\"auto, (max-width: 709px) 85vw, (max-width: 909px) 67vw, (max-width: 1362px) 62vw, 840px\" \/><\/a><figcaption class=\"wp-element-caption\">Nebenfan war die &#8222;America &amp; Tokyo Beer &amp; BBQ Block Party&#8220;, eine Art schr\u00e4ger Biergarten. Aber so kamen wir gleich unverhofft in den Genuss eines Idoru-Auftritts.<\/figcaption><\/figure>\n\n\n\n<figure class=\"wp-block-image size-large\"><a href=\"https:\/\/www.markusreisen.de\/japan\/wp-content\/uploads\/sites\/5\/2023\/08\/PXL_20230806_060926947-scaled.jpg\"><img loading=\"lazy\" decoding=\"async\" width=\"1024\" height=\"771\" src=\"http:\/\/www.markusreisen.de\/japan\/wp-content\/uploads\/sites\/5\/2023\/08\/PXL_20230806_060926947-1024x771.jpg\" alt=\"\" class=\"wp-image-2459\" srcset=\"https:\/\/www.markusreisen.de\/japan\/wp-content\/uploads\/sites\/5\/2023\/08\/PXL_20230806_060926947-1024x771.jpg 1024w, https:\/\/www.markusreisen.de\/japan\/wp-content\/uploads\/sites\/5\/2023\/08\/PXL_20230806_060926947-300x226.jpg 300w, https:\/\/www.markusreisen.de\/japan\/wp-content\/uploads\/sites\/5\/2023\/08\/PXL_20230806_060926947-768x578.jpg 768w, https:\/\/www.markusreisen.de\/japan\/wp-content\/uploads\/sites\/5\/2023\/08\/PXL_20230806_060926947-1536x1157.jpg 1536w, https:\/\/www.markusreisen.de\/japan\/wp-content\/uploads\/sites\/5\/2023\/08\/PXL_20230806_060926947-2048x1542.jpg 2048w, https:\/\/www.markusreisen.de\/japan\/wp-content\/uploads\/sites\/5\/2023\/08\/PXL_20230806_060926947-1200x904.jpg 1200w\" sizes=\"auto, (max-width: 709px) 85vw, (max-width: 909px) 67vw, (max-width: 1362px) 62vw, 840px\" \/><\/a><figcaption class=\"wp-element-caption\">Ein riesiges und v\u00f6llig \u00fcberlaufenes Pokemon-Center gibt es da auch.<\/figcaption><\/figure>\n\n\n\n<figure class=\"wp-block-image size-large\"><a href=\"https:\/\/www.markusreisen.de\/japan\/wp-content\/uploads\/sites\/5\/2023\/08\/PXL_20230806_061032616-scaled.jpg\"><img loading=\"lazy\" decoding=\"async\" width=\"1024\" height=\"771\" src=\"http:\/\/www.markusreisen.de\/japan\/wp-content\/uploads\/sites\/5\/2023\/08\/PXL_20230806_061032616-1024x771.jpg\" alt=\"\" class=\"wp-image-2461\" srcset=\"https:\/\/www.markusreisen.de\/japan\/wp-content\/uploads\/sites\/5\/2023\/08\/PXL_20230806_061032616-1024x771.jpg 1024w, https:\/\/www.markusreisen.de\/japan\/wp-content\/uploads\/sites\/5\/2023\/08\/PXL_20230806_061032616-300x226.jpg 300w, https:\/\/www.markusreisen.de\/japan\/wp-content\/uploads\/sites\/5\/2023\/08\/PXL_20230806_061032616-768x578.jpg 768w, https:\/\/www.markusreisen.de\/japan\/wp-content\/uploads\/sites\/5\/2023\/08\/PXL_20230806_061032616-1536x1157.jpg 1536w, https:\/\/www.markusreisen.de\/japan\/wp-content\/uploads\/sites\/5\/2023\/08\/PXL_20230806_061032616-2048x1542.jpg 2048w, https:\/\/www.markusreisen.de\/japan\/wp-content\/uploads\/sites\/5\/2023\/08\/PXL_20230806_061032616-1200x904.jpg 1200w\" sizes=\"auto, (max-width: 709px) 85vw, (max-width: 909px) 67vw, (max-width: 1362px) 62vw, 840px\" \/><\/a><figcaption class=\"wp-element-caption\">Komplett mit allen&#8230;<\/figcaption><\/figure>\n\n\n\n<figure class=\"wp-block-image size-large\"><a href=\"https:\/\/www.markusreisen.de\/japan\/wp-content\/uploads\/sites\/5\/2023\/08\/PXL_20230806_061022533-scaled.jpg\"><img loading=\"lazy\" decoding=\"async\" width=\"1024\" height=\"771\" src=\"http:\/\/www.markusreisen.de\/japan\/wp-content\/uploads\/sites\/5\/2023\/08\/PXL_20230806_061022533-1024x771.jpg\" alt=\"\" class=\"wp-image-2460\" srcset=\"https:\/\/www.markusreisen.de\/japan\/wp-content\/uploads\/sites\/5\/2023\/08\/PXL_20230806_061022533-1024x771.jpg 1024w, https:\/\/www.markusreisen.de\/japan\/wp-content\/uploads\/sites\/5\/2023\/08\/PXL_20230806_061022533-300x226.jpg 300w, https:\/\/www.markusreisen.de\/japan\/wp-content\/uploads\/sites\/5\/2023\/08\/PXL_20230806_061022533-768x578.jpg 768w, https:\/\/www.markusreisen.de\/japan\/wp-content\/uploads\/sites\/5\/2023\/08\/PXL_20230806_061022533-1536x1157.jpg 1536w, https:\/\/www.markusreisen.de\/japan\/wp-content\/uploads\/sites\/5\/2023\/08\/PXL_20230806_061022533-2048x1542.jpg 2048w, https:\/\/www.markusreisen.de\/japan\/wp-content\/uploads\/sites\/5\/2023\/08\/PXL_20230806_061022533-1200x904.jpg 1200w\" sizes=\"auto, (max-width: 709px) 85vw, (max-width: 909px) 67vw, (max-width: 1362px) 62vw, 840px\" \/><\/a><figcaption class=\"wp-element-caption\">&#8230;Monstern.<\/figcaption><\/figure>\n\n\n\n<p>Aber nach einer Weile konnten wir dann doch hochfahren. Der Skytree ist auch von den Plattformen auf 350 und 450 Metern H\u00f6he beeindruckend.<\/p>\n\n\n\n<figure class=\"wp-block-image size-large\"><a href=\"https:\/\/www.markusreisen.de\/japan\/wp-content\/uploads\/sites\/5\/2023\/08\/DSC00048-scaled.jpg\"><img loading=\"lazy\" decoding=\"async\" width=\"1024\" height=\"683\" src=\"http:\/\/www.markusreisen.de\/japan\/wp-content\/uploads\/sites\/5\/2023\/08\/DSC00048-1024x683.jpg\" alt=\"\" class=\"wp-image-2449\" srcset=\"https:\/\/www.markusreisen.de\/japan\/wp-content\/uploads\/sites\/5\/2023\/08\/DSC00048-1024x683.jpg 1024w, https:\/\/www.markusreisen.de\/japan\/wp-content\/uploads\/sites\/5\/2023\/08\/DSC00048-300x200.jpg 300w, https:\/\/www.markusreisen.de\/japan\/wp-content\/uploads\/sites\/5\/2023\/08\/DSC00048-768x512.jpg 768w, https:\/\/www.markusreisen.de\/japan\/wp-content\/uploads\/sites\/5\/2023\/08\/DSC00048-1536x1024.jpg 1536w, https:\/\/www.markusreisen.de\/japan\/wp-content\/uploads\/sites\/5\/2023\/08\/DSC00048-2048x1365.jpg 2048w, https:\/\/www.markusreisen.de\/japan\/wp-content\/uploads\/sites\/5\/2023\/08\/DSC00048-1200x800.jpg 1200w\" sizes=\"auto, (max-width: 709px) 85vw, (max-width: 909px) 67vw, (max-width: 1362px) 62vw, 840px\" \/><\/a><figcaption class=\"wp-element-caption\">Denn trotz der luftigen H\u00f6he&#8230;<\/figcaption><\/figure>\n\n\n\n<figure class=\"wp-block-image size-large\"><a href=\"https:\/\/www.markusreisen.de\/japan\/wp-content\/uploads\/sites\/5\/2023\/08\/DSC00061-scaled.jpg\"><img loading=\"lazy\" decoding=\"async\" width=\"1024\" height=\"683\" src=\"http:\/\/www.markusreisen.de\/japan\/wp-content\/uploads\/sites\/5\/2023\/08\/DSC00061-1024x683.jpg\" alt=\"\" class=\"wp-image-2452\" srcset=\"https:\/\/www.markusreisen.de\/japan\/wp-content\/uploads\/sites\/5\/2023\/08\/DSC00061-1024x683.jpg 1024w, https:\/\/www.markusreisen.de\/japan\/wp-content\/uploads\/sites\/5\/2023\/08\/DSC00061-300x200.jpg 300w, https:\/\/www.markusreisen.de\/japan\/wp-content\/uploads\/sites\/5\/2023\/08\/DSC00061-768x512.jpg 768w, https:\/\/www.markusreisen.de\/japan\/wp-content\/uploads\/sites\/5\/2023\/08\/DSC00061-1536x1024.jpg 1536w, https:\/\/www.markusreisen.de\/japan\/wp-content\/uploads\/sites\/5\/2023\/08\/DSC00061-2048x1365.jpg 2048w, https:\/\/www.markusreisen.de\/japan\/wp-content\/uploads\/sites\/5\/2023\/08\/DSC00061-1200x800.jpg 1200w\" sizes=\"auto, (max-width: 709px) 85vw, (max-width: 909px) 67vw, (max-width: 1362px) 62vw, 840px\" \/><\/a><figcaption class=\"wp-element-caption\">&#8230;sieht man nur Gro\u00dfstadt&#8230;<\/figcaption><\/figure>\n\n\n\n<figure class=\"wp-block-image size-large\"><a href=\"https:\/\/www.markusreisen.de\/japan\/wp-content\/uploads\/sites\/5\/2023\/08\/DSC00062-scaled.jpg\"><img loading=\"lazy\" decoding=\"async\" width=\"1024\" height=\"683\" src=\"http:\/\/www.markusreisen.de\/japan\/wp-content\/uploads\/sites\/5\/2023\/08\/DSC00062-1024x683.jpg\" alt=\"\" class=\"wp-image-2454\" srcset=\"https:\/\/www.markusreisen.de\/japan\/wp-content\/uploads\/sites\/5\/2023\/08\/DSC00062-1024x683.jpg 1024w, https:\/\/www.markusreisen.de\/japan\/wp-content\/uploads\/sites\/5\/2023\/08\/DSC00062-300x200.jpg 300w, https:\/\/www.markusreisen.de\/japan\/wp-content\/uploads\/sites\/5\/2023\/08\/DSC00062-768x512.jpg 768w, https:\/\/www.markusreisen.de\/japan\/wp-content\/uploads\/sites\/5\/2023\/08\/DSC00062-1536x1024.jpg 1536w, https:\/\/www.markusreisen.de\/japan\/wp-content\/uploads\/sites\/5\/2023\/08\/DSC00062-2048x1365.jpg 2048w, https:\/\/www.markusreisen.de\/japan\/wp-content\/uploads\/sites\/5\/2023\/08\/DSC00062-1200x800.jpg 1200w\" sizes=\"auto, (max-width: 709px) 85vw, (max-width: 909px) 67vw, (max-width: 1362px) 62vw, 840px\" \/><\/a><figcaption class=\"wp-element-caption\">&#8230;soweit das Auge reicht&#8230;<\/figcaption><\/figure>\n\n\n\n<figure class=\"wp-block-image size-large\"><a href=\"https:\/\/www.markusreisen.de\/japan\/wp-content\/uploads\/sites\/5\/2023\/08\/DSC00055-scaled.jpg\"><img loading=\"lazy\" decoding=\"async\" width=\"1024\" height=\"683\" src=\"http:\/\/www.markusreisen.de\/japan\/wp-content\/uploads\/sites\/5\/2023\/08\/DSC00055-1024x683.jpg\" alt=\"\" class=\"wp-image-2450\" srcset=\"https:\/\/www.markusreisen.de\/japan\/wp-content\/uploads\/sites\/5\/2023\/08\/DSC00055-1024x683.jpg 1024w, https:\/\/www.markusreisen.de\/japan\/wp-content\/uploads\/sites\/5\/2023\/08\/DSC00055-300x200.jpg 300w, https:\/\/www.markusreisen.de\/japan\/wp-content\/uploads\/sites\/5\/2023\/08\/DSC00055-768x512.jpg 768w, https:\/\/www.markusreisen.de\/japan\/wp-content\/uploads\/sites\/5\/2023\/08\/DSC00055-1536x1024.jpg 1536w, https:\/\/www.markusreisen.de\/japan\/wp-content\/uploads\/sites\/5\/2023\/08\/DSC00055-2048x1365.jpg 2048w, https:\/\/www.markusreisen.de\/japan\/wp-content\/uploads\/sites\/5\/2023\/08\/DSC00055-1200x800.jpg 1200w\" sizes=\"auto, (max-width: 709px) 85vw, (max-width: 909px) 67vw, (max-width: 1362px) 62vw, 840px\" \/><\/a><figcaption class=\"wp-element-caption\">&#8230;oder die Bucht von Tokio.<\/figcaption><\/figure>\n\n\n\n<figure class=\"wp-block-image size-large\"><a href=\"https:\/\/www.markusreisen.de\/japan\/wp-content\/uploads\/sites\/5\/2023\/08\/DSC00057-scaled.jpg\"><img loading=\"lazy\" decoding=\"async\" width=\"1024\" height=\"683\" src=\"http:\/\/www.markusreisen.de\/japan\/wp-content\/uploads\/sites\/5\/2023\/08\/DSC00057-1024x683.jpg\" alt=\"\" class=\"wp-image-2451\" srcset=\"https:\/\/www.markusreisen.de\/japan\/wp-content\/uploads\/sites\/5\/2023\/08\/DSC00057-1024x683.jpg 1024w, https:\/\/www.markusreisen.de\/japan\/wp-content\/uploads\/sites\/5\/2023\/08\/DSC00057-300x200.jpg 300w, https:\/\/www.markusreisen.de\/japan\/wp-content\/uploads\/sites\/5\/2023\/08\/DSC00057-768x512.jpg 768w, https:\/\/www.markusreisen.de\/japan\/wp-content\/uploads\/sites\/5\/2023\/08\/DSC00057-1536x1024.jpg 1536w, https:\/\/www.markusreisen.de\/japan\/wp-content\/uploads\/sites\/5\/2023\/08\/DSC00057-2048x1365.jpg 2048w, https:\/\/www.markusreisen.de\/japan\/wp-content\/uploads\/sites\/5\/2023\/08\/DSC00057-1200x800.jpg 1200w\" sizes=\"auto, (max-width: 709px) 85vw, (max-width: 909px) 67vw, (max-width: 1362px) 62vw, 840px\" \/><\/a><figcaption class=\"wp-element-caption\">Hier die nahe gelegene Asahi Beer Hall mit dem mysteri\u00f6sen goldenen Objekt auf dem Dach.<\/figcaption><\/figure>\n\n\n\n<figure class=\"wp-block-image size-large\"><a href=\"https:\/\/www.markusreisen.de\/japan\/wp-content\/uploads\/sites\/5\/2023\/08\/DSC00069-scaled.jpg\"><img loading=\"lazy\" decoding=\"async\" width=\"1024\" height=\"845\" src=\"http:\/\/www.markusreisen.de\/japan\/wp-content\/uploads\/sites\/5\/2023\/08\/DSC00069-1024x845.jpg\" alt=\"\" class=\"wp-image-2455\" srcset=\"https:\/\/www.markusreisen.de\/japan\/wp-content\/uploads\/sites\/5\/2023\/08\/DSC00069-1024x845.jpg 1024w, https:\/\/www.markusreisen.de\/japan\/wp-content\/uploads\/sites\/5\/2023\/08\/DSC00069-300x247.jpg 300w, https:\/\/www.markusreisen.de\/japan\/wp-content\/uploads\/sites\/5\/2023\/08\/DSC00069-768x633.jpg 768w, https:\/\/www.markusreisen.de\/japan\/wp-content\/uploads\/sites\/5\/2023\/08\/DSC00069-1536x1267.jpg 1536w, https:\/\/www.markusreisen.de\/japan\/wp-content\/uploads\/sites\/5\/2023\/08\/DSC00069-2048x1689.jpg 2048w, https:\/\/www.markusreisen.de\/japan\/wp-content\/uploads\/sites\/5\/2023\/08\/DSC00069-1200x990.jpg 1200w\" sizes=\"auto, (max-width: 709px) 85vw, (max-width: 909px) 67vw, (max-width: 1362px) 62vw, 840px\" \/><\/a><figcaption class=\"wp-element-caption\">Es gab auch viele&#8230;<\/figcaption><\/figure>\n\n\n\n<figure class=\"wp-block-image size-large\"><a href=\"https:\/\/www.markusreisen.de\/japan\/wp-content\/uploads\/sites\/5\/2023\/08\/DSC00072-scaled.jpg\"><img loading=\"lazy\" decoding=\"async\" width=\"933\" height=\"1024\" src=\"http:\/\/www.markusreisen.de\/japan\/wp-content\/uploads\/sites\/5\/2023\/08\/DSC00072-933x1024.jpg\" alt=\"\" class=\"wp-image-2456\" srcset=\"https:\/\/www.markusreisen.de\/japan\/wp-content\/uploads\/sites\/5\/2023\/08\/DSC00072-933x1024.jpg 933w, https:\/\/www.markusreisen.de\/japan\/wp-content\/uploads\/sites\/5\/2023\/08\/DSC00072-273x300.jpg 273w, https:\/\/www.markusreisen.de\/japan\/wp-content\/uploads\/sites\/5\/2023\/08\/DSC00072-768x843.jpg 768w, https:\/\/www.markusreisen.de\/japan\/wp-content\/uploads\/sites\/5\/2023\/08\/DSC00072-1399x1536.jpg 1399w, https:\/\/www.markusreisen.de\/japan\/wp-content\/uploads\/sites\/5\/2023\/08\/DSC00072-1865x2048.jpg 1865w, https:\/\/www.markusreisen.de\/japan\/wp-content\/uploads\/sites\/5\/2023\/08\/DSC00072-1200x1318.jpg 1200w\" sizes=\"auto, (max-width: 709px) 85vw, (max-width: 909px) 67vw, (max-width: 1362px) 62vw, 840px\" \/><\/a><figcaption class=\"wp-element-caption\">&#8230;&#8220;Fuji Foto Points&#8220;.<\/figcaption><\/figure>\n\n\n\n<figure class=\"wp-block-image size-large\"><a href=\"https:\/\/www.markusreisen.de\/japan\/wp-content\/uploads\/sites\/5\/2023\/08\/DSC00076-scaled.jpg\"><img loading=\"lazy\" decoding=\"async\" width=\"1024\" height=\"683\" src=\"http:\/\/www.markusreisen.de\/japan\/wp-content\/uploads\/sites\/5\/2023\/08\/DSC00076-1024x683.jpg\" alt=\"\" class=\"wp-image-2457\" srcset=\"https:\/\/www.markusreisen.de\/japan\/wp-content\/uploads\/sites\/5\/2023\/08\/DSC00076-1024x683.jpg 1024w, https:\/\/www.markusreisen.de\/japan\/wp-content\/uploads\/sites\/5\/2023\/08\/DSC00076-300x200.jpg 300w, https:\/\/www.markusreisen.de\/japan\/wp-content\/uploads\/sites\/5\/2023\/08\/DSC00076-768x512.jpg 768w, https:\/\/www.markusreisen.de\/japan\/wp-content\/uploads\/sites\/5\/2023\/08\/DSC00076-1536x1024.jpg 1536w, https:\/\/www.markusreisen.de\/japan\/wp-content\/uploads\/sites\/5\/2023\/08\/DSC00076-2048x1365.jpg 2048w, https:\/\/www.markusreisen.de\/japan\/wp-content\/uploads\/sites\/5\/2023\/08\/DSC00076-1200x800.jpg 1200w\" sizes=\"auto, (max-width: 709px) 85vw, (max-width: 909px) 67vw, (max-width: 1362px) 62vw, 840px\" \/><\/a><figcaption class=\"wp-element-caption\">Gegen Ende unsere Besuchs war schon die Sonne am Untergehen.<\/figcaption><\/figure>\n\n\n\n<figure class=\"wp-block-image size-large\"><a href=\"https:\/\/www.markusreisen.de\/japan\/wp-content\/uploads\/sites\/5\/2023\/08\/PXL_20230806_095715000-scaled.jpg\"><img loading=\"lazy\" decoding=\"async\" width=\"771\" height=\"1024\" src=\"http:\/\/www.markusreisen.de\/japan\/wp-content\/uploads\/sites\/5\/2023\/08\/PXL_20230806_095715000-771x1024.jpg\" alt=\"\" class=\"wp-image-2464\" srcset=\"https:\/\/www.markusreisen.de\/japan\/wp-content\/uploads\/sites\/5\/2023\/08\/PXL_20230806_095715000-771x1024.jpg 771w, https:\/\/www.markusreisen.de\/japan\/wp-content\/uploads\/sites\/5\/2023\/08\/PXL_20230806_095715000-226x300.jpg 226w, https:\/\/www.markusreisen.de\/japan\/wp-content\/uploads\/sites\/5\/2023\/08\/PXL_20230806_095715000-768x1020.jpg 768w, https:\/\/www.markusreisen.de\/japan\/wp-content\/uploads\/sites\/5\/2023\/08\/PXL_20230806_095715000-1157x1536.jpg 1157w, https:\/\/www.markusreisen.de\/japan\/wp-content\/uploads\/sites\/5\/2023\/08\/PXL_20230806_095715000-1542x2048.jpg 1542w, https:\/\/www.markusreisen.de\/japan\/wp-content\/uploads\/sites\/5\/2023\/08\/PXL_20230806_095715000-1200x1594.jpg 1200w, https:\/\/www.markusreisen.de\/japan\/wp-content\/uploads\/sites\/5\/2023\/08\/PXL_20230806_095715000-scaled.jpg 1928w\" sizes=\"auto, (max-width: 709px) 85vw, (max-width: 909px) 67vw, (max-width: 984px) 61vw, (max-width: 1362px) 45vw, 600px\" \/><\/a><figcaption class=\"wp-element-caption\">Und abends ist der Skytree&#8230;<\/figcaption><\/figure>\n\n\n\n<figure class=\"wp-block-image size-large\"><a href=\"https:\/\/www.markusreisen.de\/japan\/wp-content\/uploads\/sites\/5\/2023\/08\/PXL_20230806_095708767-scaled.jpg\"><img loading=\"lazy\" decoding=\"async\" width=\"771\" height=\"1024\" src=\"http:\/\/www.markusreisen.de\/japan\/wp-content\/uploads\/sites\/5\/2023\/08\/PXL_20230806_095708767-771x1024.jpg\" alt=\"\" class=\"wp-image-2463\" srcset=\"https:\/\/www.markusreisen.de\/japan\/wp-content\/uploads\/sites\/5\/2023\/08\/PXL_20230806_095708767-771x1024.jpg 771w, https:\/\/www.markusreisen.de\/japan\/wp-content\/uploads\/sites\/5\/2023\/08\/PXL_20230806_095708767-226x300.jpg 226w, https:\/\/www.markusreisen.de\/japan\/wp-content\/uploads\/sites\/5\/2023\/08\/PXL_20230806_095708767-768x1020.jpg 768w, https:\/\/www.markusreisen.de\/japan\/wp-content\/uploads\/sites\/5\/2023\/08\/PXL_20230806_095708767-1157x1536.jpg 1157w, https:\/\/www.markusreisen.de\/japan\/wp-content\/uploads\/sites\/5\/2023\/08\/PXL_20230806_095708767-1542x2048.jpg 1542w, https:\/\/www.markusreisen.de\/japan\/wp-content\/uploads\/sites\/5\/2023\/08\/PXL_20230806_095708767-1200x1594.jpg 1200w, https:\/\/www.markusreisen.de\/japan\/wp-content\/uploads\/sites\/5\/2023\/08\/PXL_20230806_095708767-scaled.jpg 1928w\" sizes=\"auto, (max-width: 709px) 85vw, (max-width: 909px) 67vw, (max-width: 984px) 61vw, (max-width: 1362px) 45vw, 600px\" \/><\/a><figcaption class=\"wp-element-caption\">&#8230;nat\u00fcrlich bunt beleuchtet.<\/figcaption><\/figure>\n\n\n\n<p>Danach waren wir noch in Ueno in einem Seafood-Izakaya zum Essen und dann zur\u00fcck zum Ferienhaus zum Duschen und Schlafen, nach ca. 40h Wachsein.<\/p>\n","protected":false},"excerpt":{"rendered":"<p>Trotz einiger Widrigkeiten wie ein um 2h versp\u00e4teter Abflug sind wir wohlbehalten in Tokio angekommen und dank eines vorbestellten Kleinbusses auch stressarm zu unsere Ferienwohnung &#8211; eigentlich ein ganzes kleines Haus &#8211; im Nordosten von Tokio gelangt. Es ist einer der hei\u00dfesten Sommer seit langem in Tokio mit Temperaturen \u00fcber 30 Grad und hoher Luftfeuchtigkeit. &hellip; <a href=\"https:\/\/www.markusreisen.de\/japan\/japanreise-2023\/06-08-2023-ankunft-und-tokio-skytree\/\" class=\"more-link\"><span class=\"screen-reader-text\">\u201e06.08. 2023: Ankunft und Tokio Skytree\u201c <\/span>weiterlesen<\/a><\/p>\n","protected":false},"author":1,"featured_media":0,"comment_status":"open","ping_status":"open","sticky":false,"template":"","format":"standard","meta":{"footnotes":""},"categories":[11],"tags":[],"class_list":["post-2453","post","type-post","status-publish","format-standard","hentry","category-japanreise-2023"],"_links":{"self":[{"href":"https:\/\/www.markusreisen.de\/japan\/wp-json\/wp\/v2\/posts\/2453","targetHints":{"allow":["GET"]}}],"collection":[{"href":"https:\/\/www.markusreisen.de\/japan\/wp-json\/wp\/v2\/posts"}],"about":[{"href":"https:\/\/www.markusreisen.de\/japan\/wp-json\/wp\/v2\/types\/post"}],"author":[{"embeddable":true,"href":"https:\/\/www.markusreisen.de\/japan\/wp-json\/wp\/v2\/users\/1"}],"replies":[{"embeddable":true,"href":"https:\/\/www.markusreisen.de\/japan\/wp-json\/wp\/v2\/comments?post=2453"}],"version-history":[{"count":3,"href":"https:\/\/www.markusreisen.de\/japan\/wp-json\/wp\/v2\/posts\/2453\/revisions"}],"predecessor-version":[{"id":2468,"href":"https:\/\/www.markusreisen.de\/japan\/wp-json\/wp\/v2\/posts\/2453\/revisions\/2468"}],"wp:attachment":[{"href":"https:\/\/www.markusreisen.de\/japan\/wp-json\/wp\/v2\/media?parent=2453"}],"wp:term":[{"taxonomy":"category","embeddable":true,"href":"https:\/\/www.markusreisen.de\/japan\/wp-json\/wp\/v2\/categories?post=2453"},{"taxonomy":"post_tag","embeddable":true,"href":"https:\/\/www.markusreisen.de\/japan\/wp-json\/wp\/v2\/tags?post=2453"}],"curies":[{"name":"wp","href":"https:\/\/api.w.org\/{rel}","templated":true}]}}