{"id":2425,"date":"2023-07-18T16:38:15","date_gmt":"2023-07-18T14:38:15","guid":{"rendered":"https:\/\/www.markusreisen.de\/japan\/?p=2425"},"modified":"2023-07-18T16:38:17","modified_gmt":"2023-07-18T14:38:17","slug":"sommer-in-japan-6-26-8-2023","status":"publish","type":"post","link":"https:\/\/www.markusreisen.de\/japan\/japanreise-2023\/sommer-in-japan-6-26-8-2023\/","title":{"rendered":"Sommer in Japan, 6.-26.8.2023"},"content":{"rendered":"\n<p>Vom 6. bis 26. August geht es wieder nach Japan! Diesmal nicht solo, sondern zu sechst: die Freunde Christian, Gertrud sind dabei und auch meine Schwester Dorothea und mein Schwager Hans-Martin. Eigentlich war die Reise mal f\u00fcr den Fr\u00fchling 2020 geplant, aber man wei\u00df ja, was daraus geworden ist. Nun machen wir sie im Sommer, weil wir dann auch mit Lehrern (Gertrud und Christian) drei Wochen lang fahren k\u00f6nnen.<\/p>\n\n\n\n<p>Es wird weitgehend eine klassische &#8222;zum ersten Mal in Japan&#8220; Reise, da vier von uns noch nie da waren; Tini und in geringerem Ma\u00dfe ich spielen quasi Reiseleitung. Ich freue mich darauf, sch\u00f6ne Ort wiederzusehen und mit neuer Fotoausr\u00fcstung einzufangen. Und es gibt immer auch was Neues zu erleben.<\/p>\n\n\n\n<figure class=\"wp-block-image size-large\"><a href=\"https:\/\/www.markusreisen.de\/japan\/wp-content\/uploads\/sites\/5\/2023\/07\/StepMap-Karte-Japan-2023-scaled.jpg\"><img loading=\"lazy\" decoding=\"async\" width=\"1024\" height=\"574\" src=\"https:\/\/www.markusreisen.de\/japan\/wp-content\/uploads\/sites\/5\/2023\/07\/StepMap-Karte-Japan-2023-1024x574.jpg\" alt=\"\" class=\"wp-image-2431\" srcset=\"https:\/\/www.markusreisen.de\/japan\/wp-content\/uploads\/sites\/5\/2023\/07\/StepMap-Karte-Japan-2023-1024x574.jpg 1024w, https:\/\/www.markusreisen.de\/japan\/wp-content\/uploads\/sites\/5\/2023\/07\/StepMap-Karte-Japan-2023-300x168.jpg 300w, https:\/\/www.markusreisen.de\/japan\/wp-content\/uploads\/sites\/5\/2023\/07\/StepMap-Karte-Japan-2023-768x431.jpg 768w, https:\/\/www.markusreisen.de\/japan\/wp-content\/uploads\/sites\/5\/2023\/07\/StepMap-Karte-Japan-2023-1536x861.jpg 1536w, https:\/\/www.markusreisen.de\/japan\/wp-content\/uploads\/sites\/5\/2023\/07\/StepMap-Karte-Japan-2023-2048x1148.jpg 2048w, https:\/\/www.markusreisen.de\/japan\/wp-content\/uploads\/sites\/5\/2023\/07\/StepMap-Karte-Japan-2023-1200x673.jpg 1200w\" sizes=\"auto, (max-width: 709px) 85vw, (max-width: 909px) 67vw, (max-width: 1362px) 62vw, 840px\" \/><\/a><figcaption class=\"wp-element-caption\">Hier ein \u00dcberblick, wo es hingehen soll. Beginn und Ende der Reise wie \u00fcblich in Tokio. Wir bleiben diesmal auf der Hauptinsel Honshu.<\/figcaption><\/figure>\n\n\n\n<p>Und hier habe ich eine interaktive Google MyMaps Karte mit den Reisezielen erstellt. <\/p>\n\n\n<p><iframe loading=\"lazy\" src=\"https:\/\/www.google.com\/maps\/d\/embed?mid=15c8WF7pGQ4-9nVBcF0G8sfqbZVlE90g&amp;hl=de&amp;ehbc=2E312F\" width=\"640\" height=\"480\"><\/iframe><\/p>","protected":false},"excerpt":{"rendered":"<p>Vom 6. bis 26. August geht es wieder nach Japan! Diesmal nicht solo, sondern zu sechst: die Freunde Christian, Gertrud sind dabei und auch meine Schwester Dorothea und mein Schwager Hans-Martin. Eigentlich war die Reise mal f\u00fcr den Fr\u00fchling 2020 geplant, aber man wei\u00df ja, was daraus geworden ist. Nun machen wir sie im Sommer, &hellip; <a href=\"https:\/\/www.markusreisen.de\/japan\/japanreise-2023\/sommer-in-japan-6-26-8-2023\/\" class=\"more-link\"><span class=\"screen-reader-text\">\u201eSommer in Japan, 6.-26.8.2023\u201c <\/span>weiterlesen<\/a><\/p>\n","protected":false},"author":1,"featured_media":0,"comment_status":"open","ping_status":"open","sticky":false,"template":"","format":"standard","meta":{"footnotes":""},"categories":[11],"tags":[],"class_list":["post-2425","post","type-post","status-publish","format-standard","hentry","category-japanreise-2023"],"_links":{"self":[{"href":"https:\/\/www.markusreisen.de\/japan\/wp-json\/wp\/v2\/posts\/2425","targetHints":{"allow":["GET"]}}],"collection":[{"href":"https:\/\/www.markusreisen.de\/japan\/wp-json\/wp\/v2\/posts"}],"about":[{"href":"https:\/\/www.markusreisen.de\/japan\/wp-json\/wp\/v2\/types\/post"}],"author":[{"embeddable":true,"href":"https:\/\/www.markusreisen.de\/japan\/wp-json\/wp\/v2\/users\/1"}],"replies":[{"embeddable":true,"href":"https:\/\/www.markusreisen.de\/japan\/wp-json\/wp\/v2\/comments?post=2425"}],"version-history":[{"count":8,"href":"https:\/\/www.markusreisen.de\/japan\/wp-json\/wp\/v2\/posts\/2425\/revisions"}],"predecessor-version":[{"id":2438,"href":"https:\/\/www.markusreisen.de\/japan\/wp-json\/wp\/v2\/posts\/2425\/revisions\/2438"}],"wp:attachment":[{"href":"https:\/\/www.markusreisen.de\/japan\/wp-json\/wp\/v2\/media?parent=2425"}],"wp:term":[{"taxonomy":"category","embeddable":true,"href":"https:\/\/www.markusreisen.de\/japan\/wp-json\/wp\/v2\/categories?post=2425"},{"taxonomy":"post_tag","embeddable":true,"href":"https:\/\/www.markusreisen.de\/japan\/wp-json\/wp\/v2\/tags?post=2425"}],"curies":[{"name":"wp","href":"https:\/\/api.w.org\/{rel}","templated":true}]}}