{"id":9,"date":"2014-12-27T13:42:16","date_gmt":"2014-12-27T13:42:16","guid":{"rendered":"http:\/\/markusflorida.wordpress.com\/?p=9"},"modified":"2014-12-27T13:42:16","modified_gmt":"2014-12-27T13:42:16","slug":"dem-winter-entfliehen","status":"publish","type":"post","link":"https:\/\/www.markusreisen.de\/florida\/2014\/12\/27\/dem-winter-entfliehen\/","title":{"rendered":"Dem Winter entfliehen"},"content":{"rendered":"<p>Nachdem das Wetter in M\u00fcnchen sich daran erinnert hat, dass es eigentlich Winter ist, werde ich vom 29.12.2014 bis 16.01.2015 ins hoffentlich sonnige, sicherlich aber w\u00e4rmere, Florida entfliehen.<\/p>\n<p>Es gilt also dem hier zu entkommen:<\/p>\n<p><a href=\"https:\/\/www.markusreisen.de\/florida\/wp-content\/uploads\/sites\/3\/2014\/12\/p1000002_d.jpg\"><img loading=\"lazy\" decoding=\"async\" class=\"alignnone size-large wp-image-10\" src=\"https:\/\/www.markusreisen.de\/florida\/wp-content\/uploads\/sites\/3\/2014\/12\/p1000002_d.jpg?w=625\" alt=\"P1000002_d\" width=\"625\" height=\"469\" srcset=\"https:\/\/www.markusreisen.de\/florida\/wp-content\/uploads\/sites\/3\/2014\/12\/p1000002_d.jpg 4608w, https:\/\/www.markusreisen.de\/florida\/wp-content\/uploads\/sites\/3\/2014\/12\/p1000002_d-300x225.jpg 300w, https:\/\/www.markusreisen.de\/florida\/wp-content\/uploads\/sites\/3\/2014\/12\/p1000002_d-768x576.jpg 768w, https:\/\/www.markusreisen.de\/florida\/wp-content\/uploads\/sites\/3\/2014\/12\/p1000002_d-1024x768.jpg 1024w, https:\/\/www.markusreisen.de\/florida\/wp-content\/uploads\/sites\/3\/2014\/12\/p1000002_d-1200x900.jpg 1200w\" sizes=\"auto, (max-width: 709px) 85vw, (max-width: 909px) 67vw, (max-width: 984px) 61vw, (max-width: 1362px) 45vw, 600px\" \/><\/a><\/p>\n<p>und statt dessen hierhin zu fahren:<\/p>\n<p><a href=\"https:\/\/www.markusreisen.de\/florida\/wp-content\/uploads\/sites\/3\/2014\/12\/everglades-national-park.jpg\"><img loading=\"lazy\" decoding=\"async\" class=\"alignnone size-large wp-image-11\" src=\"https:\/\/www.markusreisen.de\/florida\/wp-content\/uploads\/sites\/3\/2014\/12\/everglades-national-park.jpg?w=625\" alt=\"Everglades\" width=\"625\" height=\"418\" srcset=\"https:\/\/www.markusreisen.de\/florida\/wp-content\/uploads\/sites\/3\/2014\/12\/everglades-national-park.jpg 1280w, https:\/\/www.markusreisen.de\/florida\/wp-content\/uploads\/sites\/3\/2014\/12\/everglades-national-park-300x201.jpg 300w, https:\/\/www.markusreisen.de\/florida\/wp-content\/uploads\/sites\/3\/2014\/12\/everglades-national-park-768x514.jpg 768w, https:\/\/www.markusreisen.de\/florida\/wp-content\/uploads\/sites\/3\/2014\/12\/everglades-national-park-1024x686.jpg 1024w, https:\/\/www.markusreisen.de\/florida\/wp-content\/uploads\/sites\/3\/2014\/12\/everglades-national-park-1200x803.jpg 1200w\" sizes=\"auto, (max-width: 709px) 85vw, (max-width: 909px) 67vw, (max-width: 984px) 61vw, (max-width: 1362px) 45vw, 600px\" \/><\/a><\/p>\n<p>Das sind die Everglades, der wichtigste Nationalpark in Florida. Leider noch kein selbstgeschossenes Foto wie das winterliche oben. Ich war zwar schon in Florida, aber so richtig s\u00fcdlich von Orlando, also in die Everglades, auf die Keys, nach Miami, habe ich es noch nicht geschafft.<\/p>\n<p>Mein Fotoequipment habe ich auch nochmal aufgemotzt, ich fahre mit einer Kompakt- und einer Bridgekamera sowie Stativ und Laptop zur Bildbearbeitung in den Urlaub. Mal sehen, wie ich damit klar komme.<\/p>\n<p>Die Reiseroute k\u00f6nnte Ihr der gleichnamigen Seite auf diesem Blog entnehmen &#8211; alle Angaben wie immer ohne Gew\u00e4hr, je nach Lust, Laune und Wetter werde ich die Route auch noch ab\u00e4ndern.<\/p>\n<p>OK, am Montag geht es los!<\/p>\n","protected":false},"excerpt":{"rendered":"<p>Nachdem das Wetter in M\u00fcnchen sich daran erinnert hat, dass es eigentlich Winter ist, werde ich vom 29.12.2014 bis 16.01.2015 ins hoffentlich sonnige, sicherlich aber w\u00e4rmere, Florida entfliehen. Es gilt also dem hier zu entkommen: und statt dessen hierhin zu fahren: Das sind die Everglades, der wichtigste Nationalpark in Florida. Leider noch kein selbstgeschossenes Foto &hellip; <a href=\"https:\/\/www.markusreisen.de\/florida\/2014\/12\/27\/dem-winter-entfliehen\/\" class=\"more-link\"><span class=\"screen-reader-text\">\u201eDem Winter entfliehen\u201c <\/span>weiterlesen<\/a><\/p>\n","protected":false},"author":1,"featured_media":0,"comment_status":"open","ping_status":"open","sticky":false,"template":"","format":"standard","meta":{"footnotes":""},"categories":[2],"tags":[],"class_list":["post-9","post","type-post","status-publish","format-standard","hentry","category-uncategorized"],"_links":{"self":[{"href":"https:\/\/www.markusreisen.de\/florida\/wp-json\/wp\/v2\/posts\/9","targetHints":{"allow":["GET"]}}],"collection":[{"href":"https:\/\/www.markusreisen.de\/florida\/wp-json\/wp\/v2\/posts"}],"about":[{"href":"https:\/\/www.markusreisen.de\/florida\/wp-json\/wp\/v2\/types\/post"}],"author":[{"embeddable":true,"href":"https:\/\/www.markusreisen.de\/florida\/wp-json\/wp\/v2\/users\/1"}],"replies":[{"embeddable":true,"href":"https:\/\/www.markusreisen.de\/florida\/wp-json\/wp\/v2\/comments?post=9"}],"version-history":[{"count":0,"href":"https:\/\/www.markusreisen.de\/florida\/wp-json\/wp\/v2\/posts\/9\/revisions"}],"wp:attachment":[{"href":"https:\/\/www.markusreisen.de\/florida\/wp-json\/wp\/v2\/media?parent=9"}],"wp:term":[{"taxonomy":"category","embeddable":true,"href":"https:\/\/www.markusreisen.de\/florida\/wp-json\/wp\/v2\/categories?post=9"},{"taxonomy":"post_tag","embeddable":true,"href":"https:\/\/www.markusreisen.de\/florida\/wp-json\/wp\/v2\/tags?post=9"}],"curies":[{"name":"wp","href":"https:\/\/api.w.org\/{rel}","templated":true}]}}